{"id":214476,"date":"2026-09-03T18:44:11","date_gmt":"2026-09-03T18:44:11","guid":{"rendered":"https:\/\/www.europesays.com\/si\/214476\/"},"modified":"2026-09-03T18:44:11","modified_gmt":"2026-09-03T18:44:11","slug":"celje-nova-sezona-slg-celje-v-znaku-klasike","status":"publish","type":"post","link":"https:\/\/www.europesays.com\/si\/214476\/","title":{"rendered":"CELJE Nova sezona SLG Celje v znaku klasike"},"content":{"rendered":"<p>&#13;<br \/>\n        &#13;<br \/>\n&#13;<br \/>\n        &#13;<br \/>\n&#13;<\/p>\n<p>V Slovenskem ljudskem gledali\u0161\u010du Celje so danes predstavili vsebinske poudarke nove sezone. Ta bo posve\u010dena klasiki, predvideva pa \u0161est novih uprizoritev, ki bodo klasiko<\/p>\n<p><img fetchpriority=\"high\" decoding=\"async\" class=\"wp-image-205487 alignleft\" src=\"https:\/\/www.europesays.com\/si\/wp-content\/uploads\/2026\/09\/SLG-press-2026-2027-600x450.jpg\" alt=\"\" width=\"351\" height=\"263\"  \/>obdelale z razli\u010dnih zornih kotov.<\/p>\n<p>Kaj je tisto, zaradi \u010desar neko delo prestane preizkus \u010dasa? Kaj nam klasika lahko pove o sedanjosti \u2013 in kaj bo klasika jutri? Na ta vpra\u0161anja bodo sku\u0161ali odgovoriti skozi pripravljen repertoar klasike za prave ljubitelje gledali\u0161\u010da.<\/p>\n<p>Sezono bodo za\u010deli 25. septembra, ko bodo na Malem odru uprizorili prvo slovensko premiero znamenitega romana Georgea Orwella 1984. Pet dni kasneje ji bo sledila \u0161e otro\u0161ka predstava z naslovom In kaj ima s tem Tom Sawyer?, ki so jo priredili po klasiki Marka Twaina.<\/p>\n<p>Vpis abonmajev je stekel ta mesec in bo trajal do 18. septembra.<\/p>\n<p>Na sliki: predstavitev sezone 2026\/27 v SLG Celje.<\/p>\n<p>RSP, foto SLG Celje<\/p>\n<p>        &#13;<br \/>\n&#13;<br \/>\n&#13;<br \/>\n        &#13;<br \/>\n                        &#13;<br \/>\n            &#13;<br \/>\n&#13;<br \/>\n                                    \t                &#13;<br \/>\n&#13;<\/p>\n","protected":false},"excerpt":{"rendered":"&#13; &#13; &#13; &#13; &#13; V Slovenskem ljudskem gledali\u0161\u010du Celje so danes predstavili vsebinske poudarke nove sezone. Ta&hellip;\n","protected":false},"author":2,"featured_media":214477,"comment_status":"","ping_status":"","sticky":false,"template":"","format":"standard","meta":{"footnotes":"","_share_on_mastodon":"0"},"categories":[23],"tags":[27610,162,52398,52399,37465,52400,62,968,37,58,60,38],"class_list":["post-214476","post","type-post","status-publish","format-standard","has-post-thumbnail","category-celje","tag-abonma","tag-celje","tag-george-orwell","tag-mark-twain","tag-sezona-2026-2027","tag-sezona-klasike","tag-si","tag-slg-celje","tag-slovene","tag-slovenia","tag-slovenija","tag-slovenscina"],"share_on_mastodon":{"url":"https:\/\/pubeurope.com\/@si\/117208591058823391","error":""},"_links":{"self":[{"href":"https:\/\/www.europesays.com\/si\/wp-json\/wp\/v2\/posts\/214476","targetHints":{"allow":["GET"]}}],"collection":[{"href":"https:\/\/www.europesays.com\/si\/wp-json\/wp\/v2\/posts"}],"about":[{"href":"https:\/\/www.europesays.com\/si\/wp-json\/wp\/v2\/types\/post"}],"author":[{"embeddable":true,"href":"https:\/\/www.europesays.com\/si\/wp-json\/wp\/v2\/users\/2"}],"replies":[{"embeddable":true,"href":"https:\/\/www.europesays.com\/si\/wp-json\/wp\/v2\/comments?post=214476"}],"version-history":[{"count":0,"href":"https:\/\/www.europesays.com\/si\/wp-json\/wp\/v2\/posts\/214476\/revisions"}],"wp:featuredmedia":[{"embeddable":true,"href":"https:\/\/www.europesays.com\/si\/wp-json\/wp\/v2\/media\/214477"}],"wp:attachment":[{"href":"https:\/\/www.europesays.com\/si\/wp-json\/wp\/v2\/media?parent=214476"}],"wp:term":[{"taxonomy":"category","embeddable":true,"href":"https:\/\/www.europesays.com\/si\/wp-json\/wp\/v2\/categories?post=214476"},{"taxonomy":"post_tag","embeddable":true,"href":"https:\/\/www.europesays.com\/si\/wp-json\/wp\/v2\/tags?post=214476"}],"curies":[{"name":"wp","href":"https:\/\/api.w.org\/{rel}","templated":true}]}}