{"id":214490,"date":"2026-09-03T18:54:13","date_gmt":"2026-09-03T18:54:13","guid":{"rendered":"https:\/\/www.europesays.com\/si\/214490\/"},"modified":"2026-09-03T18:54:13","modified_gmt":"2026-09-03T18:54:13","slug":"50-letni-sin-johna-lennona-je-naznanil-rojstvo-prvega-otroka-in-razkril-sinovo-ime","status":"publish","type":"post","link":"https:\/\/www.europesays.com\/si\/214490\/","title":{"rendered":"50-letni sin Johna Lennona je naznanil rojstvo prvega otroka in razkril sinovo ime"},"content":{"rendered":"<p>Sean Ono Lennon, 50-letni sin Johna Lennona in Yoko Ono, je s partnerico Charlotte Kemp Muhl (39) oznanil rojstvo prvega otroka.<\/p>\n<p>Na Instagramu sta razkrila, da se jima je rodil sin z imenom Aurelius. Sean je napisal: \u00bbCharlotte in jaz bi rada nananila, da sva ustvarila \u00b4\u010dlove\u0161kega fi\u017eola\u00b4! Ime mu je Aurelius! Hvala!\u00ab Delila sta tudi fotografije z dojen\u010dkom.<\/p>\n<p>Ime Aurelius izhaja iz latinske besede za zlato in spominja na rimskega cesarja Marka Avrelija. Par se je spoznal na festivalu Coachella leta 2005 in skupaj ustvarja glasbo.<\/p>\n<p>C.R.<\/p>\n","protected":false},"excerpt":{"rendered":"Sean Ono Lennon, 50-letni sin Johna Lennona in Yoko Ono, je s partnerico Charlotte Kemp Muhl (39) oznanil&hellip;\n","protected":false},"author":2,"featured_media":214491,"comment_status":"","ping_status":"","sticky":false,"template":"","format":"standard","meta":{"footnotes":"","_share_on_mastodon":"0"},"categories":[18],"tags":[52402,114,6704,52403,62,37,58,60,38,115,4304],"class_list":["post-214490","post","type-post","status-publish","format-standard","has-post-thumbnail","category-zabava","tag-charlotte-kemp-muhl","tag-entertainment","tag-john-lennon","tag-sean-ono-lennon","tag-si","tag-slovene","tag-slovenia","tag-slovenija","tag-slovenscina","tag-zabava","tag-zanimivosti"],"share_on_mastodon":{"url":"https:\/\/pubeurope.com\/@si\/117208630462449613","error":""},"_links":{"self":[{"href":"https:\/\/www.europesays.com\/si\/wp-json\/wp\/v2\/posts\/214490","targetHints":{"allow":["GET"]}}],"collection":[{"href":"https:\/\/www.europesays.com\/si\/wp-json\/wp\/v2\/posts"}],"about":[{"href":"https:\/\/www.europesays.com\/si\/wp-json\/wp\/v2\/types\/post"}],"author":[{"embeddable":true,"href":"https:\/\/www.europesays.com\/si\/wp-json\/wp\/v2\/users\/2"}],"replies":[{"embeddable":true,"href":"https:\/\/www.europesays.com\/si\/wp-json\/wp\/v2\/comments?post=214490"}],"version-history":[{"count":0,"href":"https:\/\/www.europesays.com\/si\/wp-json\/wp\/v2\/posts\/214490\/revisions"}],"wp:featuredmedia":[{"embeddable":true,"href":"https:\/\/www.europesays.com\/si\/wp-json\/wp\/v2\/media\/214491"}],"wp:attachment":[{"href":"https:\/\/www.europesays.com\/si\/wp-json\/wp\/v2\/media?parent=214490"}],"wp:term":[{"taxonomy":"category","embeddable":true,"href":"https:\/\/www.europesays.com\/si\/wp-json\/wp\/v2\/categories?post=214490"},{"taxonomy":"post_tag","embeddable":true,"href":"https:\/\/www.europesays.com\/si\/wp-json\/wp\/v2\/tags?post=214490"}],"curies":[{"name":"wp","href":"https:\/\/api.w.org\/{rel}","templated":true}]}}