{"id":214494,"date":"2026-09-03T18:58:16","date_gmt":"2026-09-03T18:58:16","guid":{"rendered":"https:\/\/www.europesays.com\/si\/214494\/"},"modified":"2026-09-03T18:58:16","modified_gmt":"2026-09-03T18:58:16","slug":"srbsko-vladno-letalo-v-beograd-prepeljalo-mladiceve-posmrtne-ostanke","status":"publish","type":"post","link":"https:\/\/www.europesays.com\/si\/214494\/","title":{"rendered":"Srbsko vladno letalo v Beograd prepeljalo Mladi\u0107eve posmrtne ostanke"},"content":{"rendered":"<p>\t\t\t\t\t\t\t\t<a href=\"https:\/\/www.europesays.com\/si\/wp-content\/uploads\/2026\/09\/67092159.jpg\" itemprop=\"contentUrl\" data-size=\"1200x800\" data-large=\"https:\/\/www.europesays.com\/si\/wp-content\/uploads\/2026\/09\/67092159.jpg\"><br \/>\n\t\t\t\t\t\t\t\t\t<img decoding=\"async\" src=\"https:\/\/www.europesays.com\/si\/wp-content\/uploads\/2026\/09\/67092159.jpg\" title=\"Letalo je v Beogradu pristalo nekaj pred 18.00. Foto: Reuters\" alt=\"Letalo je v Beogradu pristalo nekaj pred 18.00. Foto: Reuters\"\/><br \/>\n\t\t\t\t\t\t\t\t<\/a><\/p>\n<p>\t\t\t\t\t\t\t\t\tLetalo je v Beogradu pristalo nekaj pred 18.00. Foto: Reuters<\/p>\n<p>\t\t\t\t\t\t\t<a id=\"preferredSourceBanner\" href=\"https:\/\/www.rtvslo.si\/svet\/evropa\/srbsko-vladno-letalo-v-beograd-prepeljalo-mladiceve-posmrtne-ostanke\/javascript:void(0)\" target=\"_blank\" class=\"d-none align-items-center justify-content-between rounded my-3\" style=\"padding: 10px 15px;\" rel=\"nofollow noopener\"><br \/>\n\t\t\t\t\t\t<img decoding=\"async\" src=\"https:\/\/img.rtvslo.si\/_static\/novi\/img\/ico-google.svg\" class=\"flex-shrink-0 mr-3\" aria-hidden=\"true\"\/><br \/>\n\t\t\t\t\t\tSpremljajte RTVSLO.si kot prednostni vir na Google<\/p>\n<p>\t\t\t\t\t<\/a><\/p>\n<p>Letalo, ki je iz Haaga preva\u017ealo Mladi\u0107eve posmrtne ostanke, je popoldne pristalo na beograjskem letali\u0161\u010du Nikole Tesle. Na letalu so bili po poro\u010danju srbske tiskovne agencije Tanjug Mladi\u0107ev sin Darko, vnukinja Anastasija in srbski minister za pravosodje Nenad Vuji\u0107.<\/p>\n<p>Oglas<\/p>\n<p>Krsto, ki je bila ovita v srbsko zastavo, so vojaki nato prenesli v rde\u010de vozilo, s katerim so jo prepeljali na voja\u0161ko medicinsko akademijo, kjer bodo opravili obdukcijo.<\/p>\n<p>Posnetki, objavljeni v medijih in na dru\u017ebenih omre\u017ejih, prikazujejo \u0161tevilne dr\u017eavljane, ki so se na ve\u010d mestih zbrali na nadvozih, da bi se poklonili Mladi\u0107u.<\/p>\n<p>Kdaj bo pogreb, uradno \u0161e ni znano. Po poro\u010danju srbskih medijev bo spominska slovesnost za Mladi\u0107a potekala v soboto v Domu vojske v Beogradu, pokopali pa naj bi ga prihodnji ponedeljek na beograjskem pokopali\u0161\u010du Top\u010dider, kjer je pokopana tudi njegova h\u010di.<\/p>\n<p>Predsednik Srbije Aleksandar Vu\u010di\u0107 je pred tem dejal, da bo Mladi\u0107ev sin Darko &#8220;v prihodnjih urah in dneh&#8221; javnost seznanil z \u017eeljami dru\u017eine glede pogreba. Ob tem je zagotovil tako logisti\u010dno podporo kot podporo pri zagotavljanju javnega reda, miru in varnosti. Na pogrebu po besedah Vu\u010di\u0107a pri\u010dakujejo ve\u010d deset tiso\u010d ljudi.<\/p>\n<p>Prestajal dosmrtno zaporno kazen zaradi vojnih zlo\u010dinov in genocida<\/p>\n<p>Ratko Mladi\u0107 je umrl pred tednom dni v 85. letu starosti v zaporu v Haagu, kjer je prestajal dosmrtno zaporno kazen zaradi vojnih zlo\u010dinov in genocida med vojno v Bosni in Hercegovini med letoma 1992 in 1995.<\/p>\n<p>Pod poveljstvom Mladi\u0107a je vojska Republike Srbske zagre\u0161ila \u0161tevilne vojne zlo\u010dine. Mladi\u0107 je bil med drugim obsojen zaradi obleganja Sarajeva, med katerim je umrlo ve\u010d kot 12.000 civilistov, ter genocida v Srebrenici, kjer so sile bosanskih Srbov julija 1995 ubile ve\u010d kot 8000 Bo\u0161njakov.<\/p>\n<p>Oglas<\/p>\n","protected":false},"excerpt":{"rendered":"Letalo je v Beogradu pristalo nekaj pred 18.00. Foto: Reuters Spremljajte RTVSLO.si kot prednostni vir na Google Letalo,&hellip;\n","protected":false},"author":2,"featured_media":214495,"comment_status":"","ping_status":"","sticky":false,"template":"","format":"standard","meta":{"footnotes":"","_share_on_mastodon":"0"},"categories":[3],"tags":[65,66,19584,37,38,780,5805],"class_list":["post-214494","post","type-post","status-publish","format-standard","has-post-thumbnail","category-evropa","tag-europe","tag-evropa","tag-ratko-mladic","tag-slovene","tag-slovenscina","tag-srbija","tag-vojni-zlocini"],"share_on_mastodon":{"url":"https:\/\/pubeurope.com\/@si\/117208646160594265","error":""},"_links":{"self":[{"href":"https:\/\/www.europesays.com\/si\/wp-json\/wp\/v2\/posts\/214494","targetHints":{"allow":["GET"]}}],"collection":[{"href":"https:\/\/www.europesays.com\/si\/wp-json\/wp\/v2\/posts"}],"about":[{"href":"https:\/\/www.europesays.com\/si\/wp-json\/wp\/v2\/types\/post"}],"author":[{"embeddable":true,"href":"https:\/\/www.europesays.com\/si\/wp-json\/wp\/v2\/users\/2"}],"replies":[{"embeddable":true,"href":"https:\/\/www.europesays.com\/si\/wp-json\/wp\/v2\/comments?post=214494"}],"version-history":[{"count":0,"href":"https:\/\/www.europesays.com\/si\/wp-json\/wp\/v2\/posts\/214494\/revisions"}],"wp:featuredmedia":[{"embeddable":true,"href":"https:\/\/www.europesays.com\/si\/wp-json\/wp\/v2\/media\/214495"}],"wp:attachment":[{"href":"https:\/\/www.europesays.com\/si\/wp-json\/wp\/v2\/media?parent=214494"}],"wp:term":[{"taxonomy":"category","embeddable":true,"href":"https:\/\/www.europesays.com\/si\/wp-json\/wp\/v2\/categories?post=214494"},{"taxonomy":"post_tag","embeddable":true,"href":"https:\/\/www.europesays.com\/si\/wp-json\/wp\/v2\/tags?post=214494"}],"curies":[{"name":"wp","href":"https:\/\/api.w.org\/{rel}","templated":true}]}}