{"id":214526,"date":"2026-09-03T19:18:09","date_gmt":"2026-09-03T19:18:09","guid":{"rendered":"https:\/\/www.europesays.com\/si\/214526\/"},"modified":"2026-09-03T19:18:09","modified_gmt":"2026-09-03T19:18:09","slug":"v-parlamentu-je-pocilo-opozicija-zapustila-sejo","status":"publish","type":"post","link":"https:\/\/www.europesays.com\/si\/214526\/","title":{"rendered":"V parlamentu je po\u010dilo: Opozicija zapustila sejo"},"content":{"rendered":"<p>Politiki so udarili po praznikih, ki jih Slovenci poznamo \u017ee leta.<\/p>\n<p>V nadaljevanju preberite:<\/p>\n<p>Poslanci predlagajo, da bi 7. avgust postal dan Triglava.<br \/>\nKoalicija \u017eeli preimenovati praznika Primorske in Prekmurja.<br \/>\nOpozicija je po ostrem sporu obstruirala sejo.<\/p>\n<p>\u010clani odbora dr\u017eavnega zbora za gospodarstvo so opravili tudi drugo obravnavo predloga novele zakona o praznikih, s katero bi 7. avgust razglasili za dan Triglava. Seja je minila predvsem v znamenju ostrih tonov zaradi vlo\u017eenega dopolnila koalicije, ki spreminja poimenovanje praznikov Prekmurcev in Primorcev. Opozicija je sejo vmes obstruirala.<\/p>\n<p>Politiki stopili skupaj: Triglav si zaslu\u017ei svoj praznik<\/p>\n<p>Zakonodajni predlog, ki so ga v parlamentarni postopek konec lanskega leta vlo\u017eili poslanci nekdanjih koalicijskih strank Svobode, SD in Levice, predvideva, da bi dan Triglava obele\u017eevali 7. avgusta, ne bi bil pa dela prost dan. &#8220;7. avgusta leta 1895 je namre\u010d Jakob Alja\u017e na vrhu Triglava postavil sloviti stolp. Triglav je bil na tak ali druga\u010den na\u010din v vseh preizku\u0161njah, ki jih je slovenski \u010dlovek v 20. stoletju do\u017eivljal, neka uteha in nek skupen simbol, ki je bodril narod, da gre naprej,&#8221; je na seji odbora dr\u017eavnega zbora za gospodarstvo, delo in \u0161port spomnil prvopodpisani pod predlog, poslanec Svobode <a href=\"https:\/\/www.zurnal24.si\/kljucne-besede\/lenart-zavbi-124179\/articles\" rel=\"nofollow noopener\" target=\"_blank\">Lenart \u017davbi<\/a>. Naklonjenost uvedbi novega dr\u017eavnega praznika so na odboru izrazili tudi poslanci aktualne koalicije, saj so prepri\u010dani, da Triglav predstavlja pomemben narodni simbol za Slovence, ki si zaslu\u017ei posebno mesto v koledarju.<\/p>\n<p>Spor zaradi Primorske in Prekmurja<\/p>\n<p>Ostre besede med prisotnimi so medtem padale predvsem zaradi dana\u0161nje vlo\u017eitve koalicijskega dopolnila, s katerim se spreminja poimenovanja dveh praznikov. Koalicija predlaga, da se iz imena praznika priklju\u010ditve Prekmurja in zdru\u017eitve prekmurskih Slovencev z mati\u010dnim narodom bri\u0161e &#8220;priklju\u010ditve Prekmurja&#8221;, v imenu praznika priklju\u010ditev Primorske k mati\u010dni domovini pa bi &#8220;priklju\u010ditev&#8221; nadomestila z &#8220;vrnitev&#8221;. V okviru novih poimenovanj bi torej v Sloveniji v prihodnje 17. avgusta zaznamovali praznik zdru\u017eitve prekmurskih Slovencev z mati\u010dnim odborom, 15. septembra pa praznik vrnitve Primorske k mati\u010dni domovini.<\/p>\n<p>\u017davbi je opozoril, da je vlo\u017eitev tega dopolnila nedopustna in v nasprotju s poslovnikom. &#8220;\u010ce \u017eelite urejati to materijo, vlo\u017eite zakon s to vsebino posebej, ni noben problem,&#8221; je pozval, koaliciji pa o\u010dital &#8220;ugrabitev zakonodajnega postopka&#8221;.<\/p>\n<p>Navedbe koalicijskih poslancev je potrdila tudi predstavnica zakonodajno-pravne slu\u017ebe dr\u017eavnega zbora. Kot je opozorila, predlog zakona namre\u010d ne vsebuje dodatnih elementov, ki se nana\u0161ajo na Prekmurje in na Primorsko, zato dopolnilo presega vsebino in je s tega vidika &#8220;nedopustno&#8221;.<\/p>\n<p>Kriti\u010den do spreminjanja poimenovanja praznika priklju\u010ditve Primorske k mati\u010dni domovini dobrih 10 dni pred njegovo obele\u017eitvijo je bil tudi poslanec SD <a href=\"https:\/\/www.zurnal24.si\/kljucne-besede\/matjaz-han-79654\/articles\" rel=\"nofollow noopener\" target=\"_blank\">Matja\u017e Han<\/a>. &#8220;\u017dal bi nas mogli <a href=\"https:\/\/www.zurnal24.si\/kljucne-besede\/prazniki-9583\/articles\" rel=\"nofollow noopener\" target=\"_blank\">prazniki<\/a> povezovati, ne pa deliti, zgodovino imamo pa samo eno in upam, da je ne bomo potvarjali,&#8221; je dejal. V lu\u010di tega je neuspe\u0161no predlagal tudi prekinitev obravnave te to\u010dke in prelo\u017eitev na \u010das po leto\u0161nji obele\u017eitvi praznika.<\/p>\n<p>Prav tako se je za prestavitev seje odbora in pripravo zakonodajnega predloga, ki bi bil glede novih poimenovanj praznikov usklajen z razli\u010dnimi dele\u017eniki, zavzel poslanec Svobode iz Prekmurja <a href=\"https:\/\/www.zurnal24.si\/kljucne-besede\/matej-grah-131046\/articles\" rel=\"nofollow noopener\" target=\"_blank\">Matej Grah<\/a>.<\/p>\n<p>Na to, da imajo ljudje pravico povedati, kaj si mislijo o spremembah imen praznikov, je opozoril tudi <a href=\"https:\/\/www.zurnal24.si\/kljucne-besede\/vladimir-sega-142782\/articles\" rel=\"nofollow noopener\" target=\"_blank\">Vladimir \u0160ega<\/a> iz Levice. &#8220;Ne da o tem kdorkoli povpra\u0161a Primorce in Prekmurce, je skrajno nedemokrati\u010dno. Tudi to je eden od razlogov, da se ta to\u010dka danes umakne. Naj bo o tem razprava in naj, hudi\u010da, o tem povedo svoje mnenje tisti ljudje, ki se jih to ti\u010de,&#8221; je pozval.<\/p>\n<p>Poslanka NSi <a href=\"https:\/\/www.zurnal24.si\/kljucne-besede\/iva-dimic-110922\/articles\" rel=\"nofollow noopener\" target=\"_blank\">Iva Dimic<\/a> je medtem vztrajala, da se z dopolnili koalicije poimenovanje obeh praznikov zgolj vra\u010da v izvirno obliko, s katero je dr\u017eavni zbor\u00a0praznika leta 2005 v \u010dasu prve vlade <a href=\"https:\/\/www.zurnal24.si\/kljucne-besede\/janez-jansa-365\/articles\" rel=\"nofollow noopener\" target=\"_blank\">Janeza Jan\u0161e<\/a> tudi ustanovil.<\/p>\n<p>Veselje nad tem, da je koalicija danes zbrala pogum in predlagala spremembe poimenovanj praznikov, je pozdravil tudi poslanec SDS <a href=\"https:\/\/www.zurnal24.si\/kljucne-besede\/luka-simonic-133306\/articles\" rel=\"nofollow noopener\" target=\"_blank\">Luka Simoni\u010d<\/a>. &#8220;Ogromno bo \u0161e tak\u0161nih in druga\u010dnih pritiskov te opozicije, ampak mi dr\u017eavo vra\u010damo v normalnost, v kakr\u0161ni je bila pred 20 leti,&#8221; je dejal. Kot nedopustne je ob tem ozna\u010dil diskreditacije na ra\u010dun predsednika odbora Roberta Potnika iz Demokratov in &#8220;manipuliranje poslanca Lenarta \u017davbija&#8221;.<\/p>\n<p>Opozicija zapustila sejo, koalicija nato spremembe potrdila brez glasu proti<\/p>\n<p>V nadaljevanju so poslanci Svobode, Levice in SD sejo odbora obstruirali, opozicijski poslanci pa so nato z devetimi glasovi za in nobenim proti potrdili koalicijsko dopolnilo glede spreminjanje poimenovanj praznikov in potrdili tudi vse predlagane nove \u010dlene novele.<\/p>\n<p><a href=\"https:\/\/www.zurnal24.si\/slovenija\/mailto:dezurni@styria-media.si\" rel=\"nofollow noopener\" target=\"_blank\">dezurni@styria-media.si<\/a><\/p>\n","protected":false},"excerpt":{"rendered":"Politiki so udarili po praznikih, ki jih Slovenci poznamo \u017ee leta. V nadaljevanju preberite: Poslanci predlagajo, da bi&hellip;\n","protected":false},"author":2,"featured_media":214527,"comment_status":"","ping_status":"","sticky":false,"template":"","format":"standard","meta":{"footnotes":"","_share_on_mastodon":"0"},"categories":[6],"tags":[1153,23170,51,52416,8944,5775,6424,1164,9924,1154,1079,9405,2014,8274,2584,59,61,3925,62,37,58,60,38,7706,5773],"class_list":["post-214526","post","type-post","status-publish","format-standard","has-post-thumbnail","category-slovenija","tag-drzavni-zbor","tag-iva-dimic","tag-janez-jansa","tag-kreg","tag-lenart-zavbi","tag-luka-simonic","tag-matej-grah","tag-matjaz-han","tag-opozicija","tag-politika","tag-poslanci","tag-praznik","tag-prazniki","tag-prekmurje","tag-primorska","tag-republic-of-slovenia","tag-republika-slovenija","tag-seja","tag-si","tag-slovene","tag-slovenia","tag-slovenija","tag-slovenscina","tag-triglav","tag-vladimir-sega"],"share_on_mastodon":{"url":"https:\/\/pubeurope.com\/@si\/117208724789115470","error":""},"_links":{"self":[{"href":"https:\/\/www.europesays.com\/si\/wp-json\/wp\/v2\/posts\/214526","targetHints":{"allow":["GET"]}}],"collection":[{"href":"https:\/\/www.europesays.com\/si\/wp-json\/wp\/v2\/posts"}],"about":[{"href":"https:\/\/www.europesays.com\/si\/wp-json\/wp\/v2\/types\/post"}],"author":[{"embeddable":true,"href":"https:\/\/www.europesays.com\/si\/wp-json\/wp\/v2\/users\/2"}],"replies":[{"embeddable":true,"href":"https:\/\/www.europesays.com\/si\/wp-json\/wp\/v2\/comments?post=214526"}],"version-history":[{"count":0,"href":"https:\/\/www.europesays.com\/si\/wp-json\/wp\/v2\/posts\/214526\/revisions"}],"wp:featuredmedia":[{"embeddable":true,"href":"https:\/\/www.europesays.com\/si\/wp-json\/wp\/v2\/media\/214527"}],"wp:attachment":[{"href":"https:\/\/www.europesays.com\/si\/wp-json\/wp\/v2\/media?parent=214526"}],"wp:term":[{"taxonomy":"category","embeddable":true,"href":"https:\/\/www.europesays.com\/si\/wp-json\/wp\/v2\/categories?post=214526"},{"taxonomy":"post_tag","embeddable":true,"href":"https:\/\/www.europesays.com\/si\/wp-json\/wp\/v2\/tags?post=214526"}],"curies":[{"name":"wp","href":"https:\/\/api.w.org\/{rel}","templated":true}]}}