{"id":214568,"date":"2026-09-03T19:50:17","date_gmt":"2026-09-03T19:50:17","guid":{"rendered":"https:\/\/www.europesays.com\/si\/214568\/"},"modified":"2026-09-03T19:50:17","modified_gmt":"2026-09-03T19:50:17","slug":"ta-pevka-je-predsednico-pirc-musar-tako-navdusila-da-ji-je-namenila-objem","status":"publish","type":"post","link":"https:\/\/www.europesays.com\/si\/214568\/","title":{"rendered":"Ta pevka je predsednico Pirc Musar tako navdu\u0161ila, da ji je namenila objem"},"content":{"rendered":"<p>Slovensko-al\u017eirska pevka in igralka Alya Elouissi je konec avgusta nanizala dva pomembna nastopa, s katerima je znova povezala slovenski in mednarodni prostor. Na odprtju 64. mednarodnega kmetijsko-\u017eivilskega sejma Agra v Gornji Radgoni je nastop posvetila dr\u017eavama, ki ju imenuje moji dve domovini. V \u010dast Al\u017eiriji je zapela pesmi Biladi Ohibouki in Yahyaou Wlad Bladi, posebej pa je izstopala njena oprava, v kateri je zdru\u017eila slovenske in al\u017eirske elemente.<\/p>\n<p>Po nastopu jo je v zaodrju sprejela predsednica republike Nata\u0161a Pirc Musar ter ji namenila objem in \u010destitke. Alya se je sre\u010dala tudi z al\u017eirskim ministrom za visoko \u0161olstvo in znanstvene raziskave Kamelom Baddarijem. \u00bbKo sem stala na odru, sem se zelo mo\u010dno zavedala, kaj ta trenutek pomeni \u2013 ne samo zame osebno, ampak tudi za povezovanje in sodelovanje Slovenije in Al\u017eirije,\u00ab je povedala. Le nekaj dni pozneje je kot edina slovenska predstavnica nastopila na mednarodnem ve\u010deru festivala Ohrid Fest. Predstavila je avtorsko skladbo Midva sva, za katero je napisala glasbo in besedilo, produkcijo pa je ustvaril britanski producent Ian Barter. Za skladbo je prejela nagrado za najbolj\u0161o avdioprodukcijo, pripravila pa je tudi njeno angle\u0161ko razli\u010dico. Oktobra jo \u010daka izid avtorskega albuma, ki je nastal v sodelovanju z Neisho.\u00a0<\/p>\n","protected":false},"excerpt":{"rendered":"Slovensko-al\u017eirska pevka in igralka Alya Elouissi je konec avgusta nanizala dva pomembna nastopa, s katerima je znova povezala&hellip;\n","protected":false},"author":2,"featured_media":214569,"comment_status":"","ping_status":"","sticky":false,"template":"","format":"standard","meta":{"footnotes":"","_share_on_mastodon":"0"},"categories":[18],"tags":[52422,114,276,1197,610,62,37,58,60,38,115],"class_list":["post-214568","post","type-post","status-publish","format-standard","has-post-thumbnail","category-zabava","tag-alya-elouissi","tag-entertainment","tag-glasba","tag-natasa-pirc-musar","tag-pevka","tag-si","tag-slovene","tag-slovenia","tag-slovenija","tag-slovenscina","tag-zabava"],"share_on_mastodon":{"url":"https:\/\/pubeurope.com\/@si\/117208850479835156","error":""},"_links":{"self":[{"href":"https:\/\/www.europesays.com\/si\/wp-json\/wp\/v2\/posts\/214568","targetHints":{"allow":["GET"]}}],"collection":[{"href":"https:\/\/www.europesays.com\/si\/wp-json\/wp\/v2\/posts"}],"about":[{"href":"https:\/\/www.europesays.com\/si\/wp-json\/wp\/v2\/types\/post"}],"author":[{"embeddable":true,"href":"https:\/\/www.europesays.com\/si\/wp-json\/wp\/v2\/users\/2"}],"replies":[{"embeddable":true,"href":"https:\/\/www.europesays.com\/si\/wp-json\/wp\/v2\/comments?post=214568"}],"version-history":[{"count":0,"href":"https:\/\/www.europesays.com\/si\/wp-json\/wp\/v2\/posts\/214568\/revisions"}],"wp:featuredmedia":[{"embeddable":true,"href":"https:\/\/www.europesays.com\/si\/wp-json\/wp\/v2\/media\/214569"}],"wp:attachment":[{"href":"https:\/\/www.europesays.com\/si\/wp-json\/wp\/v2\/media?parent=214568"}],"wp:term":[{"taxonomy":"category","embeddable":true,"href":"https:\/\/www.europesays.com\/si\/wp-json\/wp\/v2\/categories?post=214568"},{"taxonomy":"post_tag","embeddable":true,"href":"https:\/\/www.europesays.com\/si\/wp-json\/wp\/v2\/tags?post=214568"}],"curies":[{"name":"wp","href":"https:\/\/api.w.org\/{rel}","templated":true}]}}