{"id":214582,"date":"2026-09-03T19:59:09","date_gmt":"2026-09-03T19:59:09","guid":{"rendered":"https:\/\/www.europesays.com\/si\/214582\/"},"modified":"2026-09-03T19:59:09","modified_gmt":"2026-09-03T19:59:09","slug":"policisti-pojasnili-zakaj-so-sredi-kamnika-na-tleh-obvladovali-motorista","status":"publish","type":"post","link":"https:\/\/www.europesays.com\/si\/214582\/","title":{"rendered":"Policisti pojasnili, zakaj so sredi Kamnika na tleh obvladovali motorista"},"content":{"rendered":"<p>Policija je pojasnila dramati\u010dne videoposnetke iz Kamnika.<\/p>\n<p>S Policijske uprave Ljubljana so pojasnili okoli\u0161\u010dine odmevnega <a href=\"https:\/\/www.zurnal24.si\/slovenija\/kamnik-policija-pridrzanje-motor-video-464622\" rel=\"nofollow noopener\" target=\"_blank\">policijskega posredovanja v Kamniku<\/a>, katerega videoposnetki so zaokro\u017eili po dru\u017ebenih omre\u017ejih. Po doslej znanih podatkih je polnoletni voznik vozil neregistrirano motorno vozilo, policistu pa naj bi posku\u0161al pobegniti, so sporo\u010dili policisti s Policijske uprave Ljubljana.<\/p>\n<p>Zavil v stransko ulico in padel<\/p>\n<p>Policist motorist je voznika zaznal med nadzorom prometa na obmo\u010dju Kamnika in ga za\u010del ustavljati z modro lu\u010djo ter sireno, so povedali policisti.\u00a0Voznik jasnih znakov za ustavitev ni upo\u0161teval in je nadaljeval vo\u017enjo.<\/p>\n<p>Po navedbah policistov je voznik z glavne ceste zapeljal v stransko ulico. &#8220;Pri manevriranju je v ovinku zaradi neprilagojene hitrosti padel, tako da ga je policist dohitel,&#8221; so pojasnili policisti.<\/p>\n<p>Voznik naj tudi po padcu ne bi upo\u0161teval policistovih ukazov, temve\u010d naj bi posku\u0161al pe\u0161 pobegniti s kraja.\u00a0&#8220;Pri tem ni upo\u0161teval jasnih ukazov in znakov policista, naj se ustavi, ter se je ves \u010das postopka aktivno upiral, zaradi \u010desar je policist zoper njega uporabil prisilna sredstva,&#8221; so pojasnili na PU Ljubljana.<\/p>\n<p>Voznik se je la\u017eje po\u0161kodoval<\/p>\n<p>Voznik je bil v dogodku la\u017eje po\u0161kodovan. Po prvih podatkih policije so njegove po\u0161kodbe &#8220;posledica padca z motorjem in\u00a0ne uporabe prisilnih sredstev&#8221;. Policist med dogodkom ni bil po\u0161kodovan.<\/p>\n<p>Policisti so na kraju opravili ogled in nadaljujejo zbiranje obvestil zaradi suma kaznivega dejanja prepre\u010ditve uradnega dejanja. Zoper voznika vodijo tudi postopek o prekr\u0161ku.<\/p>\n<p>Policija bo preverila uporabo prisilnih sredstev<\/p>\n<p>Kot smo \u017ee poro\u010dali, je na videoposnetkih mogo\u010de videti policista, ki na vozi\u0161\u010du obvladuje osebo s \u010delado, v neposredni bli\u017eini pa le\u017ei modro motorno vozilo. Po za\u010detku posredovanja se je na kraju zbralo okoli deset policistov, obmo\u010dje pa so ogradili s policijskim trakom.<\/p>\n<p>Po objavi videoposnetkov so se na dru\u017ebenih omre\u017ejih pojavili o\u010ditki, da naj bi policist pri prijetju uporabil preveliko silo. <a href=\"https:\/\/www.policija.si\/\" rel=\"nofollow noopener\" target=\"_blank\">Policija<\/a> je zdaj napovedala, da bo okoli\u0161\u010dine postopka podrobno pregledala.\u00a0&#8220;Policija bo temeljito preverila vse okoli\u0161\u010dine policijskega postopka ter ocenila zakonitost in strokovnost uporabe prisilnih sredstev,&#8221; so sporo\u010dili s PU Ljubljana.<\/p>\n<p>Kot smo \u017ee poro\u010dali, pa so nekateri prebivalci Kamnika policistom stopili v bran. Doma\u010din nam je povedal, da na tem obmo\u010dju \u017ee dalj \u010dasa opa\u017eajo hrup in nevarne vo\u017enje s skuterji, kros motorji ter predelanimi motornimi vozili. Ob policijskem posredovanju je dejal: &#8220;Prav je, da so kon\u010dno nekaj ukrenili.&#8221;<\/p>\n<p><a class=\"related_article__link\" href=\"https:\/\/www.zurnal24.si\/slovenija\/kamnik-policija-pridrzanje-motor-video-464622\" rel=\"nofollow noopener\" target=\"_blank\"><\/p>\n<p><img loading=\"lazy\" decoding=\"async\" alt=\"Pridr\u017eanje motorista v Kamniku\" class=\"related_article__image\" data-size=\"100x100\" height=\"100\" src=\"https:\/\/www.europesays.com\/si\/wp-content\/uploads\/2026\/09\/f648e1df058d0801f865.png\" width=\"100\"\/><\/p>\n<p><\/a><\/p>\n<p><a href=\"https:\/\/www.zurnal24.si\/slovenija\/kamnik-policija-pridrzanje-motor-video-464622\" rel=\"nofollow noopener\" target=\"_blank\"><br \/>\n<\/a><\/p>\n<p><a href=\"https:\/\/www.zurnal24.si\/slovenija\" rel=\"nofollow noopener\" target=\"_blank\"><br \/>\n                Slovenija<br \/>\n            <\/a><\/p>\n<p><a href=\"https:\/\/www.zurnal24.si\/slovenija\/kamnik-policija-pridrzanje-motor-video-464622\" rel=\"nofollow noopener\" target=\"_blank\"><\/p>\n<p>                Video iz Kamnika: Na tleh ga je obvladoval policist, prispelo ve\u010d patrulj<\/p>\n<p>            <\/a><\/p>\n<p>Policija za zdaj ni potrdila, ali je bil voznik iz tokratnega postopka povezan s katerim od predhodnih dogodkov, na katere opozarjajo doma\u010dini.<\/p>\n<p><a href=\"https:\/\/www.zurnal24.si\/slovenija\/mailto:dezurni@styria-media.si\" rel=\"nofollow noopener\" target=\"_blank\">dezurni@styria-media.si<\/a><\/p>\n","protected":false},"excerpt":{"rendered":"Policija je pojasnila dramati\u010dne videoposnetke iz Kamnika. S Policijske uprave Ljubljana so pojasnili okoli\u0161\u010dine odmevnega policijskega posredovanja v&hellip;\n","protected":false},"author":2,"featured_media":214583,"comment_status":"","ping_status":"","sticky":false,"template":"","format":"standard","meta":{"footnotes":"","_share_on_mastodon":"0"},"categories":[30],"tags":[164,7385,7960,326,4524,1423,62,37,58,60,38],"class_list":["post-214582","post","type-post","status-publish","format-standard","has-post-thumbnail","category-kamnik","tag-kamnik","tag-motor","tag-motorist","tag-policija","tag-policijska-uprava-ljubljana","tag-pu-ljubljana","tag-si","tag-slovene","tag-slovenia","tag-slovenija","tag-slovenscina"],"share_on_mastodon":{"url":"https:\/\/pubeurope.com\/@si\/117208886010935320","error":""},"_links":{"self":[{"href":"https:\/\/www.europesays.com\/si\/wp-json\/wp\/v2\/posts\/214582","targetHints":{"allow":["GET"]}}],"collection":[{"href":"https:\/\/www.europesays.com\/si\/wp-json\/wp\/v2\/posts"}],"about":[{"href":"https:\/\/www.europesays.com\/si\/wp-json\/wp\/v2\/types\/post"}],"author":[{"embeddable":true,"href":"https:\/\/www.europesays.com\/si\/wp-json\/wp\/v2\/users\/2"}],"replies":[{"embeddable":true,"href":"https:\/\/www.europesays.com\/si\/wp-json\/wp\/v2\/comments?post=214582"}],"version-history":[{"count":0,"href":"https:\/\/www.europesays.com\/si\/wp-json\/wp\/v2\/posts\/214582\/revisions"}],"wp:featuredmedia":[{"embeddable":true,"href":"https:\/\/www.europesays.com\/si\/wp-json\/wp\/v2\/media\/214583"}],"wp:attachment":[{"href":"https:\/\/www.europesays.com\/si\/wp-json\/wp\/v2\/media?parent=214582"}],"wp:term":[{"taxonomy":"category","embeddable":true,"href":"https:\/\/www.europesays.com\/si\/wp-json\/wp\/v2\/categories?post=214582"},{"taxonomy":"post_tag","embeddable":true,"href":"https:\/\/www.europesays.com\/si\/wp-json\/wp\/v2\/tags?post=214582"}],"curies":[{"name":"wp","href":"https:\/\/api.w.org\/{rel}","templated":true}]}}