{"id":214647,"date":"2026-09-03T20:48:13","date_gmt":"2026-09-03T20:48:13","guid":{"rendered":"https:\/\/www.europesays.com\/si\/214647\/"},"modified":"2026-09-03T20:48:13","modified_gmt":"2026-09-03T20:48:13","slug":"po-incidentu-v-leipzigu-sledi-vodijo-tudi-v-srbijo-in-na-poljsko-v-nemciji-nove-sabotaze-in-napadi","status":"publish","type":"post","link":"https:\/\/www.europesays.com\/si\/214647\/","title":{"rendered":"Po incidentu v Leipzigu sledi vodijo tudi v Srbijo in na Poljsko. V Nem\u010diji nove sabota\u017ee in napadi."},"content":{"rendered":"<p>\t\t\t\t\t\t\t\t<a href=\"https:\/\/www.europesays.com\/si\/wp-content\/uploads\/2026\/09\/67092077.jpg\" itemprop=\"contentUrl\" data-size=\"1200x800\" data-large=\"https:\/\/www.europesays.com\/si\/wp-content\/uploads\/2026\/09\/67092077.jpg\"><br \/>\n\t\t\t\t\t\t\t\t\t<img decoding=\"async\" src=\"https:\/\/www.europesays.com\/si\/wp-content\/uploads\/2026\/09\/67092077.jpg\" title=\"Na za\u010detku avgusta so v bli\u017eini vzletne steze na letali\u0161\u010du v Leipzigu odkrili brezpilotni letalnik. Foto: Reuters\" alt=\"Na za\u010detku avgusta so v bli\u017eini vzletne steze na letali\u0161\u010du v Leipzigu odkrili brezpilotni letalnik. Foto: Reuters\"\/><br \/>\n\t\t\t\t\t\t\t\t<\/a><\/p>\n<p>\t\t\t\t\t\t\t\t\tNa za\u010detku avgusta so v bli\u017eini vzletne steze na letali\u0161\u010du v Leipzigu odkrili brezpilotni letalnik. Foto: Reuters<\/p>\n<p>\t\t\t\t\t\t\t<a id=\"preferredSourceBanner\" href=\"https:\/\/www.rtvslo.si\/svet\/evropa\/po-incidentu-v-leipzigu-sledi-vodijo-tudi-v-srbijo-in-na-poljsko-v-nemciji-nove-sabotaze-in-napadi\/javascript:void(0)\" target=\"_blank\" class=\"d-none align-items-center justify-content-between rounded my-3\" style=\"padding: 10px 15px;\" rel=\"nofollow noopener\"><br \/>\n\t\t\t\t\t\t<img decoding=\"async\" src=\"https:\/\/img.rtvslo.si\/_static\/novi\/img\/ico-google.svg\" class=\"flex-shrink-0 mr-3\" aria-hidden=\"true\"\/><br \/>\n\t\t\t\t\t\tSpremljajte RTVSLO.si kot prednostni vir na Google<\/p>\n<p>\t\t\t\t\t<\/a><\/p>\n<p>Po poro\u010danju nem\u0161kega \u010dasopisa Der Spiegel preiskovalci preiskujejo povezave med incidentom na leipzi\u0161kem letali\u0161\u010du in odkritjem razstreliva na srbsko-mad\u017earski meji. Tam je srbska policija 11. junija ustavila avtomobila, v katerih sta bila mo\u0161ka, ki so ju pridr\u017eali.<\/p>\n<p>Oglas<\/p>\n<p>Eden od njiju je srbski dr\u017eavljan, drugi pa ima srbsko in rusko dr\u017eavljanstvo. V enem od vozil so na\u0161li sestavne dele predelanega brezpilotnika in oddajnik za njegovo upravljanje, v drugem pa plo\u010devinki z razstrelivom. Po poro\u010danju \u010dasopisa sta bila osumljenca namenjena proti Mad\u017earski, torej v Evropsko unijo.<\/p>\n<p>Nem\u0161ki varnostni organi preiskujejo morebitne povezave med pridr\u017eanima v Srbiji in osumljencema za poskus napada v Leipzigu. \u0160lo naj bi za beloruskega in latvijsko-ruskega dr\u017eavljana.<\/p>\n<p>Srbija je po poro\u010danju Spiegla tudi opisana kot kraj, ki po mnenju evropskih obve\u0161\u010devalnih slu\u017eb slu\u017ei kot &#8220;\u017eari\u0161\u010de&#8221; za ruske sabota\u017ee v Evropi ter za nova\u010denje in usposabljanje ljudi za ruske obve\u0161\u010devalne slu\u017ebe.<\/p>\n<p>V povezavi z incidentom v Leipzigu nem\u0161ki preiskovalci preverjajo tudi sledi na Poljskem. Kot je Spiegel izvedel iz varnostnih virov, je eden od doslej identificiranih osumljencev povezan z drugim incidentom, in sicer po\u017eigom trgovine s strojno opremo v Lod\u017eu na Poljskem julija 2024. Mo\u0161ki naj bi imel stike z ruskimi obve\u0161\u010devalnimi slu\u017ebami.<\/p>\n<p>Po poro\u010danju nem\u0161kih medijev naj bi ve\u010d evropskih obve\u0161\u010devalnih slu\u017eb imelo informacije o vsaj \u0161tirih sabota\u017enih mre\u017eah pod nadzorom Rusije, ki so trenutno aktivne v EU-ju.<\/p>\n<p>\t\t\t\t\t\t\t\t<a href=\"https:\/\/www.europesays.com\/si\/wp-content\/uploads\/2026\/09\/67092080.jpg\" itemprop=\"contentUrl\" data-size=\"1200x800\" data-large=\"https:\/\/www.europesays.com\/si\/wp-content\/uploads\/2026\/09\/67092080.jpg\"><br \/>\n\t\t\t\t\t\t\t\t\t<img decoding=\"async\" src=\"https:\/\/www.europesays.com\/si\/wp-content\/uploads\/2026\/09\/67092080.jpg\" title=\"Stavba v Moskvi, v kateri ima sede\u017e Goethejev in\u0161titut. Foto: Reuters\" alt=\"Stavba v Moskvi, v kateri ima sede\u017e Goethejev in\u0161titut. Foto: Reuters\"\/><br \/>\n\t\t\t\t\t\t\t\t<\/a><\/p>\n<p>\t\t\t\t\t\t\t\t\tStavba v Moskvi, v kateri ima sede\u017e Goethejev in\u0161titut. Foto: Reuters<\/p>\n<p>Srbski to\u017eilci pa so sporo\u010dili, da so bili v okviru preiskave organizirane skupine, ki je bila osumljena tihotapljenja razstreliva in letalnikov v dr\u017eave EU-ja, pridr\u017eani \u0161tirje ljudje. Skupina, za katero oblasti pravijo, da vklju\u010duje \u0161e tri druge \u010dlane, je osumljena, da je v Srbiji pridobivala razstrelivo in brezpilotnike, preden jih je prepeljala na &#8220;vnaprej na\u010drtovane in dogovorjene lokacije&#8221; znotraj dr\u017eav Unije. Skupino so odkrili, potem ko so aprila v bli\u017eini plinovoda na meji z Mad\u017earsko na\u0161li razstrelivo, so sporo\u010dili to\u017eilci.<\/p>\n<p>Srbska preiskava organizirane skupine se je za\u010dela 12. junija, vendar je to\u017eilstvo ni povezalo z incidentom v Leipzigu, \u0161e poro\u010da AFP, ki pri tem navaja izjavo to\u017eilstva, da srbske oblasti sodelujejo s preiskovalnimi organi v evropskih dr\u017eavah. Podrobnosti ali narodnosti aretiranih niso razkrili.<\/p>\n<p>Zapiranje ustanov v Nem\u010diji in Rusiji?<\/p>\n<p>Nem\u010dija je v torek Rusijo okrivila za incident z brezpilotnikom, opremljenim z razstrelivom, ki so ga 4. avgusta odkrili na letali\u0161\u010du v Leipzigu. Berlin in Moskva si od takrat izmenjujeta diplomatske udarce. Ob tem je Nem\u010dija napovedala zaprtje ruskega konzulata v Bonnu in ruske kulturne hi\u0161e v Berlinu. Moskva zato zapira Goethejev in\u0161titut v Rusiji, je poro\u010dala dopisnica RTV Slovenija iz Berlina Maja Der\u010dar.<\/p>\n<p>Nem\u010dija v odgovor na hibridne napade med drugim zapira rusko kulturno hi\u0161o v sredi\u0161\u010du Berlina, ki naj bi s sumljivo visoko porabo elektri\u010dne energije veljala za rusko vohunsko opori\u0161\u010de. Poslanec CDU-ja Roderich Kiesewetter je dejal: &#8220;Sklepamo, da je tam elektronska oprema, ki se ne uporablja nujno za namene kulture.&#8221;<\/p>\n<p>\t\t\t\t\t\t\t\t<a href=\"https:\/\/www.europesays.com\/si\/wp-content\/uploads\/2026\/09\/67092081.jpg\" itemprop=\"contentUrl\" data-size=\"1200x800\" data-large=\"https:\/\/www.europesays.com\/si\/wp-content\/uploads\/2026\/09\/67092081.jpg\"><br \/>\n\t\t\t\t\t\t\t\t\t<img decoding=\"async\" src=\"https:\/\/www.europesays.com\/si\/wp-content\/uploads\/2026\/09\/67092081.jpg\" title=\"Stavba nem\u0161kega konzulata v Sankt Peterburgu. Foto: Reuters\" alt=\"Stavba nem\u0161kega konzulata v Sankt Peterburgu. Foto: Reuters\"\/><br \/>\n\t\t\t\t\t\t\t\t<\/a><\/p>\n<p>\t\t\t\t\t\t\t\t\tStavba nem\u0161kega konzulata v Sankt Peterburgu. Foto: Reuters<\/p>\n<p>Rusija ne ostaja dol\u017ena. Napoveduje prepoved delovanja Goethejevega in\u0161tituta, ki za zdaj \u0161e deluje. Ruski zunanji minister Sergej Lavrov je ob tem dejal: &#8220;Razumeti morajo, da to zagotovo pomeni konec nem\u0161ke kulturne prisotnosti v Rusiji, ki se je ohranila kljub zapletom, povezanim z Ukrajino.&#8221;<\/p>\n<p>Kopi\u010dijo se poskusi napadov in sabota\u017ee. Kriminalisti v M\u00fcnchnu so prijeli bolgarska dr\u017eavljana, \u017eensko in mo\u0161kega, osumljena, da sta preteklo no\u010d povzro\u010dila po\u017ear na gradbi\u0161\u010du podjetja Rohde &amp; Schwarz, ki z Ukrajinci razvija obrambo pred brezpilotniki. Ludwig Waldinger, tiskovni predstavnik bavarskih kriminalistov, je dejal: &#8220;Glede na trenutne razmere ostaja velika verjetnost, da je dejanje politi\u010dno motivirano.&#8221;<\/p>\n<p>V torek so neznanci povzro\u010dili kratek stik na transformatorskih postajah najprej v Brandenburgu in nato v Bergheimu v Severnem Porenju, je dodala Der\u010dar. Herbert Reul, notranji minister Severnega Porenja &#8211; Vestfalije, je dejal: &#8220;Preiskujemo dve mo\u017enosti: sabota\u017eo  tuje dr\u017eave in levi\u010darski ekstremizem. Trenutno ne moremo izklju\u010diti nobene od njiju.&#8221;<\/p>\n<p>\t\t\t\tBerlin in Moskva si izmenjujeta diplomatske udarce<\/p>\n<p>Oglas<\/p>\n","protected":false},"excerpt":{"rendered":"Na za\u010detku avgusta so v bli\u017eini vzletne steze na letali\u0161\u010du v Leipzigu odkrili brezpilotni letalnik. Foto: Reuters Spremljajte&hellip;\n","protected":false},"author":2,"featured_media":214648,"comment_status":"","ping_status":"","sticky":false,"template":"","format":"standard","meta":{"footnotes":"","_share_on_mastodon":"0"},"categories":[3],"tags":[24414,65,66,13385,493,1052,421,37,38,780],"class_list":["post-214647","post","type-post","status-publish","format-standard","has-post-thumbnail","category-evropa","tag-brezpilotnik","tag-europe","tag-evropa","tag-leipzig","tag-nemcija","tag-poljska","tag-rusija","tag-slovene","tag-slovenscina","tag-srbija"],"share_on_mastodon":{"url":"https:\/\/pubeurope.com\/@si\/117209078932247966","error":""},"_links":{"self":[{"href":"https:\/\/www.europesays.com\/si\/wp-json\/wp\/v2\/posts\/214647","targetHints":{"allow":["GET"]}}],"collection":[{"href":"https:\/\/www.europesays.com\/si\/wp-json\/wp\/v2\/posts"}],"about":[{"href":"https:\/\/www.europesays.com\/si\/wp-json\/wp\/v2\/types\/post"}],"author":[{"embeddable":true,"href":"https:\/\/www.europesays.com\/si\/wp-json\/wp\/v2\/users\/2"}],"replies":[{"embeddable":true,"href":"https:\/\/www.europesays.com\/si\/wp-json\/wp\/v2\/comments?post=214647"}],"version-history":[{"count":0,"href":"https:\/\/www.europesays.com\/si\/wp-json\/wp\/v2\/posts\/214647\/revisions"}],"wp:featuredmedia":[{"embeddable":true,"href":"https:\/\/www.europesays.com\/si\/wp-json\/wp\/v2\/media\/214648"}],"wp:attachment":[{"href":"https:\/\/www.europesays.com\/si\/wp-json\/wp\/v2\/media?parent=214647"}],"wp:term":[{"taxonomy":"category","embeddable":true,"href":"https:\/\/www.europesays.com\/si\/wp-json\/wp\/v2\/categories?post=214647"},{"taxonomy":"post_tag","embeddable":true,"href":"https:\/\/www.europesays.com\/si\/wp-json\/wp\/v2\/tags?post=214647"}],"curies":[{"name":"wp","href":"https:\/\/api.w.org\/{rel}","templated":true}]}}