{"id":214663,"date":"2026-09-03T21:03:12","date_gmt":"2026-09-03T21:03:12","guid":{"rendered":"https:\/\/www.europesays.com\/si\/214663\/"},"modified":"2026-09-03T21:03:12","modified_gmt":"2026-09-03T21:03:12","slug":"eva-alina-hocevar-deveta-v-parizu-nova-zmaga-jessice-fox","status":"publish","type":"post","link":"https:\/\/www.europesays.com\/si\/214663\/","title":{"rendered":"Eva Alina Ho\u010devar deveta v Parizu, nova zmaga Jessice Fox"},"content":{"rendered":"<p>\t\t\t\t\t\t\t\t<a href=\"https:\/\/www.europesays.com\/si\/wp-content\/uploads\/2026\/09\/67092072.jpg\" itemprop=\"contentUrl\" data-size=\"1200x800\" data-large=\"https:\/\/www.europesays.com\/si\/wp-content\/uploads\/2026\/09\/67092072.jpg\"><br \/>\n\t\t\t\t\t\t\t\t\t<img decoding=\"async\" src=\"https:\/\/www.europesays.com\/si\/wp-content\/uploads\/2026\/09\/67092072.jpg\" title=\"Trikratna olimpijska prvakinja Jessica Fox je bila najbolj\u0161a v finalu, \u010deprav je imela en dotik vrat. Foto: EPA\" alt=\"Trikratna olimpijska prvakinja Jessica Fox je bila najbolj\u0161a v finalu, \u010deprav je imela en dotik vrat. Foto: EPA\"\/><br \/>\n\t\t\t\t\t\t\t\t<\/a><\/p>\n<p>\t\t\t\t\t\t\t\t\tTrikratna olimpijska prvakinja Jessica Fox je bila najbolj\u0161a v finalu, \u010deprav je imela en dotik vrat. Foto: EPA<\/p>\n<p>\t\t\t\t\t\t\t<a id=\"preferredSourceBanner\" href=\"https:\/\/www.rtvslo.si\/sport\/preostali-sporti\/eva-alina-hocevar-deveta-v-parizu-nova-zmaga-jessice-fox\/javascript:void(0)\" target=\"_blank\" class=\"d-none align-items-center justify-content-between rounded my-3\" style=\"padding: 10px 15px;\" rel=\"nofollow noopener\"><br \/>\n\t\t\t\t\t\t<img decoding=\"async\" src=\"https:\/\/img.rtvslo.si\/_static\/novi\/img\/ico-google.svg\" class=\"flex-shrink-0 mr-3\" aria-hidden=\"true\"\/><br \/>\n\t\t\t\t\t\tSpremljajte RTVSLO.si kot prednostni vir na Google<\/p>\n<p>\t\t\t\t\t<\/a><\/p>\n<p>Eva Alina Ho\u010devar se v finalni vo\u017enji ni izkazala, s \u0161estimi kazenskimi sekundami je zasedla deveto mesto. Za zmagovalko je zaostala osem sekund in 49 stotink, a tudi brez kazenskih sekund ne bi bila veliko vi\u0161je, zasedla bi \u0161esto mesto, kar je bila tudi njena uvrstitev v kvalifikacijah.<\/p>\n<p>Oglas<\/p>\n<p>\t\t\t\t\t\t\t\t<a href=\"https:\/\/www.europesays.com\/si\/wp-content\/uploads\/2026\/09\/67047937.jpg\" itemprop=\"contentUrl\" data-size=\"1200x800\" data-large=\"https:\/\/www.europesays.com\/si\/wp-content\/uploads\/2026\/09\/67047937.jpg\"><br \/>\n\t\t\t\t\t\t\t\t\t<img decoding=\"async\" src=\"https:\/\/www.europesays.com\/si\/wp-content\/uploads\/2026\/09\/67047937.jpg\" title=\"Eva Alina Ho\u010devar ni bila zadovoljna s finalno vo\u017enjo. Foto: BoBo\" alt=\"Eva Alina Ho\u010devar ni bila zadovoljna s finalno vo\u017enjo. Foto: BoBo\"\/><br \/>\n\t\t\t\t\t\t\t\t<\/a><\/p>\n<p>\t\t\t\t\t\t\t\t\tEva Alina Ho\u010devar ni bila zadovoljna s finalno vo\u017enjo. Foto: BoBo<\/p>\n<p>Preostale Slovenke se niso prebile v finale. Eva Ter\u010delj je z dvema kazenskima sekundama in zaostankom sedmih sekund in 48 stotink zasedla 16. mesto, Lea Novak je bila s \u0161tirimi kazenskimi sekundami 32. (+ 15:28).<\/p>\n<p>Zmaga Italijana De Gennara, Kauzer 16. <br \/>Pri mo\u0161kih je bil najbli\u017eje finalu Peter Kauzer. Dosegel je 16. \u010das, tudi brez dveh kazenskih sekund pa bi bil prepo\u010dasen za uvrstitev med najbolj\u0161ih 12. Za najhitrej\u0161im, Italijanom Giovannijem De Gennarom, je zaostal \u0161est sekund in 75 stotink. Le devet stotink po\u010dasnej\u0161i od slovenskega veterana je bil Martin Srabotnik, zasedel je 18. mesto. Lan Tominc je bil 35., z dvema dotikoma je zaostal 12 sekund in 65 stotink. <\/p>\n<p>De Gennaro, na tej progi leta 2024 tudi olimpijski prvak, je bil prepri\u010dljivo najhitrej\u0161i \u0161e v finalu, doma\u010din Titouan Castryck je za njim zaostal dve sekundi in 57 stotink. Tudi tretje mesto je ostalo doma, osvojil ga je Martin Cornu.<\/p>\n<p>Oglas<\/p>\n","protected":false},"excerpt":{"rendered":"Trikratna olimpijska prvakinja Jessica Fox je bila najbolj\u0161a v finalu, \u010deprav je imela en dotik vrat. Foto: EPA&hellip;\n","protected":false},"author":2,"featured_media":214664,"comment_status":"","ping_status":"","sticky":false,"template":"","format":"standard","meta":{"footnotes":"","_share_on_mastodon":"0"},"categories":[16],"tags":[30762,52447,25864,62,37,58,60,38,94,93],"class_list":["post-214663","post","type-post","status-publish","format-standard","has-post-thumbnail","category-sport","tag-eva-alina-hocevar","tag-jessica-fox","tag-peter-kauzer","tag-si","tag-slovene","tag-slovenia","tag-slovenija","tag-slovenscina","tag-sport","tag-sports"],"share_on_mastodon":{"url":"https:\/\/pubeurope.com\/@si\/117209137782746768","error":""},"_links":{"self":[{"href":"https:\/\/www.europesays.com\/si\/wp-json\/wp\/v2\/posts\/214663","targetHints":{"allow":["GET"]}}],"collection":[{"href":"https:\/\/www.europesays.com\/si\/wp-json\/wp\/v2\/posts"}],"about":[{"href":"https:\/\/www.europesays.com\/si\/wp-json\/wp\/v2\/types\/post"}],"author":[{"embeddable":true,"href":"https:\/\/www.europesays.com\/si\/wp-json\/wp\/v2\/users\/2"}],"replies":[{"embeddable":true,"href":"https:\/\/www.europesays.com\/si\/wp-json\/wp\/v2\/comments?post=214663"}],"version-history":[{"count":0,"href":"https:\/\/www.europesays.com\/si\/wp-json\/wp\/v2\/posts\/214663\/revisions"}],"wp:featuredmedia":[{"embeddable":true,"href":"https:\/\/www.europesays.com\/si\/wp-json\/wp\/v2\/media\/214664"}],"wp:attachment":[{"href":"https:\/\/www.europesays.com\/si\/wp-json\/wp\/v2\/media?parent=214663"}],"wp:term":[{"taxonomy":"category","embeddable":true,"href":"https:\/\/www.europesays.com\/si\/wp-json\/wp\/v2\/categories?post=214663"},{"taxonomy":"post_tag","embeddable":true,"href":"https:\/\/www.europesays.com\/si\/wp-json\/wp\/v2\/tags?post=214663"}],"curies":[{"name":"wp","href":"https:\/\/api.w.org\/{rel}","templated":true}]}}