{"id":214689,"date":"2026-09-03T21:25:17","date_gmt":"2026-09-03T21:25:17","guid":{"rendered":"https:\/\/www.europesays.com\/si\/214689\/"},"modified":"2026-09-03T21:25:17","modified_gmt":"2026-09-03T21:25:17","slug":"ne-boste-verjeli-kako-kruto-goljufijo-si-je-mirsad-privoscil-na-racun-slepega-obcana","status":"publish","type":"post","link":"https:\/\/www.europesays.com\/si\/214689\/","title":{"rendered":"Ne boste verjeli, kako kruto goljufijo si je Mirsad privo\u0161\u010dil na ra\u010dun slepega ob\u010dana"},"content":{"rendered":"<p>Po ve\u010dmese\u010dni obse\u017eni preiskavi so na Dunaju aretirali Mirsada A., lastnika restavracije Balkan-Grill. Zoper njega poteka kazenski postopek zaradi suma storitve niza hudih kaznivih dejanj, vklju\u010dno z goljufijami, ropom in po\u017eigom, poro\u010da Klix.ba.<\/p>\n<p>Prevaral slepega mo\u0161kega<\/p>\n<p>Eden najbolj pretresljivih delov obto\u017enice se nana\u0161a na 71-letnega slepega gosta, ki mu\u00a0je lastnik domnevno sistemati\u010dno kradel. Starej\u0161i mo\u0161ki je sporni lokal v dunajskem okro\u017eju Brigittenau obiskal sedemkrat v maju.<\/p>\n<p>Ker je slep, mu je bilo pla\u010devanje s pla\u010dilno kartico najpreprostej\u0161a mo\u017enost, vendar so mu z ra\u010duna po posameznih obiskih odtegnili\u00a0vrtoglave\u00a0zneske, ki so dosegali tudi do 2000 evrov. Sum v nepravilnosti se je pojavil \u0161ele nekaj tednov pozneje, ko je s pomo\u010djo svojega asistenta podrobno pregledal ban\u010dne izpiske. Takrat je sledil \u0161ok. Ugotovil je, da mu z ra\u010duna manjka natan\u010dno 4933,33 evra.<\/p>\n<p>Okradeni do\u017eivel zlom\u00a0kon\u010dal v bolni\u0161nici<\/p>\n<p>Spoznanje, da je bil na tako krut na\u010din ogoljufan in oropan, je bilo za 71-letnika prehudo. Kot poro\u010dajo avstrijski mediji, je mo\u0161ki do\u017eivel zlom in so ga prepeljali v bolni\u0161nico. Celoten polo\u017eaj je toliko bolj tragi\u010den, ker je \u0161lo za denar, ki ga je dolga leta vestno var\u010deval, da bi pokril stro\u0161ke lastnega pogreba in ne bi bil v breme dru\u017eini. Ko se je dru\u017eina soo\u010dila z lastnikom restavracije, so sledila neverjetna opravi\u010dila. Sprva se je izgovarjal\u00a0na tehni\u010dne te\u017eave, pozneje trdil, da gre za napake pri ro\u010dnem vnosu zaradi drobnih tipk na POS-terminalu.<\/p>\n<p>Prevaral tudi najemodajalko<\/p>\n<p>Primer je dobil popolnoma novo razse\u017enost, ko se je avstrijskim medijem oglasila nekdanja najemodajalka Mirsada A. in njegove dru\u017eine.<\/p>\n<p>Trdi, da je dru\u017eina, s katero je najemno pogodbo sklenila februarja 2025, za seboj pustila pravo opusto\u0161enje in ogromne te\u017eave. V svojem pri\u010devanju jih je opisala kot \u00bbbalkanski klan\u00ab, obto\u017ebe pa segajo od nepla\u010devanja najemnine in goljufij do po\u017eiga.<\/p>\n<p>Po besedah najemodajalke je dru\u017eina od pribli\u017eno 20 najemnin pla\u010dala le eno. Zato je spro\u017eila sodni postopek za izselitev, vendar je dru\u017eina po njenih besedah na vse na\u010dine sku\u0161ala zavla\u010devati postopek. Najprej so postavili pod vpra\u0161aj nepristranskost sodnika, nato pa so zaprosili za pravno pomo\u010d, sklicujo\u010d se na svoj te\u017eki socialni polo\u017eaj in rev\u0161\u010dino.<\/p>\n<p>Namerno podtaknjen po\u017ear?\u00a0<\/p>\n<p>Posebej vznemirljive so navedbe o po\u017earu, ki je po besedah najemodajalke izbruhnil v dunajskem okro\u017eju Floridsdorf, kjer je dru\u017eina \u017eivela. Prepri\u010dana je, da je bil po\u017ear v letu 2025 namerno podtaknjen ter da je bila le zahvaljujo\u010d bliskoviti reakciji gasilcev prepre\u010dena katastrofa ve\u010djih razse\u017enosti. Lastniku restavracije in njegovi dru\u017eini o\u010ditajo tudi uni\u010devanje premo\u017eenja ter odlaganje ve\u010d sto kilogramov pokvarjenega mesa na dvori\u0161\u010du, kar so zabele\u017eile kamere, ki so bile nato po\u0161kodovane s palico in kladivom.<\/p>\n","protected":false},"excerpt":{"rendered":"Po ve\u010dmese\u010dni obse\u017eni preiskavi so na Dunaju aretirali Mirsada A., lastnika restavracije Balkan-Grill. Zoper njega poteka kazenski postopek&hellip;\n","protected":false},"author":2,"featured_media":214690,"comment_status":"","ping_status":"","sticky":false,"template":"","format":"standard","meta":{"footnotes":"","_share_on_mastodon":"0"},"categories":[8],"tags":[52452,4523,2524,1926,52451,326,760,76,2184,37,38,64,63],"class_list":["post-214689","post","type-post","status-publish","format-standard","has-post-thumbnail","category-svet","tag-balkan-grill","tag-denar","tag-dunaj","tag-goljufija","tag-mirsad-a","tag-policija","tag-pozar","tag-preiskava","tag-restavracija","tag-slovene","tag-slovenscina","tag-svet","tag-world"],"share_on_mastodon":{"url":"https:\/\/pubeurope.com\/@si\/117209223884967911","error":""},"_links":{"self":[{"href":"https:\/\/www.europesays.com\/si\/wp-json\/wp\/v2\/posts\/214689","targetHints":{"allow":["GET"]}}],"collection":[{"href":"https:\/\/www.europesays.com\/si\/wp-json\/wp\/v2\/posts"}],"about":[{"href":"https:\/\/www.europesays.com\/si\/wp-json\/wp\/v2\/types\/post"}],"author":[{"embeddable":true,"href":"https:\/\/www.europesays.com\/si\/wp-json\/wp\/v2\/users\/2"}],"replies":[{"embeddable":true,"href":"https:\/\/www.europesays.com\/si\/wp-json\/wp\/v2\/comments?post=214689"}],"version-history":[{"count":0,"href":"https:\/\/www.europesays.com\/si\/wp-json\/wp\/v2\/posts\/214689\/revisions"}],"wp:featuredmedia":[{"embeddable":true,"href":"https:\/\/www.europesays.com\/si\/wp-json\/wp\/v2\/media\/214690"}],"wp:attachment":[{"href":"https:\/\/www.europesays.com\/si\/wp-json\/wp\/v2\/media?parent=214689"}],"wp:term":[{"taxonomy":"category","embeddable":true,"href":"https:\/\/www.europesays.com\/si\/wp-json\/wp\/v2\/categories?post=214689"},{"taxonomy":"post_tag","embeddable":true,"href":"https:\/\/www.europesays.com\/si\/wp-json\/wp\/v2\/tags?post=214689"}],"curies":[{"name":"wp","href":"https:\/\/api.w.org\/{rel}","templated":true}]}}