{"id":214719,"date":"2026-09-03T21:56:12","date_gmt":"2026-09-03T21:56:12","guid":{"rendered":"https:\/\/www.europesays.com\/si\/214719\/"},"modified":"2026-09-03T21:56:12","modified_gmt":"2026-09-03T21:56:12","slug":"v-71-letu-starosti-umrla-glasbena-legenda-nekoc-so-jo-razglasili-za-najboljso-amerisko-pevko","status":"publish","type":"post","link":"https:\/\/www.europesays.com\/si\/214719\/","title":{"rendered":"V 71. letu starosti umrla glasbena legenda, neko\u010d so jo razglasili za najbolj\u0161o ameri\u0161ko pevko"},"content":{"rendered":"<p>V 71. letu starosti je v svojem domu v Jacksonu v zvezni dr\u017eavi Misisipi umrla z grammyjem nagrajena d\u017eezovska pevka in avtorica Cassandra Wilson, ki jo je revija Time neko\u010d razglasila za najbolj\u0161o ameri\u0161ko pevko. \u017dalostno novico je potrdil njen dolgoletni mened\u017eer Robert Torre. Sporo\u010dil je, da je glasbenica 2. septembra umrla mirno, obdana z dru\u017eino, bli\u017enjimi prijatelji in mened\u017eerjem, ter dodal: \u00bbZ globoko \u017ealostjo sporo\u010damo, da nas je zapustila Cassandra Wilson, legendarna d\u017eezovska umetnica. Dru\u017eina in prijatelji v teh te\u017ekih trenutkih prosijo za zasebnost.\u00ab Vzrok smrti javnosti \u0161e ni znan.<\/p>\n<p>Glasbeno pot je za\u010dela v rodnem Jacksonu, kjer se je pri \u0161estih letih u\u010dila klavirja, pri dvanajstih pa je poprijela za kitaro. V za\u010detku osemdesetih let se je preselila v New York, se pridru\u017eila glasbenemu kolektivu M-Base ter leta 1986 izdala svoj samostojni prvenec Point of View. Prelom v njeni karieri je prinesel podpis pogodbe z zalo\u017ebo Blue Note Records in izid albuma Blue Light &#8216;Till Dawn leta 1993. V bogatem ustvarjalnem obdobju je sodelovala s \u0161tevilnimi uglednimi imeni, kot so Wynton Marsalis, Luther Vandross in Angelique Kidjo, ter osvojila dva grammyja: prvega leta 1997 za album New Moon Daughter in drugega leta 2009 za album Loverly. Njen zadnji samostojni projekt Coming Forth by Day, izdan leta 2015, je bil posve\u010den legendarni Billie Holiday.<\/p>\n<p><img decoding=\"async\" class=\"article__img-tag-visible\" src=\"https:\/\/www.europesays.com\/si\/wp-content\/uploads\/2026\/09\/3716721.width-660.format-webp.webp\" alt=\"FOTO: Robert Atanasovski Afp\" img_id=\"11787911\" data-img-id=\"11787911\"\/><\/p>\n<p>FOTO: Robert Atanasovski Afp<\/p>\n","protected":false},"excerpt":{"rendered":"V 71. letu starosti je v svojem domu v Jacksonu v zvezni dr\u017eavi Misisipi umrla z grammyjem nagrajena&hellip;\n","protected":false},"author":2,"featured_media":214720,"comment_status":"","ping_status":"","sticky":false,"template":"","format":"standard","meta":{"footnotes":"","_share_on_mastodon":"0"},"categories":[18],"tags":[52454,34023,114,276,14045,32659,610,62,37,58,60,38,2494,584,115,404],"class_list":["post-214719","post","type-post","status-publish","format-standard","has-post-thumbnail","category-zabava","tag-cassandra-wilson","tag-dzez","tag-entertainment","tag-glasba","tag-glasbenica","tag-grammy","tag-pevka","tag-si","tag-slovene","tag-slovenia","tag-slovenija","tag-slovenscina","tag-slovo","tag-smrt","tag-zabava","tag-zda"],"share_on_mastodon":{"url":"https:\/\/pubeurope.com\/@si\/117209346391318929","error":""},"_links":{"self":[{"href":"https:\/\/www.europesays.com\/si\/wp-json\/wp\/v2\/posts\/214719","targetHints":{"allow":["GET"]}}],"collection":[{"href":"https:\/\/www.europesays.com\/si\/wp-json\/wp\/v2\/posts"}],"about":[{"href":"https:\/\/www.europesays.com\/si\/wp-json\/wp\/v2\/types\/post"}],"author":[{"embeddable":true,"href":"https:\/\/www.europesays.com\/si\/wp-json\/wp\/v2\/users\/2"}],"replies":[{"embeddable":true,"href":"https:\/\/www.europesays.com\/si\/wp-json\/wp\/v2\/comments?post=214719"}],"version-history":[{"count":0,"href":"https:\/\/www.europesays.com\/si\/wp-json\/wp\/v2\/posts\/214719\/revisions"}],"wp:featuredmedia":[{"embeddable":true,"href":"https:\/\/www.europesays.com\/si\/wp-json\/wp\/v2\/media\/214720"}],"wp:attachment":[{"href":"https:\/\/www.europesays.com\/si\/wp-json\/wp\/v2\/media?parent=214719"}],"wp:term":[{"taxonomy":"category","embeddable":true,"href":"https:\/\/www.europesays.com\/si\/wp-json\/wp\/v2\/categories?post=214719"},{"taxonomy":"post_tag","embeddable":true,"href":"https:\/\/www.europesays.com\/si\/wp-json\/wp\/v2\/tags?post=214719"}],"curies":[{"name":"wp","href":"https:\/\/api.w.org\/{rel}","templated":true}]}}