{"id":214745,"date":"2026-09-03T22:21:12","date_gmt":"2026-09-03T22:21:12","guid":{"rendered":"https:\/\/www.europesays.com\/si\/214745\/"},"modified":"2026-09-03T22:21:12","modified_gmt":"2026-09-03T22:21:12","slug":"velika-cistka-na-zunanjem-ministrstvu","status":"publish","type":"post","link":"https:\/\/www.europesays.com\/si\/214745\/","title":{"rendered":"Velika \u010distka na zunanjem ministrstvu"},"content":{"rendered":"<p>Minister Tone Kajzer je z enim zamahom razre\u0161il \u0161tiri odposlance Tanje Fajon.<\/p>\n<p>V nadaljevanju preberite:<\/p>\n<p>Kajzer je razre\u0161il \u0161tiri posebne odposlance Tanje Fajon.<br \/>\nRazre\u0161eni ostajajo zaposleni na zunanjem ministrstvu.<br \/>\nNa polo\u017eaju ostaja le posebni odposlanec za spomin na holokavst.<\/p>\n<p>Minister za zunanje in evropske zadeve <a href=\"https:\/\/www.zurnal24.si\/kljucne-besede\/tone-kajzer-125530\/articles\" rel=\"nofollow noopener\" target=\"_blank\">Tone Kajzer<\/a> je minuli teden razre\u0161il \u0161tiri posebne odposlance, ki jih je imenovala njegova predhodnica <a href=\"https:\/\/www.zurnal24.si\/kljucne-besede\/tanja-fajon-8937\/articles\" rel=\"nofollow noopener\" target=\"_blank\">Tanja Fajon<\/a>. Od posebnih odposlancev na polo\u017eaju ostaja le Marjan Cencen, in sicer na mestu posebnega odposlanca za ohranjanje spomina na holokavst in prepre\u010devanje genocida.<\/p>\n<p>Od ekipe Tanje Fajon je ostal le eden<\/p>\n<p>Znotraj ministrstva za zunanje in evropske zadeve poteka obse\u017ena reorganizacija. Po zdru\u017eitvi oziroma preoblikovanju direktoratov in imenovanju vr\u0161ilcev dol\u017enosti generalnih direktorjev so sledile spremembe na nivoju sektorjev, prej\u0161nji teden pa je Kajzer s polo\u017eaja razre\u0161il \u0161tiri posebne odposlance, ki jih je imenovala njegova predhodnica.<\/p>\n<p>An\u017eej Frange\u017e je bil kot posebni odposlanec zadol\u017een za Zahodni Balkan, Tanja Mi\u0161kova za vodno diplomacijo, Ksenija \u0160krilec za podnebno diplomacijo in Darja Bavda\u017e Kuret za \u017eenske, mir in varnost. Na zunanjem ministrstvu so izpostavili, da so bili razre\u0161eni zgolj s funkcij posebnih odposlancev ministra, sicer pa ostajajo zaposleni na ministrstvu.<\/p>\n<p>Kot osrednji razlog za prenehanje njihovih mandatov so navedli ministrovo odlo\u010ditev, da se delo na omenjenih podro\u010djih tesneje integrira v organizacijsko strukturo ministrstva in v delo pristojnih sektorjev. Dodali so, da nekatere od tem, ki so jih pokrivali, niso ve\u010d med osrednjimi prioritetami vladne zunanje politike, &#8220;kar pa ne pomeni, da jim ministrstvo tudi v prihodnje ne bo namenjalo ustrezne, \u010detudi nekoliko manj\u0161e pozornosti&#8221;.<\/p>\n<p>Kajzer ni razre\u0161il posebnega odposlanca za ohranjanje spomina na holokavst in prepre\u010devanje genocida Cencena. &#8220;Predvsem ostaja zato, ker tej tematiki vlada posve\u010da veliko pozornost,&#8221; so navedli na ministrstvu.<\/p>\n<p>Bo Kajzer pripeljal svoje ljudi?<\/p>\n<p>Na vpra\u0161anje, ali bo minister Kajzer imenoval nove posebne odposlance in za katera podro\u010dja, so na MZEZ odgovorili, da bo to storil, \u010de bodo tako narekovale konkretne potrebe oziroma kadar bo tak\u0161no obliko delovanja ali naziv zahtevalo mednarodno sodelovanje na posameznem tematskem podro\u010dju.<\/p>\n<p><a href=\"https:\/\/www.zurnal24.si\/slovenija\/mailto:dezurni@styria-media.si\" rel=\"nofollow noopener\" target=\"_blank\">dezurni@styria-media.si<\/a><\/p>\n","protected":false},"excerpt":{"rendered":"Minister Tone Kajzer je z enim zamahom razre\u0161il \u0161tiri odposlance Tanje Fajon. V nadaljevanju preberite: Kajzer je razre\u0161il&hellip;\n","protected":false},"author":2,"featured_media":214746,"comment_status":"","ping_status":"","sticky":false,"template":"","format":"standard","meta":{"footnotes":"","_share_on_mastodon":"0"},"categories":[20],"tags":[32,1854,10130,35,31,34,36,1154,1425,52463,37,38,1199,30824,33,5926],"class_list":["post-214745","post","type-post","status-publish","format-standard","has-post-thumbnail","category-novice","tag-headlines","tag-ministrstvo-za-zunanje-in-evropske-zadeve","tag-ministrstvo-za-zunanje-zadeve","tag-najpomembnejse-novice","tag-news","tag-novice","tag-osrednje-novice","tag-politika","tag-razresitev","tag-razresitve","tag-slovene","tag-slovenscina","tag-tanja-fajon","tag-tone-kajzer","tag-top-stories","tag-zunanje-ministrstvo"],"share_on_mastodon":{"url":"https:\/\/pubeurope.com\/@si\/117209444297367123","error":""},"_links":{"self":[{"href":"https:\/\/www.europesays.com\/si\/wp-json\/wp\/v2\/posts\/214745","targetHints":{"allow":["GET"]}}],"collection":[{"href":"https:\/\/www.europesays.com\/si\/wp-json\/wp\/v2\/posts"}],"about":[{"href":"https:\/\/www.europesays.com\/si\/wp-json\/wp\/v2\/types\/post"}],"author":[{"embeddable":true,"href":"https:\/\/www.europesays.com\/si\/wp-json\/wp\/v2\/users\/2"}],"replies":[{"embeddable":true,"href":"https:\/\/www.europesays.com\/si\/wp-json\/wp\/v2\/comments?post=214745"}],"version-history":[{"count":0,"href":"https:\/\/www.europesays.com\/si\/wp-json\/wp\/v2\/posts\/214745\/revisions"}],"wp:featuredmedia":[{"embeddable":true,"href":"https:\/\/www.europesays.com\/si\/wp-json\/wp\/v2\/media\/214746"}],"wp:attachment":[{"href":"https:\/\/www.europesays.com\/si\/wp-json\/wp\/v2\/media?parent=214745"}],"wp:term":[{"taxonomy":"category","embeddable":true,"href":"https:\/\/www.europesays.com\/si\/wp-json\/wp\/v2\/categories?post=214745"},{"taxonomy":"post_tag","embeddable":true,"href":"https:\/\/www.europesays.com\/si\/wp-json\/wp\/v2\/tags?post=214745"}],"curies":[{"name":"wp","href":"https:\/\/api.w.org\/{rel}","templated":true}]}}