{"id":214761,"date":"2026-09-03T22:40:14","date_gmt":"2026-09-03T22:40:14","guid":{"rendered":"https:\/\/www.europesays.com\/si\/214761\/"},"modified":"2026-09-03T22:40:14","modified_gmt":"2026-09-03T22:40:14","slug":"ekskluzivno-objavljamo-posnetek-nesrece-natase-pirc-musar-in-dogajanj-po-njej","status":"publish","type":"post","link":"https:\/\/www.europesays.com\/si\/214761\/","title":{"rendered":"Ekskluzivno: Objavljamo posnetek nesre\u010de Nata\u0161e Pirc Musar in dogajanj po njej"},"content":{"rendered":"<p>Pi\u0161e: Vida Kocjan\u00a0<\/p>\n<p>Ekskluzivno objavljamo celoten posnetek nesre\u010de in dogajanj po nesre\u010di v predoru Kastelec na primorski avtocesti, v kateri je bila 31. julija popoldan, udele\u017eena Nata\u0161a Pirc Musar.<\/p>\n<p>Posnetek je dolg 40 minut. Skladno z zahtevo Zakona o medijih in Zakona o dostopu do informacij z dne 3. avgusta nam je Dru\u017eba za avtoceste (Dars) posnetek predala v\u010deraj, 2. septembra 2026.<\/p>\n<p>Skupni posnetek je zdru\u017een iz dveh posnetkov (1 in 2), v nadaljevanju objavljamo zdru\u017eenega.<\/p>\n<p>Iz posnetka je razvidno, da je bilo v predoru takrat ve\u010d vozil (vsaj 6), med njimi na vo\u017enji tudi re\u0161evalno vozilo. Re\u0161evalci so nato pomagali ponesre\u010denim v belem vozilu, kombiju, s predsednico. Po vozi\u0161\u010du se je sprehajal mo\u0161ki v natika\u010dih. Prvi policist na motorju je na kraj dogodka prispel po dobrih 10 minutah, naslednja dva po 13 minutah. Policijski avto se je pripeljal po 15 minutah, za njim eno re\u0161evalno vozilo in ob 16.49 \u0161e drugo ter nato o\u010ditno \u0161e Darsovo vozilo. Sledil je gasilski avtomobil. Kolona avtomobilov v predoru je stala ob strani, nih\u010de ni izstopil.<\/p>\n<p>Na 22. minuti je razvidna \u017eenska z dalj\u0161imi svetlimi lasmi, svetlo jopico in v temnih hla\u010dah, ki je pristopila do avtomobila izza kombija in nekaj vzela. V zadnje re\u0161evalno vozilo je vstopil re\u0161evalec in vrata so se zaprla.<\/p>\n<p>Nata\u0161e Pirc Musar na posnetku ni zaznati, iz kombija niso nikogar odnesli na nosilih, koga so namestili v prvo re\u0161evalno vozilo pa ni razvidno, saj je za njim stalo drugo, ki je zapiralo pogled.<\/p>\n<p>Registrske oznake avtomobilov na posnetku so zatemnjene, prav tako na posnetku ni objavljene ure dogodka.<\/p>\n<p>Dodajmo, da so mediji (TV Slovenija in POP TV) v posnetku objavili zgolj 5 kadrov, kakor je to ugotovil tudi dr. Niko Gamulin.<\/p>\n<p>Objavljamo skupni (zdru\u017eeni) posnetek, kot nam ga je posredoval Dars.<\/p>\n","protected":false},"excerpt":{"rendered":"Pi\u0161e: Vida Kocjan\u00a0 Ekskluzivno objavljamo celoten posnetek nesre\u010de in dogajanj po nesre\u010di v predoru Kastelec na primorski avtocesti,&hellip;\n","protected":false},"author":2,"featured_media":214762,"comment_status":"","ping_status":"","sticky":false,"template":"","format":"standard","meta":{"footnotes":"","_share_on_mastodon":"0"},"categories":[20],"tags":[1527,22613,32,35,502,31,34,36,718,45104,37,38,33],"class_list":["post-214761","post","type-post","status-publish","format-standard","has-post-thumbnail","category-novice","tag-dars","tag-dr-natasa-pirc-musar","tag-headlines","tag-najpomembnejse-novice","tag-nesreca","tag-news","tag-novice","tag-osrednje-novice","tag-posnetek","tag-predor-kastelec","tag-slovene","tag-slovenscina","tag-top-stories"],"share_on_mastodon":{"url":"https:\/\/pubeurope.com\/@si\/117209518867141492","error":""},"_links":{"self":[{"href":"https:\/\/www.europesays.com\/si\/wp-json\/wp\/v2\/posts\/214761","targetHints":{"allow":["GET"]}}],"collection":[{"href":"https:\/\/www.europesays.com\/si\/wp-json\/wp\/v2\/posts"}],"about":[{"href":"https:\/\/www.europesays.com\/si\/wp-json\/wp\/v2\/types\/post"}],"author":[{"embeddable":true,"href":"https:\/\/www.europesays.com\/si\/wp-json\/wp\/v2\/users\/2"}],"replies":[{"embeddable":true,"href":"https:\/\/www.europesays.com\/si\/wp-json\/wp\/v2\/comments?post=214761"}],"version-history":[{"count":0,"href":"https:\/\/www.europesays.com\/si\/wp-json\/wp\/v2\/posts\/214761\/revisions"}],"wp:featuredmedia":[{"embeddable":true,"href":"https:\/\/www.europesays.com\/si\/wp-json\/wp\/v2\/media\/214762"}],"wp:attachment":[{"href":"https:\/\/www.europesays.com\/si\/wp-json\/wp\/v2\/media?parent=214761"}],"wp:term":[{"taxonomy":"category","embeddable":true,"href":"https:\/\/www.europesays.com\/si\/wp-json\/wp\/v2\/categories?post=214761"},{"taxonomy":"post_tag","embeddable":true,"href":"https:\/\/www.europesays.com\/si\/wp-json\/wp\/v2\/tags?post=214761"}],"curies":[{"name":"wp","href":"https:\/\/api.w.org\/{rel}","templated":true}]}}