{"id":214777,"date":"2026-09-03T23:10:09","date_gmt":"2026-09-03T23:10:09","guid":{"rendered":"https:\/\/www.europesays.com\/si\/214777\/"},"modified":"2026-09-03T23:10:09","modified_gmt":"2026-09-03T23:10:09","slug":"sanjski-dan-jakoba-omrzela-najmlajsi-na-vuelti-do-velicastne-etapne-zmage-video","status":"publish","type":"post","link":"https:\/\/www.europesays.com\/si\/214777\/","title":{"rendered":"Sanjski dan Jakoba Omrzela: najmlaj\u0161i na Vuelti do veli\u010dastne etapne zmage! #video"},"content":{"rendered":"<p>POTEK ETAPE:\u00a0Dirka po \u0160paniji, 12. etapa (Vera\u2013Calar Alto, 166,6 km)<\/p>\n<p dir=\"ltr\" lang=\"en\">\ud83c\udf1f A star is born \ud83c\udf1f<\/p>\n<p>20-year-old Jakob Omrzel soloes to an incredible maiden Grand Tour stage win at La Vuelta \ud83d\udc4f <a href=\"https:\/\/t.co\/NCl8qpXZDz\" rel=\"nofollow\">pic.twitter.com\/NCl8qpXZDz<\/a><\/p>\n<p>\u2014 Cycling on TNT Sports (@cyclingontnt) <a href=\"https:\/\/x.com\/cyclingontnt\/status\/2095538554222907527?ref_src=twsrc%5Etfw\" rel=\"nofollow\">September 3, 2026<\/a><\/p>\n<p>Rezultati 12. etape<\/p>\n<p>Mesto<br \/>\nKolesar<br \/>\nEkipa<br \/>\n\u010cas\/zaostanek<\/p>\n<p>1.<br \/>\nJakob Omrzel (Slo)<br \/>\nBahrain-Victorious<br \/>\n4:29:53<\/p>\n<p>2.<br \/>\nUrko Berrade (\u0160pa)<br \/>\nKern Pharma<br \/>\n+ 1:56<\/p>\n<p>3.<br \/>\nSantiago Buitrago (Kol)<br \/>\nBahrain-Victorious<br \/>\n+ 2:13<\/p>\n<p>4.<br \/>\nAleksej Lucenko (Kaz)<br \/>\nNSN<br \/>\n+ 2:49<\/p>\n<p>5.<br \/>\nMauri Vansevenant (Bel)\u00a0<br \/>\nSoudal Quick-Step<br \/>\n+ 2:53<\/p>\n<p>6.<br \/>\nEnric Mas (\u0160pa)<br \/>\nMovistar<br \/>\n+ 2:56<\/p>\n<p>7.<br \/>\nFelix Gall (Avt)<br \/>\nDecathlon CMA CGM<br \/>\n+ 3:23<\/p>\n<p>8.<br \/>\nPrimo\u017e Rogli\u010d (Slo)<br \/>\nRed Bull-BORA-hansgrohe<br \/>\nisti \u010das<\/p>\n<p>9.<br \/>\nRichard Carapaz (Ekv)<br \/>\nEF Education-EasyPost<br \/>\nisti \u010das<\/p>\n<p>10.<br \/>\nGregor M\u00fchlberger (Avt)<br \/>\nDecathlon CMA CGM<br \/>\n+ 3:50<\/p>\n<p>&#8230;<\/p>\n<p>83.<br \/>\nGal Glivar (Slo)<br \/>\nAlpecin-Premier Tech<br \/>\n+ 35:09<\/p>\n<p>102.<br \/>\nRoman Ermakov (Slo)<br \/>\nBahrain-Victorious<br \/>\nisti \u010das<\/p>\n<p>124.<br \/>\nDomen Novak (Slo)<br \/>\nUAE Team Emirates-XRG<br \/>\n+ 37:16<\/p>\n<p>129.<br \/>\nMatev\u017e Govekar (Slo)<br \/>\nBahrain-Victorious<br \/>\nisti \u010das<\/p>\n<p>Skupni se\u0161tevek po 12. etapi<\/p>\n<p>Mesto<br \/>\nKolesar<br \/>\nEkipa<br \/>\n\u010cas\/zaostanek<\/p>\n<p>1.<br \/>\nEnric Mas (\u0160pa)<br \/>\nMovistar<br \/>\n40:31:51<\/p>\n<p>2.<br \/>\nPrimo\u017e Rogli\u010d (Slo)<br \/>\nRed Bull-BORA-hansgrohe<br \/>\n+ 1:45<\/p>\n<p>3.<br \/>\nFelix Gall (Avt)<br \/>\nDecathlon CMA CGM<br \/>\n+ 2:06<\/p>\n<p>4.<br \/>\nRichard Carapaz (Ekv)<br \/>\nEF Education-EasyPost<br \/>\n+ 3:53<\/p>\n<p>5.<br \/>\nOscar Onley (VBr)<br \/>\nNetcompany Ineos<br \/>\n+ 4:29<\/p>\n<p>6.<br \/>\nJakob Omrzel (Slo)<br \/>\nBahrain-Victorious<br \/>\n+ 4:59<\/p>\n<p>7.<br \/>\nMattias Skjelmose (Dan)<br \/>\nLidl-Trek<br \/>\n+ 7:42<\/p>\n<p>8.<br \/>\nSepp Kuss (ZDA)<br \/>\nVisma-Lease a Bike<br \/>\n+ 7:58<\/p>\n<p>9.<br \/>\nGregor M\u00fchlberger (Avt)<br \/>\nDecathlon CMA CGM<br \/>\n+ 8:27<\/p>\n<p>10.<br \/>\nHarold Tejada (Kol)<br \/>\nXDS Astana<br \/>\n+ 8:33<\/p>\n<p>&#8230;<\/p>\n<p>101.<br \/>\nGal Glivar (Slo)<br \/>\nAlpecin-Premier Tech<br \/>\n+ 2:08:56<\/p>\n<p>127.<br \/>\nRoman Ermakov (Slo)<br \/>\nBahrain-Victorious<br \/>\n+ 2:30:53<\/p>\n<p>139.<br \/>\nMatev\u017e Govekar (Slo)<br \/>\nBahrain-Victorious<br \/>\n+ 2:43:08<\/p>\n<p>158.<br \/>\nDomen Novak (Slo)<br \/>\nUAE Team Emirates-XRG<br \/>\n+ 3:10:14<\/p>\n<p>Cilj! NORO!!!! OMRZEL JE DOBIL ETAPO NA VUELTI, V SKUPNEM SE\u0160TEVKU PA JE NAPREDOVAL NA 6. MESTO.<\/p>\n<p>Spotoma pa je z zmago spisal tudi zgodovino. Pri 20 letih, petih mesecih in 13 dneh je postal najmlaj\u0161i Slovenec z etapno zmago na eni od tritedenskih dirk. Presegel je dose\u017eek Tadeja Poga\u010darja, ki je bil ob svoji prvi etapni zmagi na Vuelti leta 2019 star 20 let, 11 mesecev in deset dni.\u00a0Omrzel je hkrati najmlaj\u0161i etapni zmagovalec na Grand Touru po Celestinu Prietu, ki je leta 1981 \u010detrto etapo Vuelte dobil pri 20 letih, dveh mesecih in 27 dneh.<\/p>\n<p>Drugo mesto je osvojil \u0160panec\u00a0Urko\u00a0Berrade, ki je zaostal 1:56 minute, tretji je bil Omrzelov mo\u0161tveni kolega, Kolumbijec Santiago Buitrago (+2:13).<\/p>\n<p>Zadnji kilometer: Jakob Omrzel bo dobil etapo na Vuelti!\u00a0\u00a0<\/p>\n<p>2 km do cilja: Dobro ka\u017ee! 20-letni Omrzel se pelje etapni zmagi naproti! Enric Mas pa bo \u0161e pove\u010dal prednost pred Rogli\u010dem in Gallom.\u00a0<\/p>\n<p>6 km do cilja:\u00a0Jakoba Omrzela do cilja lo\u010di \u0161e \u0161est. Enric Mas se je medtem\u00a0priklju\u010dil mo\u0161tvenemu kolegu Ra\u00falu Garc\u00edi Pierni, Movistar pa za zdaj takti\u010dno odli\u010dno nadzoruje polo\u017eaj. Felix Gall in Primo\u017e Rogli\u010d zaostaja \u017ee 40 sekund.\u00a0<\/p>\n<p>10 km do cilja: Napad\u00a0Enrica Masa!\u00a0Za \u0161panskim hribolazcem pri lovu sodelujeta Felix Gall in Primo\u017e Rogli\u010d.\u00a0<\/p>\n<p>13 km do cilja:\u00a0Napadel je Felix Gall, sledita mu lahko le vodilni Enric Mas in Primo\u017e Rogli\u010d. Medtem je v ube\u017eni skupini popustil Santiago Buitrago, na \u010delo dirke pa se je preselil Jakob Omrzel, ki se je otresel tudi\u00a0Urka\u00a0Berrada\u00a0(Equipo Kern Pharma), ki ni sodeloval pri narekovanju tempa. Se lahko Omrzel pripelje do etapne zmage?\u00a0<\/p>\n<p>14 km do cilja:\u00a0Na \u010delu dirke so ostali le \u0161e \u0161tirje kolesarji, med njimi pa je \u0161e vedno izjemni Jakob Omrzel. Tempo narekuje njegov mo\u0161tveni kolega Santiago Buitrago, vodilni v razvrstitvi za pik\u010dasto majico najbolj\u0161ega hribolazca. Prednost pred skupino z rde\u010do majico,\u00a0kjer vajeti prevzema ekipa Decathlona,\u00a0je medtem skopnela pod pet minut.\u00a0<\/p>\n<p>Felix Gall ima ob sebi \u0161e tri mo\u0161tvene kolege &#8211; Milesa Scotsona, Gregorja M\u00fchlbergerja in Matthewa Riccitella -, z njim pa so tudi \u0161tirje neposredni tekmeci za skupni se\u0161tevek: Enric Mas, Primo\u017e Rogli\u010d, Oscar Onley in Richard Carapaz.<\/p>\n<p dir=\"ltr\" lang=\"fr\">4 hommes se d\u00e9tachent dans la mont\u00e9e finale dont Jakob Omrzel, qui \u00e9tait 10e du g\u00e9n\u00e9ral \u00e0 8&#8217;05&#8221;. Le Slov\u00e8ne peut compter sur Santiago Buitrago. L\u00e9o Bisiaux et Urko Berrade sont l\u00e0 \u00e9galement.<\/p>\n<p>5&#8242; d&#8217;avance \u00e0 15km. <a href=\"https:\/\/x.com\/hashtag\/LaVuelta26?src=hash&amp;ref_src=twsrc%5Etfw\" rel=\"nofollow\">#LaVuelta26<\/a> <a href=\"https:\/\/t.co\/F1aQCnuJuK\" rel=\"nofollow\">pic.twitter.com\/F1aQCnuJuK<\/a><\/p>\n<p>\u2014 Le Gruppetto (@LeGruppetto) <a href=\"https:\/\/x.com\/LeGruppetto\/status\/2095528909190074393?ref_src=twsrc%5Etfw\" rel=\"nofollow\">September 3, 2026<\/a><\/p>\n<p>17 km do cilja: Kolesarji so za\u010deli zadnji vzpon dana\u0161nje etape\u00a0Calar Alto (17km,\u00a05.6%). Jakob Omrzel je \u0161e vedno del devet\u010dlanske vodilne skupine (Tuckwell, Garcia Pierna, Bisiaux, Haig, Buitrago, Lutsenko, Vansevenant in\u00a0Berrade), glavnina pa \u0161e vedno zaostaja pet minut in pol.<\/p>\n<p dir=\"ltr\" lang=\"en\"><a href=\"https:\/\/x.com\/hashtag\/LaVuelta26?src=hash&amp;ref_src=twsrc%5Etfw\" rel=\"nofollow\">#LaVuelta26<\/a> &#8211; 16,5 to go. 5&#8217;28&#8221;<\/p>\n<p>Breakaway started the final climb to Calar Alto. G1: Tuckwell, Garcia Pierna, Bisiaux, Haig, Buitrago, Omrzel, Lutsenko, Vansevenant and Berrade<\/p>\n<p>Carapaz in peloton <a href=\"https:\/\/t.co\/tgDlPtufLQ\" rel=\"nofollow\">pic.twitter.com\/tgDlPtufLQ<\/a><\/p>\n<p>\u2014 La Flamme Rouge (@laflammerouge16) <a href=\"https:\/\/x.com\/laflammerouge16\/status\/2095527675062309373?ref_src=twsrc%5Etfw\" rel=\"nofollow\">September 3, 2026<\/a><\/p>\n<p>27 km do cilja:\u00a0Ube\u017enikom po\u010dasi pojenjajo mo\u010di, zato se virtualna razmerja v skupnem se\u0161tevku znova spreminjajo. Jakob Omrzel (Bahrain-Victorious), ki je \u017ee ves dan v begu, je z 10. mesta napredoval na virtualno peto, v razvrstitvi za belo majico pa je znova drugi, pri \u010demer za Oscarjem Onleyjem\u00a0(Netcompany Ineos) zaostaja le 19 sekund.<\/p>\n<p>Virtualni skupni se\u0161tevek v tem trenutku:<\/p>\n<p>Mesto<br \/>\nKolesar<br \/>\nZaostanek<\/p>\n<p>1.<br \/>\nEnric Mas<br \/>\n36:04:30<\/p>\n<p>2.<br \/>\nPrimo\u017e Rogli\u010d<br \/>\n+1:18<\/p>\n<p>3.<br \/>\nFelix Gall<br \/>\n+1:39<\/p>\n<p>4.<br \/>\nOscar Onley<br \/>\n+2:20<\/p>\n<p>5.<br \/>\nJakob Omrzel \u25b25\u00a0<br \/>\n+2:37<\/p>\n<p>32 km do cilja: Zasledovalci so manj kot kilometer pred vrhom vzpona Alto de Velefique ujeli Omrzela in Bisiauxa.\u00a0Buitrago je prvi pre\u010dkal gorski cilj, Carapaz pa je po po neuspelem napadu poniknil v glavnini.<\/p>\n<p>Rezultati gorskega cilja Alto de Velefique (1. kategorija):<\/p>\n<p>Mesto<br \/>\nKolesar<br \/>\nTo\u010dke<br \/>\nBonifikacijske sekunde<\/p>\n<p>1.<br \/>\nSantiago Buitrago\u00a0<br \/>\n10<br \/>\n6 s<\/p>\n<p>2.<br \/>\nAlexey Lutsenko<br \/>\n6<br \/>\n4 s<\/p>\n<p>3.<br \/>\nLuke Tuckwell<br \/>\n4<br \/>\n2 s<\/p>\n<p>4.<br \/>\nJack Haig<br \/>\n2<br \/>\n\u2013<\/p>\n<p>5.<br \/>\nLeo Bisiaux<br \/>\n1<br \/>\n\u2013<\/p>\n<p>36 km do cilja:\u00a0Akcija! Richard Carapaz nikoli ne razo\u010dara! Iz glavnine je napadel na predzadnjem vzponu, ve\u010d kot 36 kilometrov pred ciljem, skoraj isto\u010danso pa je iz ube\u017ene skupine napadel\u00a0Jakob Omrzel (EF). Njegov napad je zdr\u017eal le\u00a0L\u00e9o Bisiaux (Decathlon CMA CGM Team), ki pa Omrzelu zagotovo ne bo pomagal pri menjavah. Pred zasledovalci imata nekaj ve\u010d\u00a0kot 20 sekund prednosti.<\/p>\n<p dir=\"ltr\" lang=\"fr\">Richard Carapaz attaque dans l&#8217;avant-derni\u00e8re difficult\u00e9, \u00e0 plus de 36km de l&#8217;arriv\u00e9e ! Enric Mas n&#8217;avait plus qu&#8217;un co\u00e9quipier \u00e0 ses c\u00f4t\u00e9s.<\/p>\n<p>Ils sont encore une bonne 10aine dans l&#8217;\u00e9chapp\u00e9e \u00e0 l&#8217;avant, avec 6&#8217;15&#8221; d&#8217;avance, dont L\u00e9o Bisiaux. <a href=\"https:\/\/x.com\/hashtag\/LaVuelta26?src=hash&amp;ref_src=twsrc%5Etfw\" rel=\"nofollow\">#LaVuelta26<\/a> <a href=\"https:\/\/t.co\/we1Hm5FSfI\" rel=\"nofollow\">pic.twitter.com\/we1Hm5FSfI<\/a><\/p>\n<p>\u2014 Le Gruppetto (@LeGruppetto) <a href=\"https:\/\/x.com\/LeGruppetto\/status\/2095520134144123012?ref_src=twsrc%5Etfw\" rel=\"nofollow\">September 3, 2026<\/a><\/p>\n<p>39 km do cilja:\u00a0Ube\u017ena skupina z Jakobom Omrzelom ima \u017ee skoraj sedem minut in pol prednosti pred glavnino. To pomeni, da je 20-letni Slovenec, ki je virtualno \u017ee prevzel tudi belo majico najbolj\u0161ega mladega kolesarja, v skupnem se\u0161tevku prehitel rojaka Primo\u017ea Rogli\u010da in je trenutno virtualno \u017ee drugi! Lahko Omrzel zadr\u017ei visok ritem vse do cilja, ki mu je po profilu pisan na ko\u017eo?<\/p>\n<p><img decoding=\"async\" alt=\"mrzu | Foto: \" class=\"article_content__inline_image js_imageLightbox is-clickable\" data-author=\"\" data-caption=\"\" data-height=\"923\" data-href=\"https:\/\/siol.net\/media\/img\/74\/a8\/d479ca45699785ff9082-mrzu.jpeg\" data-width=\"1623\" loading=\"lazy\" src=\"\/media\/img\/21\/b0\/ceb50fd3b183f607c259-mrzu.jpeg\" title=\"mrzu\"\/><\/p>\n<p>43 km do cilja:\u00a0Wout van Aert je danes zares izjemno razpolo\u017een. Potem ko je dobil \u017ee tri gorske cilje v 12. etapi, je bil najhitrej\u0161i tudi na vmesnem sprintu v kraju Velefique. Pobral je 13 to\u010dk za pik\u010dasto in 20 to\u010dk za zeleno majico. Po pre\u010dkanju ciljne \u010drte je nato ob\u010dutno zmanj\u0161al tempo in bo, kot ka\u017ee, po\u010dakal na glavnino. Tempo v ube\u017eni skupini, ki se kr\u010di, narekuje Almeida.<\/p>\n<p dir=\"ltr\" lang=\"es\">\ud83c\udfc1 42 km | Stage 1\ufe0f\u20e32\ufe0f\u20e3 &#8211; Etapa 1\ufe0f\u20e32\ufe0f\u20e3<\/p>\n<p>\u2764\ufe0f Just La Vuelta things: when the intermediate sprint is IN the categorised climb<\/p>\n<p>\u2694\ufe0f Almeida acelera el paso y se empieza a seleccionar la fuga<\/p>\n<p>\ud83d\udc9a \ud835\udc15\ud835\udc04\ud835\udc0b\ud835\udc04\ud835\udc05\ud835\udc08\ud835\udc10\ud835\udc14\ud835\udc04<\/p>\n<p>1\ufe0f\u20e3 Wout van Aert &#8211; <a href=\"https:\/\/x.com\/vismaleaseabike?ref_src=twsrc%5Etfw\" rel=\"nofollow\">@vismaleaseabike<\/a> | 20 p.<br \/>2\ufe0f\u20e3 Joao Almeida -\u2026 <a href=\"https:\/\/t.co\/PY0URjeLYY\" rel=\"nofollow\">pic.twitter.com\/PY0URjeLYY<\/a><\/p>\n<p>\u2014 La Vuelta (@lavuelta) <a href=\"https:\/\/x.com\/lavuelta\/status\/2095515277031067804?ref_src=twsrc%5Etfw\" rel=\"nofollow\">September 3, 2026<\/a><\/p>\n<p>Rezultati vmesnega sprinta v Velefiqueju:<\/p>\n<p>Mesto<br \/>\nKolesar<br \/>\nTo\u010dke<\/p>\n<p>1.<br \/>\nWout van Aert<br \/>\n20<\/p>\n<p>2.<br \/>\nJo\u00e3o Almeida<br \/>\n17<\/p>\n<p>3.<br \/>\nKevin Vermaerke<br \/>\n15<\/p>\n<p>4.<br \/>\nAndreas Kron<br \/>\n13<\/p>\n<p>5.<br \/>\nAnthony Rochas<br \/>\n10<\/p>\n<p>Virtualni se\u0161tevek za zeleno majico:<\/p>\n<p>Mesto<br \/>\nKolesar<br \/>\nTo\u010dke<br \/>\nDanes osvojene to\u010dke<\/p>\n<p>1.<br \/>\nWout van Aert<br \/>\n194<br \/>\n20<\/p>\n<p>2.<br \/>\nMatthew Brennan<br \/>\n117<br \/>\n\u2013<\/p>\n<p>3.<br \/>\nAlessandro Romele\u00a0<br \/>\n96<br \/>\n\u2013<\/p>\n<p>4.<br \/>\nBryan Coquard<br \/>\n94<br \/>\n\u2013<\/p>\n<p>5.<br \/>\nEthan Hayter<br \/>\n77<br \/>\n\u2013<\/p>\n<p>52 km do cilja: \u0160tevil\u010dna ube\u017ena skupina z Jakobom Omrzelom ima \u017ee skoraj sedem minut prednosti in pol pred glavnino. 20-letni Omrzel, ki je najmlaj\u0161i kolesar na leto\u0161nji Vuelti, je \u017ee udobno v beli majici najbolj\u0161ega mladega kolesarja, v skupnem se\u0161tevku pa je iz 10. sko\u010dil na 3. mesto!\u00a0Kolesarji se bli\u017eajo vmesnemu cilju v kraju\u00a0Velefique.<\/p>\n<p>Spomnimo, kdo so kolesarji v ube\u017eni skupini:<\/p>\n<p>Ekipa<br \/>\nKolesarji v pobegu<\/p>\n<p>Red Bull-BORA-hansgrohe\u00a0<br \/>\nTuckwell<\/p>\n<p>UAE Team Emirates-XRG<br \/>\nAlmeida, Oliveira, Vermaerke<\/p>\n<p>Movistar<br \/>\nCastrillo, Garc\u00eda Pierna<\/p>\n<p>Visma | Lease a Bike<br \/>\nVan Aert<\/p>\n<p>Decathlon CMA CGM<br \/>\nBisiaux<\/p>\n<p>Pinarello Q36.5<br \/>\nDunbar<\/p>\n<p>Bahrain Victorious<br \/>\nBilbao, Buitrago, Omrzel<\/p>\n<p>Lidl-Trek<br \/>\nK\u00e4mna<\/p>\n<p>Groupama-FDJ United<br \/>\nRochas<\/p>\n<p>NSN<br \/>\nLutsenko<\/p>\n<p>Soudal Quick-Step<br \/>\nVansevenant<\/p>\n<p>Uno-X Mobility<br \/>\nJohannessen, Kron, Leknessund\u00a0<\/p>\n<p>Jayco AlUla<br \/>\nPickering<\/p>\n<p>EF Education-EasyPost<br \/>\nAlbanese<\/p>\n<p>Tudor<br \/>\nBrenner<\/p>\n<p>XDS Astana<br \/>\nMulubrhan<\/p>\n<p>Kern Pharma<br \/>\nBerrade<\/p>\n<p>70 km do cilja: Iz ube\u017ene skupine sta se odpeljala Wout van Aert in Santiago Buitrago. Ustvarila sta si 20\u00a0sekund prednosti pred prvo zasledovalno skupino z Jakobom Omrzelom, a so ju kmalu ujeli. Prva skupina ima \u017ee 6:40 minute prednosti pred glavnino, kar pomeni, da je Omrzel ujel Felixa Galla\u00a0in se virtualno prebil na 3. mesto. Informacija je o\u010ditno vznemirila ekipo Decathlon, ki je v \u017eelji po branjenju polo\u017eaja Galla v skupnem se\u0161tevku, prevzeli odgovornost za narekovanje ritma v glavnini.\u00a0<\/p>\n<p><img decoding=\"async\" alt=\"mrzu | Foto: \" class=\"article_content__inline_image js_imageLightbox is-clickable\" data-author=\"\" data-caption=\"\" data-height=\"910\" data-href=\"https:\/\/siol.net\/media\/img\/49\/2b\/775e8ed771e24ea19565-mrzu.jpeg\" data-width=\"1643\" loading=\"lazy\" src=\"\/media\/img\/c8\/9a\/b33d256f093caf00b4b1-mrzu.jpeg\" title=\"mrzu\"\/><\/p>\n<p>80 km do cilja: Tik pred tretjim gorskim ciljem 12. etape Collado Garcia sta mo\u010dno pospe\u0161ila Wout van Aert in Santiago Buitrago in med seboj obra\u010dunala za to\u010dke. Mo\u010dnej\u0161i je bil van Aert, ki je pobral pet to\u010dk in ga do pik\u010daster majice lo\u010di le \u0161e osem to\u010dk.\u00a0<\/p>\n<p>Rezultati gorskega cilja Collado Garc\u00eda (2. kat.):<\/p>\n<p>Mesto<br \/>\nKolesar<br \/>\nTo\u010dke<\/p>\n<p>1.<br \/>\nWout van Aert<br \/>\n5<\/p>\n<p>2.<br \/>\nSantiago Buitrago\u00a0<br \/>\n3<\/p>\n<p>3.<br \/>\nPello Bilbao<br \/>\n1<\/p>\n<p dir=\"ltr\" lang=\"en\">\ud83e\udd1d The breakaway is working well together and their advantage has grown to 6&#8242; over the peloton, controlled by Movistar. Meanwhile, the battle between van Aert and Buitrago goes into the next round \ud83e\udd1c\ud83e\udd1b<\/p>\n<p>\u26a1\ufe0fLa fuga se entiende, colabora y ya son 6&#8242; de ventaja con el pelot\u00f3n,\u2026 <a href=\"https:\/\/t.co\/gV4SpAdPK0\" rel=\"nofollow\">pic.twitter.com\/gV4SpAdPK0<\/a><\/p>\n<p>\u2014 La Vuelta (@lavuelta) <a href=\"https:\/\/x.com\/lavuelta\/status\/2095504185001185287?ref_src=twsrc%5Etfw\" rel=\"nofollow\">September 3, 2026<\/a><\/p>\n<p>Virtualni se\u0161tevek za gorsko razvrstitev:<\/p>\n<p>Mesto<br \/>\nKolesar<br \/>\nTo\u010dke<br \/>\nDanes osvojene to\u010dke<\/p>\n<p>1.<br \/>\nSantiago Buitrago<br \/>\n38<br \/>\n7<\/p>\n<p>2.<br \/>\nWout van Aert<br \/>\n30<br \/>\n11<\/p>\n<p>3.<br \/>\nEnric Mas<br \/>\n24<br \/>\n\u2013<\/p>\n<p>4.<br \/>\nAndreas Leknessund<br \/>\n19<br \/>\n\u2013<\/p>\n<p>5.<br \/>\nLorenzo Fortunato<br \/>\n14<br \/>\n\u2013<\/p>\n<p>85 km do cilja: Ube\u017ena skupina z Jakobom Omrzelom ima \u017ee skoraj \u0161est minut prednosti pred glavnino, kar pomeni, da je Omrzel prevzel vodstvo med mladimi kolesarji, v skupnem se\u0161tevku pa je zdaj \u017ee na 4. mestu! Bravo, Jakob!<\/p>\n<p><img decoding=\"async\" alt=\"omrzel | Foto: \" class=\"article_content__inline_image js_imageLightbox is-clickable\" data-author=\"\" data-caption=\"\" data-height=\"924\" data-href=\"https:\/\/siol.net\/media\/img\/cf\/b6\/d121e41f4cba2a597998-omrzel.jpeg\" data-width=\"1641\" loading=\"lazy\" src=\"\/media\/img\/a0\/27\/d51200fabeb9b9daab5c-omrzel.jpeg\" title=\"omrzel\"\/><\/p>\n<p>98 km do cilja:\u00a0Ube\u017eniki so se za\u010deli vzpenjati na tretji kategorizirani vzpon dneva. Do vrha Collada Garcia, gorskega cilja druge kategorije, jih \u010daka 18,5 kilometra precej neenakomernega vzpenjanja. Ube\u017ena skupina s kar 30 kolesarji, vklju\u010dno z Jakobom Omrzelom, ki je med njimi najvi\u0161je uvr\u0161\u010den v skupni razvrstitvi, ima \u017ee ve\u010d kot pet minut prednosti pred glavnino.<\/p>\n<p dir=\"ltr\" lang=\"en\">\ud83c\udfc1- 109 km | Stage 1\ufe0f\u20e32\ufe0f\u20e3 &#8211; Etapa 1\ufe0f\u20e32\ufe0f\u20e3<\/p>\n<p>\ud83d\udc9a van Aert keeps picking up those mountain points, and Omrzel slots into virtual fifth place in GC!<\/p>\n<p>\ud83d\udc40 van Aert sigue sumando puntos&#8230; \u00a1y Omrzel ya es quinto en la general virtual de la carrera!<\/p>\n<p>\u26f0 3\ufe0f\u20e3 \ud835\udc00\ud835\udc0b\ud835\udc13\ud835\udc0e \ud835\udc03\ud835\udc04 \ud835\udc02\ud835\udc0e\u0301\ud835\udc01\ud835\udc03\ud835\udc00\ud835\udc11<\/p>\n<p>1\ufe0f\u20e3 Wout\u2026 <a href=\"https:\/\/t.co\/4HHKMvBar2\" rel=\"nofollow\">pic.twitter.com\/4HHKMvBar2<\/a><\/p>\n<p>\u2014 La Vuelta (@lavuelta) <a href=\"https:\/\/x.com\/lavuelta\/status\/2095491548016164962?ref_src=twsrc%5Etfw\" rel=\"nofollow\">September 3, 2026<\/a><\/p>\n<p>105 km do cilja: Ube\u017ena skupina ima \u017ee 4.40 minute prendosti pred glavnino, kar pomeni, da je Jakob Omrzel iz 10. mesta napredoval na skupno peto, kar je izjemno!<\/p>\n<p>108 km do cilja:\u00a0Wout van Aert je dobil tudi gorski cilj na Alto de C\u00f3bdarju in pobral nove tri to\u010dke. Drugi je bil Santiago Buitrago, tretji pa Pello Bilbao.\u00a0Ube\u017eni skupini sta se priklju\u010dila \u0161e dva kolesarja, tako da je zdaj v njej 30 mo\u017e. Priklju\u010dila sta se Jos\u00e9 Manuel D\u00edaz Gallego (Burgos-Burpellet BH) in Chris Hamilton (Picnic PostNL), medtem ko se je\u00a0Pavel Sivakov (UAE Team Emirates-XRG) odlo\u010dil, da po\u010daka na glavnino.<\/p>\n<p>Rezultati gorskega cilja Alto de C\u00f3bdar:<\/p>\n<p>Mesto<br \/>\nKolesar<br \/>\nTo\u010dke<\/p>\n<p>1.<br \/>\nWout van Aert<br \/>\n3<\/p>\n<p>2.<br \/>\nSantiago Buitrago\u00a0<br \/>\n2<\/p>\n<p>3.<br \/>\nPello Bilbao<br \/>\n1<\/p>\n<p>109 km do cilja:\u00a0Na vzponu na Alto de Cobdar (4,9 km\/4,5 %) tempo v glavnini narekuje Movistar, ki jih verjetno skrbi prisotnost Jakoba Omrzela\u00a0v ube\u017eni skupini. Zaostanek za vodilno skupino zna\u0161a \u0161tiri minute.<\/p>\n<p>120 km do cilja:\u00a0V ospredju se je oblikovala izjemno mo\u010dna ube\u017ena skupina, v kateri so med drugim Jakob Omrzel, Joao Almeida, Wout van Aert, Santiago Buitrago, Pello Bilbao, Tobias Halland Johannessen &#8230; Pred glavnino imajo \u017ee tri minute in pol naskoka. Ube\u017eni skupini se sku\u0161a priklju\u010diti tudi Pavel Sivakov iz ekipe UAE.\u00a0<\/p>\n<p dir=\"ltr\" lang=\"en\"><a href=\"https:\/\/x.com\/hashtag\/LaVuelta26?src=hash&amp;ref_src=twsrc%5Etfw\" rel=\"nofollow\">#LaVuelta26<\/a> &#8211; 113 to go. 3&#8217;39&#8221;<\/p>\n<p>Maxi-breakaway of 26 riders in front, Omrzel is inside, so Movistar is working in the peloton. <a href=\"https:\/\/t.co\/MSulqV0CTf\" rel=\"nofollow\">pic.twitter.com\/MSulqV0CTf<\/a><\/p>\n<p>\u2014 La Flamme Rouge (@laflammerouge16) <a href=\"https:\/\/x.com\/laflammerouge16\/status\/2095486709341307138?ref_src=twsrc%5Etfw\" rel=\"nofollow\">September 3, 2026<\/a><\/p>\n<p>Ekipa<br \/>\nKolesarji v pobegu<\/p>\n<p>Red Bull-BORA-hansgrohe\u00a0<br \/>\nTuckwell<\/p>\n<p>UAE Team Emirates-XRG<br \/>\nAlmeida, Oliveira, Vermaerke<\/p>\n<p>Movistar<br \/>\nCastrillo, Garc\u00eda Pierna<\/p>\n<p>Visma | Lease a Bike<br \/>\nVan Aert<\/p>\n<p>Decathlon CMA CGM<br \/>\nBisiaux<\/p>\n<p>Pinarello Q36.5<br \/>\nDunbar<\/p>\n<p>Bahrain Victorious<br \/>\nBilbao, Buitrago, Omrzel<\/p>\n<p>Lidl-Trek<br \/>\nK\u00e4mna<\/p>\n<p>Groupama-FDJ United<br \/>\nRochas<\/p>\n<p>NSN<br \/>\nLutsenko<\/p>\n<p>Soudal Quick-Step<br \/>\nVansevenant<\/p>\n<p>Uno-X Mobility<br \/>\nJohannessen, Kron, Leknessund\u00a0<\/p>\n<p>Jayco AlUla<br \/>\nPickering<\/p>\n<p>EF Education-EasyPost<br \/>\nAlbanese<\/p>\n<p>Tudor<br \/>\nBrenner<\/p>\n<p>XDS Astana<br \/>\nMulubrhan<\/p>\n<p>Kern Pharma<br \/>\nBerrade<\/p>\n<p>131 km do cilja: Oscar Onley, 4. v skupnem se\u0161tevku in prvi med mladimi kolesarji, se je na kro\u017ei\u0161\u010du zna\u0161el na tleh, a se je k sre\u010di hitro vrnil na kolo in nadaljeval. Trenutno je pri zdravni\u0161kem vozilu.\u00a0<\/p>\n<p dir=\"ltr\" lang=\"es\">\u26a0\ufe0f Oscar Onley, maillot blanco y uno de los mayores rivales de Enric Mas, se va al suelo en una rotonda.<a href=\"https:\/\/x.com\/hashtag\/LaVuelta26?src=hash&amp;ref_src=twsrc%5Etfw\" rel=\"nofollow\">#LaVuelta26<\/a> <a href=\"https:\/\/x.com\/hashtag\/LaCasadelCiclismo?src=hash&amp;ref_src=twsrc%5Etfw\" rel=\"nofollow\">#LaCasadelCiclismo<\/a> <a href=\"https:\/\/t.co\/gPwGMCo44h\" rel=\"nofollow\">pic.twitter.com\/gPwGMCo44h<\/a><\/p>\n<p>\u2014 Eurosport.es (@Eurosport_ES) <a href=\"https:\/\/x.com\/Eurosport_ES\/status\/2095482195477467282?ref_src=twsrc%5Etfw\" rel=\"nofollow\">September 3, 2026<\/a><\/p>\n<p>133 km do cilja:\u00a0Po 33 kilometrih se je med vodilno trojico\u00a0(Laurence, Debruyne, Lutsenko) in glavnino oblikovala \u0161tevil\u010dna skupina pribli\u017eno 20 kolesarjev, vendar so razlike \u0161e zelo majhne.\u00a0Aktivni so tudi pri Bahrain Victorious, ki sku\u0161ajo v pobeg spraviti Santiaga Buitraga, vodilnega v se\u0161tevku za pik\u010dasto majico. Vodilna trojica medtem ohranja pribli\u017eno 18 sekund prednosti.<\/p>\n<p>141\u00a0km do cilja:\u00a0Po 25 kilometrih dirke so se nekoliko odlepili trije kolesarji. Axel Laurance (Netcompany Ineos), Ramses Debruyne (Alpecin-Premier Tech) in Alexey Lutsenko (NSN) imajo 17 sekund prednosti pred glavnino.\u00a0Dirko je medtem kon\u010dal Hamish McKenzie (Jayco AlUla), ki je v\u010deraj grdo padel.<\/p>\n<p>149 km do cilja: Kolesarji na \u010delu dirke so \u017ee dosegli cilj na prvem gorskem cilju dana\u0161nje etape\u00a0Alto del Cabecico\u00a0(8 km\/3,3 %). Najve\u010d to\u010dk (3) je pobral Wout Van Aert, ki je v se\u0161tevku za pik\u010dasto majico z 22 to\u010dkami zdaj tretji. S 34 to\u010dkami vodi Santiago Buitrago.\u00a0<\/p>\n<p dir=\"ltr\" lang=\"es\">\ud83c\udfc1- 141 km | Stage 1\ufe0f\u20e32\ufe0f\u20e3 &#8211; Etapa 1\ufe0f\u20e32\ufe0f\u20e3<\/p>\n<p>\ud83c\udf40 The race is busy from the beginning, and so far, no attempt to form a break was lucky<\/p>\n<p>\u2694\ufe0f \u00a1van Aert no se conforma con el verde y tambi\u00e9n busca la clasificaci\u00f3n de la monta\u00f1a!<\/p>\n<p>\u26f0 3\ufe0f\u20e3 \ud835\udc00\ud835\udc0b\ud835\udc13\ud835\udc0e \ud835\udc03\ud835\udc04\ud835\udc0b \ud835\udc02\ud835\udc00\ud835\udc01\ud835\udc04\ud835\udc02\ud835\udc08\ud835\udc02\ud835\udc0e<\/p>\n<p>1\ufe0f\u20e3 Wout van Aert -\u2026 <a href=\"https:\/\/t.co\/R10tmaKRpc\" rel=\"nofollow\">pic.twitter.com\/R10tmaKRpc<\/a><\/p>\n<p>\u2014 La Vuelta (@lavuelta) <a href=\"https:\/\/x.com\/lavuelta\/status\/2095477330193879070?ref_src=twsrc%5Etfw\" rel=\"nofollow\">September 3, 2026<\/a><\/p>\n<p>Rezultati gorskega cilja Alto del Cabecico, 3. kat.:<\/p>\n<p>Mesto<br \/>\nKolesar<br \/>\nTo\u010dke<\/p>\n<p>1.<br \/>\nWout van Aert<br \/>\n3<\/p>\n<p>2.<br \/>\nSantiago Buitrago\u00a0<br \/>\n2<\/p>\n<p>3.<br \/>\nPavel Sivakov<br \/>\n1<\/p>\n<p>13.35 &#8211;\u00a0 Iz ekipe\u00a0Visma | Lease a Bike so danes dopoldne sporo\u010dili, da njihov kolesar Ben Tulett, ki je bil v 8. etapi udele\u017een v istem odmevnem padcu kot Tadej Poga\u010dar, danes ne bo startal in zapu\u0161\u010da dirko. Bole\u010dine so bile enostavno prehude, da bi lahko nastopil \u0161e v naslednji etapi, \u0161e posebej na zahtevni gorski preizku\u0161nji, ki je pred kolesarji. Sre\u010dno Ben,\u00a0dobro okrevaj!<\/p>\n<p dir=\"ltr\" lang=\"en\">\ud83c\uddea\ud83c\uddf8 <a href=\"https:\/\/x.com\/hashtag\/LaVuelta26?src=hash&amp;ref_src=twsrc%5Etfw\" rel=\"nofollow\">#LaVuelta26<\/a><\/p>\n<p>Unfortunately, Ben Tulett will not start today\u2019s stage of La Vuelta due to lingering issues from his crash a few days ago. <a href=\"https:\/\/t.co\/CUU0Eh2U9K\" rel=\"nofollow\">pic.twitter.com\/CUU0Eh2U9K<\/a><\/p>\n<p>\u2014 Team Visma | Lease a Bike (@vismaleaseabike) <a href=\"https:\/\/x.com\/vismaleaseabike\/status\/2095433595779215799?ref_src=twsrc%5Etfw\" rel=\"nofollow\">September 3, 2026<\/a><\/p>\n<p>13.20 &#8211; Takoj po zamahu startne zastavice so se za\u010deli napadi, ki se\u00a0vrstijo eden za drugim. Med najbolj aktivnimi pri poskusih oblikovanja ube\u017ene skupine so Ethan Hayter (Soudal Quick-Step) in kolesarji ekipe EF Education-EasyPost.<\/p>\n<p>Frederik Wandahl (Red Bull-BORA-hansgrohe) je padel, a se je hitro pobral in nadaljuje dirko.\u00a0Po \u0161estih kilometrih je glavnina \u0161e vedno strnjena, pravi pobeg pa se \u0161e ni izoblikoval.<\/p>\n<p dir=\"ltr\" lang=\"es\">\ud83d\udccd\ud835\udc15\ud835\udc04\ud835\udc11\ud835\udc00<\/p>\n<p>\ud83d\udcaa Stage 1\ufe0f\u20e32\ufe0f\u20e3 neutral start!<\/p>\n<p>\ud83d\ude4c \u00a1Salida neutralizada de la etapa 1\ufe0f\u20e32\ufe0f\u20e3! <a href=\"https:\/\/x.com\/hashtag\/LaVuelta26?src=hash&amp;ref_src=twsrc%5Etfw\" rel=\"nofollow\">#LaVuelta26<\/a> <a href=\"https:\/\/t.co\/zgfayyIF7d\" rel=\"nofollow\">pic.twitter.com\/zgfayyIF7d<\/a><\/p>\n<p>\u2014 La Vuelta (@lavuelta) <a href=\"https:\/\/x.com\/lavuelta\/status\/2095468708751671443?ref_src=twsrc%5Etfw\" rel=\"nofollow\">September 3, 2026<\/a><\/p>\n<p>13.10 &#8211;\u00a0Pozdravljeni v besedilnem prenosu 12. etape Dirke po \u0160paniji! Pred kolesarji je razgibana etapa, ki bi lahko prinesla nove premike tudi v skupnem se\u0161tevku. Cesta se bo prakti\u010dno ves dan postopoma vzpenjala, drug za drugim pa si bodo sledili Alto del Cabecico (8 km\/3,3 %), Alto del Cobdar (5 km\/4,5 %) in Collado Garcia (19 km\/2,4 %). Vi\u0161inski metri se bodo tako vztrajno nabirali, najzahtevnej\u0161i in najpomembnej\u0161i del etape pa se bo za\u010del v zadnjih 60 kilometrih, ko bo \u0161lo zares.<\/p>\n<p>Dvanajsta etapa bo spet prisilila kolesarje, ki jih zanima skupna zmaga, da napadejo tekmece. \u017de prvih 120 kilometrov ne bo tak\u0161nih, ob katerih bi kandidati za skupno zmago le\u017eerno kolesarili, saj bodo ob razgibanem terenu dogajanje na trasi zagotovo za\u010dinili\u00a0ube\u017eniki, ki bodo videli svojo prilo\u017enost.<\/p>\n<p>Cesta se bo prakti\u010dno ves \u010das po\u010dasi dvigovala \u2013 drug za drugim si bodo sledili gorski cilji Alto del Cabecico (8 km\/3,3%), Alto del Cobdar (5 km\/4,5%) in Collado Garcia (19 km\/2,4%). Vi\u0161inski metri se bodo posledi\u010dno nabirali, v zadnjih 60 kilometrih pa se bo zanje za\u010del pravi del zgodbe.<\/p>\n<p>Alto de Velefique bo prvi pravi preizkus. Vzpon I. kategorije je dolg 13,1 kilometra in ima 7,2-odstotni povpre\u010dni naklon, prvih pet kilometrov pa je \u0161e precej bolj zahtevnih in se giba\u00a0okoli devetih odstotkov. Vrh bo vsega 31 kilometrov pred ciljem. Sledil bo spust proti Bacaresu, nato pa prakti\u010dno brez pravega oddiha \u0161e zadnji vzpon na Calar Alto.<\/p>\n<p>Prav Velefique bi lahko bil klju\u010d, kak\u0161no dirko bomo gledali na zadnjem klancu. \u010ce bodo ekipe \u017eelele resneje pritisniti na vodilnega Enrica Masa, bo smiselno, da za\u010dnejo utrujati Movistar \u017ee tukaj.<\/p>\n<p>Zaklju\u010dni vzpon je dolg 16,9 kilometra s povpre\u010djem 5,6 odstotka, vendar je \u0161tevilka prav tako precej varljiva. Na za\u010detku so odseki z dvomestnim naklonom, nato se cesta ve\u010dkrat polo\u017ei in gre celo nekoliko navzdol. Te\u017eak trenutek v zaklju\u010dku prihaja pribli\u017eno tri kilometre pred vrhom, kjer kilometer v povpre\u010dju dosega 9,5 odstotka, zadnja dva kilometra pa sta precej bolj znosna.<\/p>\n<p>Pri slovenskem \u0161ampionu Primo\u017eu Rogli\u010du, ki ima v svoji vitrini \u017ee \u0161tiri lovorike na Vuelti, lahko pri\u010dakujemo preudarno vo\u017enjo, kar smo na leto\u0161nji Vuelti \u017ee ve\u010dkrat videli, vedno pa je na koncu pri\u0161el na cilj v dru\u017ebi najbolj\u0161ih.<\/p>\n<p>Za Masom, ki mu je rde\u010da majica dala dodatna krila, zaostaja 1:18. Zaostanek ni velik, vendar dana\u0161nji dan zagotovo \u0161e ni tisti, ko bodo \u0161li kolesarji na vse ali ni\u010d, saj je do konca Vuelte \u0161e veliko etap in tudi posami\u010dni kronometer. Veliko pomembneje bo videti, ali lahko Rogli\u010d po Aitani obrne trend in Masa prvi\u010d spravi v polo\u017eaj, ko bo moral odgovarjati njemu.<\/p>\n<p>A Vuelta razumljivo ni dvoboj Mas\u00a0\u2013\u00a0Rogli\u010d. V ozadju je \u0161e kar nekaj kolesarjev, ki bodo sku\u0161ali narediti razliko \u017ee danes. Felix Gall je eden tistih. Za Masom zaostaja 1:39 in je torej le 21 sekund za Slovencem, Oscar Onley je pri 2:20, Richard Carapaz pa pri 3:26. Onley, ki je \u017ee bil \u010detrti na Dirki po Franciji, je prav tako pokazal, da je v vse bolj\u0161i formi.<\/p>\n<p>V gorah bo pod drobnogledom tudi Jakob Omrzel. Mladi Slovenec in \u010dlan ekipe Bahrain-Victorious\u00a0je po enajstih etapah \u0161e vedno na odli\u010dnem desetem mestu, za Masom zaostaja 8:05.<\/p>\n<p>Calar Alto bo zanj nov pomemben test v boju za visoko uvrstitev na njegovi prvi Vuelti in nasploh prvi tritedenski dirki. Pri njem bo zanimivo predvsem, kako bo prestal kombinacijo Velefiqueja in zaklju\u010dnega vzpona, saj tokrat ne bo \u0161lo le za en dalj\u0161i klanec, temve\u010d za skoraj 4.500 vi\u0161inskih metrov, ki se bodo do zadnjih kilometrov \u017ee po\u0161teno poznali v nogah.<\/p>\n<p><img decoding=\"async\" alt=\"Jakob Omrzel se bo sku\u0161al zadr\u017eati med najbolj\u0161o deseterico. | Foto: Guliverimage\" class=\"article_content__inline_image js_imageLightbox is-clickable\" data-author=\"Guliverimage\" data-caption=\"Jakob Omrzel se bo sku\u0161al zadr\u017eati med najbolj\u0161o deseterico.\" data-height=\"4128\" data-href=\"https:\/\/siol.net\/media\/img\/cc\/24\/d9e62750f319accd2b96-jakob-omrzel-vuelta-2026.jpeg\" data-width=\"6192\" loading=\"lazy\" src=\"\/media\/img\/28\/dd\/8d91742a8e37a77fa9ba-jakob-omrzel-vuelta-2026.jpeg\" title=\"Jakob Omrzel, Vuelta 2026\"\/><\/p>\n<p> Jakob Omrzel se bo sku\u0161al zadr\u017eati med najbolj\u0161o deseterico.<br \/>\n Foto: Guliverimage <\/p>\n<p>\u010ce bo tudi po Calar Altu ostal med najbolj\u0161o deseterico, bo to \u0161e en zelo konkreten odgovor, da lahko tudi na koncu zaklju\u010di Vuelto med najbolj\u0161imi desetimi kolesarji.<\/p>\n<p>Vodilni na Vuelti Enric Mas zaklju\u010dni vzpon na Calar Alto\u00a0zelo dobro pozna. Na tem vzponu je dirkal \u017ee na svoji prvi Dirki po \u0160paniji leta 2017, vendar nanj nima ravno prijetnih spominov.<\/p>\n<p>&#8220;Slabe spomine imam, ker sem bil tisti dan bolan. Z maserjem se \u0161e danes \u0161aliva na ta ra\u010dun. On je bil \u0161printer, jaz pa sem bil seveda hitrej\u0161i v klanec. Takrat sva kolesarila skupaj,&#8221; se je v smehu spomnil Mas.<\/p>\n<p><img decoding=\"async\" alt=\"Enric Mas si \u017eeli, da bi v cilj prikolesaril kot vodilni kolesar. Na zadnji vzpon ima prav posebne spomine, ki ga vedno spravijo v smeh, ko se pogovarja s svojim maserjem. | Foto: Guliverimage\" class=\"article_content__inline_image js_imageLightbox is-clickable\" data-author=\"Guliverimage\" data-caption=\"Enric Mas si \u017eeli, da bi v cilj prikolesaril kot vodilni kolesar. Na zadnji vzpon ima prav posebne spomine, ki ga vedno spravijo v smeh, ko se pogovarja s svojim maserjem.\" data-height=\"4128\" data-href=\"https:\/\/siol.net\/media\/img\/b9\/0b\/87195619295ffb955e11-enric-mas-vuelta-2026.jpeg\" data-width=\"6192\" loading=\"lazy\" src=\"\/media\/img\/b5\/98\/4352d711be2c433eff1f-enric-mas-vuelta-2026.jpeg\" title=\"Enric Mas, Vuelta 2026\"\/><\/p>\n<p> Enric Mas si \u017eeli, da bi v cilj prikolesaril kot vodilni kolesar. Na zadnji vzpon ima prav posebne spomine, ki ga vedno spravijo v smeh, ko se pogovarja s svojim maserjem.<br \/>\n Foto: Guliverimage <\/p>\n<p>Tisto leto je na Calar Altu zmagal Kolumbijec Miguel Angel Lopez\u00a0pred skupino s Chrisom Froomom, Vincenzom Nibalijem in Wilcom Keldermanom.<\/p>\n<p>Devet let pozneje prihaja Mas na isti vzpon v povsem druga\u010dni vlogi. Tokrat bo imel na sebi rde\u010do majico in prakti\u010dno vsi pogledi bodo usmerjeni vanj. Sam pred etapo ne \u017eeli napovedovati novega napada. &#8220;Danes? Zadovoljen bom \u017ee, \u010de bom v cilj pri\u0161el v rde\u010di majici.&#8221;<\/p>\n<p>Etapa se bo za\u010dela ob 13.07, prihod najbolj\u0161ih na 2.153 metrov visoki Calar Alto pa organizatorji pri\u010dakujejo okoli 17.16.<\/p>\n<p><script async src=\"https:\/\/platform.twitter.com\/widgets.js\" charset=\"utf-8\"><\/script><\/p>\n","protected":false},"excerpt":{"rendered":"POTEK ETAPE:\u00a0Dirka po \u0160paniji, 12. etapa (Vera\u2013Calar Alto, 166,6 km) \ud83c\udf1f A star is born \ud83c\udf1f 20-year-old Jakob&hellip;\n","protected":false},"author":2,"featured_media":214778,"comment_status":"","ping_status":"","sticky":false,"template":"","format":"standard","meta":{"footnotes":"","_share_on_mastodon":"0"},"categories":[16],"tags":[24180,47596,25322,4592,4557,62,37,58,60,38,94,93,24726],"class_list":["post-214777","post","type-post","status-publish","format-standard","has-post-thumbnail","category-sport","tag-dirka-po-spaniji","tag-enric-mas","tag-felix-gall","tag-jakob-omrzel","tag-primoz-roglic","tag-si","tag-slovene","tag-slovenia","tag-slovenija","tag-slovenscina","tag-sport","tag-sports","tag-vuelta"],"share_on_mastodon":{"url":"https:\/\/pubeurope.com\/@si\/117209636754611818","error":""},"_links":{"self":[{"href":"https:\/\/www.europesays.com\/si\/wp-json\/wp\/v2\/posts\/214777","targetHints":{"allow":["GET"]}}],"collection":[{"href":"https:\/\/www.europesays.com\/si\/wp-json\/wp\/v2\/posts"}],"about":[{"href":"https:\/\/www.europesays.com\/si\/wp-json\/wp\/v2\/types\/post"}],"author":[{"embeddable":true,"href":"https:\/\/www.europesays.com\/si\/wp-json\/wp\/v2\/users\/2"}],"replies":[{"embeddable":true,"href":"https:\/\/www.europesays.com\/si\/wp-json\/wp\/v2\/comments?post=214777"}],"version-history":[{"count":0,"href":"https:\/\/www.europesays.com\/si\/wp-json\/wp\/v2\/posts\/214777\/revisions"}],"wp:featuredmedia":[{"embeddable":true,"href":"https:\/\/www.europesays.com\/si\/wp-json\/wp\/v2\/media\/214778"}],"wp:attachment":[{"href":"https:\/\/www.europesays.com\/si\/wp-json\/wp\/v2\/media?parent=214777"}],"wp:term":[{"taxonomy":"category","embeddable":true,"href":"https:\/\/www.europesays.com\/si\/wp-json\/wp\/v2\/categories?post=214777"},{"taxonomy":"post_tag","embeddable":true,"href":"https:\/\/www.europesays.com\/si\/wp-json\/wp\/v2\/tags?post=214777"}],"curies":[{"name":"wp","href":"https:\/\/api.w.org\/{rel}","templated":true}]}}