{"id":214781,"date":"2026-09-03T23:14:22","date_gmt":"2026-09-03T23:14:22","guid":{"rendered":"https:\/\/www.europesays.com\/si\/214781\/"},"modified":"2026-09-03T23:14:22","modified_gmt":"2026-09-03T23:14:22","slug":"po-katastrofalnih-poplavah-v-nepalu-vec-kot-4-200-pogresanih-obnoviti-bo-treba-20-000-his","status":"publish","type":"post","link":"https:\/\/www.europesays.com\/si\/214781\/","title":{"rendered":"Po katastrofalnih poplavah v Nepalu ve\u010d kot 4.200 pogre\u0161anih, obnoviti bo treba 20.000 hi\u0161"},"content":{"rendered":"<p>\t\t\t\t\t\t\t\t<a href=\"https:\/\/www.europesays.com\/si\/wp-content\/uploads\/2026\/09\/67091537.jpg\" itemprop=\"contentUrl\" data-size=\"1200x800\" data-large=\"https:\/\/www.europesays.com\/si\/wp-content\/uploads\/2026\/09\/67091537.jpg\"><br \/>\n\t\t\t\t\t\t\t\t\t<img decoding=\"async\" src=\"https:\/\/www.europesays.com\/si\/wp-content\/uploads\/2026\/09\/67091537.jpg\" title=\"Ve\u010d kot teden dni po nesre\u010di upanje, da bodo na\u0161li pre\u017eivele, vse bolj uga\u0161a. Foto: Reuters\" alt=\"Ve\u010d kot teden dni po nesre\u010di upanje, da bodo na\u0161li pre\u017eivele, vse bolj uga\u0161a. Foto: Reuters\"\/><br \/>\n\t\t\t\t\t\t\t\t<\/a><\/p>\n<p>\t\t\t\t\t\t\t\t\tVe\u010d kot teden dni po nesre\u010di upanje, da bodo na\u0161li pre\u017eivele, vse bolj uga\u0161a. Foto: Reuters<\/p>\n<p>\t\t\t\t\t\t\t<a id=\"preferredSourceBanner\" href=\"https:\/\/www.rtvslo.si\/svet\/azija-z-oceanijo\/po-katastrofalnih-poplavah-v-nepalu-vec-kot-4-200-pogresanih-obnoviti-bo-treba-20-000-his\/javascript:void(0)\" target=\"_blank\" class=\"d-none align-items-center justify-content-between rounded my-3\" style=\"padding: 10px 15px;\" rel=\"nofollow noopener\"><br \/>\n\t\t\t\t\t\t<img decoding=\"async\" src=\"https:\/\/img.rtvslo.si\/_static\/novi\/img\/ico-google.svg\" class=\"flex-shrink-0 mr-3\" aria-hidden=\"true\"\/><br \/>\n\t\t\t\t\t\tSpremljajte RTVSLO.si kot prednostni vir na Google<\/p>\n<p>\t\t\t\t\t<\/a><\/p>\n<p>Nepalski premier Balendra \u0160ah je v sredo povedal, da se vlada osredoto\u010da na obnovo in pomo\u010d prizadetim, hkrati pa nadaljuje iskanje pre\u017eivelih.<\/p>\n<p>Oglas<\/p>\n<p>Po besedah nepalskega voja\u0161kega \u010dastnika, ki sodeluje v re\u0161evalni akciji, se nadaljuje iskanje delavcev, ki naj bi bili ujeti v predorih, povezanih s hidroelektrarnami. <\/p>\n<p>Gre za gradbene predore hidroelektrarn v dolini reke Tri\u0161uli v severnem delu dr\u017eave, kjer poteka gradnja ve\u010d hidroenergetskih projektov, katerih del so ve\u010d kilometrov dolgi predori, po katerih naj bi po dokon\u010danju tekla voda do turbin hidroelektrarn.<\/p>\n<p>Ti predori so zna\u010dilni za himalajske preto\u010dne hidroelektrarne, pri katerih namesto velikega jezu vodo preusmerijo v dolg podzemni predor, ki jo vodi do elektrarne ni\u017eje v dolini.<\/p>\n<p>&#8220;Vse predore preiskujemo s pomo\u010djo strokovnjakov iz Indije, Ju\u017ene Koreje in Kitajske,&#8221; je povedal \u010dastnik in dodal, da bodo iskanje nadaljevali, dokler bo obstajalo upanje, da najdejo pre\u017eivele, v nasprotnem primeru pa bodo sku\u0161ali iz ru\u0161evin izvle\u010di trupla.<\/p>\n<p>Ju\u017enokorejska re\u0161evalna ekipa, ki je opremljena z brezpilotniki, re\u0161evalnimi psi in posebnimi napravami, je vzpostavila opori\u0161\u010de pri predoru hidroelektrarne Zgornji Tri\u0161uli-1, kjer je pogre\u0161anih devet ju\u017enokorejskih delavcev.<\/p>\n<p>Po nekaterih ocenah naj bi bilo okoli 900 ljudi \u0161e vedno ujetih v predorih hidroelektrarn.<\/p>\n<p>\t\t\t\t\t\t\t\t<a href=\"https:\/\/www.europesays.com\/si\/wp-content\/uploads\/2026\/09\/67091539.jpg\" itemprop=\"contentUrl\" data-size=\"1200x800\" data-large=\"https:\/\/www.europesays.com\/si\/wp-content\/uploads\/2026\/09\/67091539.jpg\"><br \/>\n\t\t\t\t\t\t\t\t\t<img decoding=\"async\" src=\"https:\/\/www.europesays.com\/si\/wp-content\/uploads\/2026\/09\/67091539.jpg\" title=\"Stena v bolni\u0161nici v Katmanduju, ki je prekrita s stotinami fotografij pogre\u0161anih ljudi. Foto: Reuters\" alt=\"Stena v bolni\u0161nici v Katmanduju, ki je prekrita s stotinami fotografij pogre\u0161anih ljudi. Foto: Reuters\"\/><br \/>\n\t\t\t\t\t\t\t\t<\/a><\/p>\n<p>\t\t\t\t\t\t\t\t\tStena v bolni\u0161nici v Katmanduju, ki je prekrita s stotinami fotografij pogre\u0161anih ljudi. Foto: Reuters<\/p>\n<p>V katastrofi so umrli najmanj 1204 ljudje, potem ko so ledena voda, blato in kamenje preplavili hi\u0161e, ulice in \u0161ole v krajih ob meji z zahodno kitajsko pokrajino Tibet. \u0160e vedno ostaja pogre\u0161anih ve\u010d kot 4200 ljudi, ve\u010d tiso\u010d pa jih je razseljenih zaradi uni\u010denih domovanj po hudourni\u0161kih poplavah.<\/p>\n<p>&#8220;Ljudje so izgubili vse&#8221;<\/p>\n<p>Kot je pojasnil vodja nepalskega Nacionalnega urada za zmanj\u0161evanje tveganja nesre\u010d in njihovo upravljanje Dharma Raja Upreti, je bilo po prvih ocenah 7.500 hi\u0161 popolnoma uni\u010denih, saj jih je odnesla voda ali pa so zasute z blatom in v ru\u0161evinah.<\/p>\n<p>Tudi \u0161tevilne hi\u0161e, ki \u0161e stojijo, niso ve\u010d primerne za bivanje, zato oblasti ocenjujejo, da bo treba skupno obnoviti okoli 20.000 domov. &#8220;Nima smisla graditi hi\u0161 na istih lokacijah, saj bi ljudi znova izpostavili enakim tveganjem,&#8221; je dejal Upreti.<\/p>\n<p>Oblasti zato i\u0161\u010dejo varnej\u0161a obmo\u010dja, kamor bi preselili naselja in zgradili nove domove.<\/p>\n<p>\t\t\t\t\t\t\t\t<a href=\"https:\/\/www.europesays.com\/si\/wp-content\/uploads\/2026\/09\/67091538.jpg\" itemprop=\"contentUrl\" data-size=\"1200x800\" data-large=\"https:\/\/www.europesays.com\/si\/wp-content\/uploads\/2026\/09\/67091538.jpg\"><br \/>\n\t\t\t\t\t\t\t\t\t<img decoding=\"async\" src=\"https:\/\/www.europesays.com\/si\/wp-content\/uploads\/2026\/09\/67091538.jpg\" title=\"Re\u0161evalci postopoma odpirajo vhode predorov in preiskujejo notranjost, saj obstaja mo\u017enost, da so v posameznih odsekih ostali zra\u010dni \u017eepi, kamor bi se lahko zatekli delavci. Foto: Reuters\" alt=\"Re\u0161evalci postopoma odpirajo vhode predorov in preiskujejo notranjost, saj obstaja mo\u017enost, da so v posameznih odsekih ostali zra\u010dni \u017eepi, kamor bi se lahko zatekli delavci. Foto: Reuters\"\/><br \/>\n\t\t\t\t\t\t\t\t<\/a><\/p>\n<p>\t\t\t\t\t\t\t\t\tRe\u0161evalci postopoma odpirajo vhode predorov in preiskujejo notranjost, saj obstaja mo\u017enost, da so v posameznih odsekih ostali zra\u010dni \u017eepi, kamor bi se lahko zatekli delavci. Foto: Reuters<\/p>\n<p>&#8220;Skoraj vsak dan se vra\u010dam na kraj, kjer je stala na\u0161a hi\u0161a. Prepoznam mesto, kjer je bila, vendar od nje ni ostala niti sled. \u0160e vedno upam, da bom na\u0161la kak\u0161en kos zlata ali nakita, ki ga ob begu nisva mogla vzeti,&#8221; je dejala 45-letna \u0160anti Sunar, ki je z mo\u017eem pre\u017eivela naravno nesre\u010do, izgubila pa je dom in majhno trgovino.<\/p>\n<p>&#8220;Ljudje so izgubili vse. Nimajo niti osebnih dokumentov niti potnih listov,&#8221; je dejal Phanindra Paudel iz Nacionalnega centra za nujne operacije.<\/p>\n<p>Poskus obnove vsakdanjega \u017eivljenja<\/p>\n<p>Oblasti si prizadevajo \u010dim prej obnoviti vsakdanje \u017eivljenje, pri \u010demer posebno pozornost namenjajo ponovni vklju\u010ditvi otrok k pouku, tudi v za\u010dasnih \u0161olah. Ve\u010d kot teden dni po poplavah po navedbah Unicefa najmanj 22.000 otrok nujno potrebuje dostop do varne pitne vode, sanitarij in higienske oskrbe.<\/p>\n<p>\t\t\t\t\t\t\t\t<a href=\"https:\/\/www.europesays.com\/si\/wp-content\/uploads\/2026\/09\/67091536.jpg\" itemprop=\"contentUrl\" data-size=\"1200x800\" data-large=\"https:\/\/www.europesays.com\/si\/wp-content\/uploads\/2026\/09\/67091536.jpg\"><br \/>\n\t\t\t\t\t\t\t\t\t<img decoding=\"async\" src=\"https:\/\/www.europesays.com\/si\/wp-content\/uploads\/2026\/09\/67091536.jpg\" title=\"Iskalna akcija v Tibetu na kitajski strani, ki je bila prav tako prizadeta v poplavah. Foto: Reuters\" alt=\"Iskalna akcija v Tibetu na kitajski strani, ki je bila prav tako prizadeta v poplavah. Foto: Reuters\"\/><br \/>\n\t\t\t\t\t\t\t\t<\/a><\/p>\n<p>\t\t\t\t\t\t\t\t\tIskalna akcija v Tibetu na kitajski strani, ki je bila prav tako prizadeta v poplavah. Foto: Reuters<\/p>\n<p>Paudel je dejal, da razmi\u0161ljajo o pouku v za\u010dasnih zbirnih centrih, dokler se redni pouk ne bo mogel nadaljevati.<\/p>\n<p>Ravnatelj Rajendra Davadi, ki je s pravo\u010dasno evakuacijo re\u0161il pribli\u017eno 900 u\u010dencev, je povedal, da je \u0161olsko stavbo v celoti odneslo in da bo treba novo zgraditi na varnej\u0161em kraju.<\/p>\n<p>Nepal namerava ob meji s Kitajsko ponovno vzpostaviti sistem zgodnjega opozarjanja pred zemeljskimi plazovi. Po navedbah dveh vladnih virov bo vklju\u010deval seizmi\u010dne senzorje, kamere in satelitsko povezavo, da bi v prihodnje bolje opozarjal na podobne nevarnosti.<\/p>\n<p>\t\t\t\tV Nepalu i\u0161\u010dejo \u0161e ve\u010d kot 4000 ljudi<\/p>\n<p>Oglas<\/p>\n","protected":false},"excerpt":{"rendered":"Ve\u010d kot teden dni po nesre\u010di upanje, da bodo na\u0161li pre\u017eivele, vse bolj uga\u0161a. Foto: Reuters Spremljajte RTVSLO.si&hellip;\n","protected":false},"author":2,"featured_media":214782,"comment_status":"","ping_status":"","sticky":false,"template":"","format":"standard","meta":{"footnotes":"","_share_on_mastodon":"0"},"categories":[8],"tags":[8113,781,37,38,64,39561,63],"class_list":["post-214781","post","type-post","status-publish","format-standard","has-post-thumbnail","category-svet","tag-nepal","tag-poplave","tag-slovene","tag-slovenscina","tag-svet","tag-tibet","tag-world"],"share_on_mastodon":{"url":"https:\/\/pubeurope.com\/@si\/117209652982456018","error":""},"_links":{"self":[{"href":"https:\/\/www.europesays.com\/si\/wp-json\/wp\/v2\/posts\/214781","targetHints":{"allow":["GET"]}}],"collection":[{"href":"https:\/\/www.europesays.com\/si\/wp-json\/wp\/v2\/posts"}],"about":[{"href":"https:\/\/www.europesays.com\/si\/wp-json\/wp\/v2\/types\/post"}],"author":[{"embeddable":true,"href":"https:\/\/www.europesays.com\/si\/wp-json\/wp\/v2\/users\/2"}],"replies":[{"embeddable":true,"href":"https:\/\/www.europesays.com\/si\/wp-json\/wp\/v2\/comments?post=214781"}],"version-history":[{"count":0,"href":"https:\/\/www.europesays.com\/si\/wp-json\/wp\/v2\/posts\/214781\/revisions"}],"wp:featuredmedia":[{"embeddable":true,"href":"https:\/\/www.europesays.com\/si\/wp-json\/wp\/v2\/media\/214782"}],"wp:attachment":[{"href":"https:\/\/www.europesays.com\/si\/wp-json\/wp\/v2\/media?parent=214781"}],"wp:term":[{"taxonomy":"category","embeddable":true,"href":"https:\/\/www.europesays.com\/si\/wp-json\/wp\/v2\/categories?post=214781"},{"taxonomy":"post_tag","embeddable":true,"href":"https:\/\/www.europesays.com\/si\/wp-json\/wp\/v2\/tags?post=214781"}],"curies":[{"name":"wp","href":"https:\/\/api.w.org\/{rel}","templated":true}]}}