{"id":214785,"date":"2026-09-03T23:16:12","date_gmt":"2026-09-03T23:16:12","guid":{"rendered":"https:\/\/www.europesays.com\/si\/214785\/"},"modified":"2026-09-03T23:16:12","modified_gmt":"2026-09-03T23:16:12","slug":"tu-je-dopis-tozilke-blanke-zgajnar-glede-uvedbe-kazenske-ovadbe-zoper-goloba","status":"publish","type":"post","link":"https:\/\/www.europesays.com\/si\/214785\/","title":{"rendered":"Tu je dopis to\u017eilke Blanke \u017dgajnar glede uvedbe kazenske ovadbe zoper Goloba"},"content":{"rendered":"<p>laSvoboda je \u0161e v\u010deraj obto\u017eevala Zorana Stevanovi\u0107a, da v izjavah o kazenskem pregonu zoper Roberta Goloba zavaja, saj po njihovem kazenski postopek proti Golobu \u0161e ni uveden. A dopis to\u017eilke Blanke \u017dgajnar pravi druga\u010de.<\/p>\n<p> Svoboda je navedla, da iz potrdila sodi\u0161\u010da izhaja, da zoper Goloba pri nobenem okro\u017enem sodi\u0161\u010du ni vlo\u017eena pravnomo\u010dna obto\u017enica, prav tako pri nobenem okrajnem sodi\u0161\u010du ni izdana obsodilna sodba.\u00a0<\/p>\n<p>A slepomi\u0161enje Gibanja Svoboda je vzeta iz konteksta in namenjena zavajanju ljudi. Da bi lahko nadaljevali kazenski postopek, so dovoljenje DZ zahtevali s specializiranega to\u017eilstva.\u00a0 \u017de 31. avgusta je namre\u010d Specializirano dr\u017eavno to\u017eilstvo predsedniku DZ poslala obvestilo, da so izpolnjeni pogoji za za\u010detek kazenskega postopka, pri \u010demer je bilo jasno, da gre za zadevo Bobnar.<\/p>\n<p><img fetchpriority=\"high\" decoding=\"async\" class=\"wp-image-115325 aligncenter\" src=\"https:\/\/www.europesays.com\/si\/wp-content\/uploads\/2026\/09\/Posnetek-zaslona-2026-09-03-122241.png\" alt=\"\" width=\"781\" height=\"670\"  \/><\/p>\n<p>Kak\u0161en izgovor bodo pa pri Svobodi imeli sedaj?<\/p>\n<p>\u00a0<\/p>\n","protected":false},"excerpt":{"rendered":"laSvoboda je \u0161e v\u010deraj obto\u017eevala Zorana Stevanovi\u0107a, da v izjavah o kazenskem pregonu zoper Roberta Goloba zavaja, saj&hellip;\n","protected":false},"author":2,"featured_media":214786,"comment_status":"","ping_status":"","sticky":false,"template":"","format":"standard","meta":{"footnotes":"","_share_on_mastodon":"0"},"categories":[20],"tags":[52471,32,10834,35,31,34,34651,36,50,37,38,33,5877],"class_list":["post-214785","post","type-post","status-publish","format-standard","has-post-thumbnail","category-novice","tag-blanka-zgajnar","tag-headlines","tag-kazenski-postopek","tag-najpomembnejse-novice","tag-news","tag-novice","tag-obvestilo","tag-osrednje-novice","tag-robert-golob","tag-slovene","tag-slovenscina","tag-top-stories","tag-zoran-stevanovic"],"share_on_mastodon":{"url":"https:\/\/pubeurope.com\/@si\/117209660486518689","error":""},"_links":{"self":[{"href":"https:\/\/www.europesays.com\/si\/wp-json\/wp\/v2\/posts\/214785","targetHints":{"allow":["GET"]}}],"collection":[{"href":"https:\/\/www.europesays.com\/si\/wp-json\/wp\/v2\/posts"}],"about":[{"href":"https:\/\/www.europesays.com\/si\/wp-json\/wp\/v2\/types\/post"}],"author":[{"embeddable":true,"href":"https:\/\/www.europesays.com\/si\/wp-json\/wp\/v2\/users\/2"}],"replies":[{"embeddable":true,"href":"https:\/\/www.europesays.com\/si\/wp-json\/wp\/v2\/comments?post=214785"}],"version-history":[{"count":0,"href":"https:\/\/www.europesays.com\/si\/wp-json\/wp\/v2\/posts\/214785\/revisions"}],"wp:featuredmedia":[{"embeddable":true,"href":"https:\/\/www.europesays.com\/si\/wp-json\/wp\/v2\/media\/214786"}],"wp:attachment":[{"href":"https:\/\/www.europesays.com\/si\/wp-json\/wp\/v2\/media?parent=214785"}],"wp:term":[{"taxonomy":"category","embeddable":true,"href":"https:\/\/www.europesays.com\/si\/wp-json\/wp\/v2\/categories?post=214785"},{"taxonomy":"post_tag","embeddable":true,"href":"https:\/\/www.europesays.com\/si\/wp-json\/wp\/v2\/tags?post=214785"}],"curies":[{"name":"wp","href":"https:\/\/api.w.org\/{rel}","templated":true}]}}