{"id":214835,"date":"2026-09-04T00:46:11","date_gmt":"2026-09-04T00:46:11","guid":{"rendered":"https:\/\/www.europesays.com\/si\/214835\/"},"modified":"2026-09-04T00:46:11","modified_gmt":"2026-09-04T00:46:11","slug":"stroka-opozarja-poletja-se-ni-konec-vrocina-do-torka-nato-preobrat","status":"publish","type":"post","link":"https:\/\/www.europesays.com\/si\/214835\/","title":{"rendered":"Stroka opozarja: Poletja \u0161e ni konec, vro\u010dina do torka, nato preobrat"},"content":{"rendered":"<p>Meteorologinja z Arsa Katja Kozjek Mihelec pravi, bomo v prihodnjih dneh znova bele\u017eili precej temperatur nad 30 stopinjami.<\/p>\n<p><img decoding=\"async\" class=\"articlePicture_image__om2Oc\" src=\"https:\/\/www.europesays.com\/si\/wp-content\/uploads\/2026\/09\/3716423.width-660.format-webp.webp\" alt=\"Meteorologinja Katja Kozjek Mihelec napoveduje, da bo do vklju\u010dno torka \u0161e vztrajalo to poletno vreme v za\u010detku meteorolo\u0161ke jeseni.\u00a0FOTO: Dejan Javornik\" img_id=\"15064112\"\/><\/p>\n<p> Galerija<\/p>\n<p>Meteorologinja Katja Kozjek Mihelec napoveduje, da bo do vklju\u010dno torka \u0161e vztrajalo to poletno vreme v za\u010detku meteorolo\u0161ke jeseni.\u00a0FOTO: Dejan Javornik<\/p>\n<p>\nPoletna vro\u010dina se bo v za\u010detku meteorolo\u0161ke jeseni \u0161e nadaljevala. Najbolj vro\u010da bosta petek in sobota, ko se bodo temperature ponekod povzpele do 33 stopinj Celzija. V soboto lahko severno polovico dr\u017eave dose\u017eejo tudi posamezne plohe in nevihte.<br \/>\nLetos bele\u017eimo nadpovpre\u010dno visoke temperature. FOTO: Voranc Vogel<br \/>\n\u00bbDo vklju\u010dno torka bo \u0161e vztrajalo to poletno vreme v za\u010detku meteorolo\u0161ke jeseni,\u00ab napoveduje meteorologinja Katja Kozjek Mihelec.<br \/>\nMeteorologinja Katja Kozjek Mihelec iz Arsa FOTO: Dejan Javornik<br \/>\nNato naj bi sredi prihodnjega tedna Slovenijo dosegla izrazitej\u0161a hladna fronta, ki bo prinesla ob\u010dutno ohladitev in tudi ve\u010d padavin. Po trenutnih napovedih bi lahko padlo od 20 do 50 milimetrov &#8230;<\/p>\n","protected":false},"excerpt":{"rendered":"Meteorologinja z Arsa Katja Kozjek Mihelec pravi, bomo v prihodnjih dneh znova bele\u017eili precej temperatur nad 30 stopinjami.&hellip;\n","protected":false},"author":2,"featured_media":214836,"comment_status":"","ping_status":"","sticky":false,"template":"","format":"standard","meta":{"footnotes":"","_share_on_mastodon":"0"},"categories":[6],"tags":[1994,49450,52493,7187,59,61,62,37,58,60,38,374,1105],"class_list":["post-214835","post","type-post","status-publish","format-standard","has-post-thumbnail","category-slovenija","tag-arso","tag-delov-video","tag-katja-kozjek-mihelec","tag-poletje","tag-republic-of-slovenia","tag-republika-slovenija","tag-si","tag-slovene","tag-slovenia","tag-slovenija","tag-slovenscina","tag-vreme","tag-vrocina"],"share_on_mastodon":{"url":"https:\/\/pubeurope.com\/@si\/117210014529525282","error":""},"_links":{"self":[{"href":"https:\/\/www.europesays.com\/si\/wp-json\/wp\/v2\/posts\/214835","targetHints":{"allow":["GET"]}}],"collection":[{"href":"https:\/\/www.europesays.com\/si\/wp-json\/wp\/v2\/posts"}],"about":[{"href":"https:\/\/www.europesays.com\/si\/wp-json\/wp\/v2\/types\/post"}],"author":[{"embeddable":true,"href":"https:\/\/www.europesays.com\/si\/wp-json\/wp\/v2\/users\/2"}],"replies":[{"embeddable":true,"href":"https:\/\/www.europesays.com\/si\/wp-json\/wp\/v2\/comments?post=214835"}],"version-history":[{"count":0,"href":"https:\/\/www.europesays.com\/si\/wp-json\/wp\/v2\/posts\/214835\/revisions"}],"wp:featuredmedia":[{"embeddable":true,"href":"https:\/\/www.europesays.com\/si\/wp-json\/wp\/v2\/media\/214836"}],"wp:attachment":[{"href":"https:\/\/www.europesays.com\/si\/wp-json\/wp\/v2\/media?parent=214835"}],"wp:term":[{"taxonomy":"category","embeddable":true,"href":"https:\/\/www.europesays.com\/si\/wp-json\/wp\/v2\/categories?post=214835"},{"taxonomy":"post_tag","embeddable":true,"href":"https:\/\/www.europesays.com\/si\/wp-json\/wp\/v2\/tags?post=214835"}],"curies":[{"name":"wp","href":"https:\/\/api.w.org\/{rel}","templated":true}]}}