{"id":214843,"date":"2026-09-04T00:59:11","date_gmt":"2026-09-04T00:59:11","guid":{"rendered":"https:\/\/www.europesays.com\/si\/214843\/"},"modified":"2026-09-04T00:59:11","modified_gmt":"2026-09-04T00:59:11","slug":"olimpijska-prvakinja-velika-zvezdnica-atletika-udelezena-v-celno-trcenje","status":"publish","type":"post","link":"https:\/\/www.europesays.com\/si\/214843\/","title":{"rendered":"Olimpijska prvakinja, velika zvezdnica atletika, udele\u017eena v \u010delno tr\u010denje"},"content":{"rendered":"<p>Olimpijska prvakinja v prometni nesre\u010di utrpela pretres mo\u017eganov.<\/p>\n<p>Olimpijska prvakinja v skoku v daljino Tara Davis-Woodhall je v prometni nesre\u010di utrpela hud pretres mo\u017eganov, je sporo\u010dila dobrih 14 dni pred prvim tekmovanjem.<\/p>\n<p>Sedemindvajsetletnica je sicer poudarila, da jo je &#8220;k sre\u010di odnesla brez huj\u0161ih po\u0161kodb&#8221;, a je bila kljub temu vidno pretresena. Nesre\u010da se je zgodila prej\u0161nji teden na poti na trening.<\/p>\n<p>&#8220;Trenutno s svojo ekipo in zdravniki delam na tem, da bi se vrnila v polno pripravljenost, vendar nisem prepri\u010dana, ali bom lahko prihodnji teden nastopila na tekmovanju Ultimate Championships,&#8221; je Davis-Woodhall zapisala na Instagramu.<\/p>\n<p>Novo atletsko tekmovanje bo potekalo v Budimpe\u0161ti od 11. do 13. septembra. Skupni nagradni sklad zna\u0161a deset milijonov ameri\u0161kih dolarjev (8,6 milijona evrov), pri \u010demer bodo zmagovalci prejeli po 150.000 dolarjev.<\/p>\n<p>Davis-Woodhall je na novinarski konferenci pojasnila, da je bila na poti na trening, ko je pri\u0161lo do \u010delnega tr\u010denja. Vozila je po parkiri\u0161\u010du, ko je drugo vozilo zavilo na njen vozni pas, poro\u010dajo agencije.<\/p>\n<p>&#8220;Obe sva vozili s hitrostjo pribli\u017eno 20 milj na uro (okoli 32 km\/h). Obe vozili sta uni\u010deni. O nesre\u010di ne morem povedati veliko ve\u010d, a je vse skupaj zelo zastra\u0161ujo\u010de. Imela sem sre\u010do in sem hvale\u017ena, da sem \u017eiva in sem se izognila po\u0161kodbam, ki bi ogro\u017eale moje \u017eivljenje,&#8221; je dejala olimpijska prvakinja iz Pariza 2024.<\/p>\n<p>Kot je dodala, ji je nesre\u010da pustila posledice, zlasti na du\u0161evni ravni: &#8220;Fizi\u010dno sem v redu. Psihi\u010dno pa se nekaj dogaja &#8211; nekaj se resni\u010dno odvija v meni. Trenutek je res nesre\u010den. Sem prav na vrhuncu priprav. Hitrej\u0161a sem kot kdaj koli prej. Mo\u010dnej\u0161a sem kot kdaj koli prej.&#8221;<\/p>\n","protected":false},"excerpt":{"rendered":"Olimpijska prvakinja v prometni nesre\u010di utrpela pretres mo\u017eganov. Olimpijska prvakinja v skoku v daljino Tara Davis-Woodhall je v&hellip;\n","protected":false},"author":2,"featured_media":214844,"comment_status":"","ping_status":"","sticky":false,"template":"","format":"standard","meta":{"footnotes":"","_share_on_mastodon":"0"},"categories":[16],"tags":[247,215,62,47165,37,58,60,38,94,93,52498],"class_list":["post-214843","post","type-post","status-publish","format-standard","has-post-thumbnail","category-sport","tag-atletika","tag-prometna-nesreca","tag-si","tag-skok-v-daljino","tag-slovene","tag-slovenia","tag-slovenija","tag-slovenscina","tag-sport","tag-sports","tag-tara-davis-woodhall"],"share_on_mastodon":{"url":"https:\/\/pubeurope.com\/@si\/117210065332725894","error":""},"_links":{"self":[{"href":"https:\/\/www.europesays.com\/si\/wp-json\/wp\/v2\/posts\/214843","targetHints":{"allow":["GET"]}}],"collection":[{"href":"https:\/\/www.europesays.com\/si\/wp-json\/wp\/v2\/posts"}],"about":[{"href":"https:\/\/www.europesays.com\/si\/wp-json\/wp\/v2\/types\/post"}],"author":[{"embeddable":true,"href":"https:\/\/www.europesays.com\/si\/wp-json\/wp\/v2\/users\/2"}],"replies":[{"embeddable":true,"href":"https:\/\/www.europesays.com\/si\/wp-json\/wp\/v2\/comments?post=214843"}],"version-history":[{"count":0,"href":"https:\/\/www.europesays.com\/si\/wp-json\/wp\/v2\/posts\/214843\/revisions"}],"wp:featuredmedia":[{"embeddable":true,"href":"https:\/\/www.europesays.com\/si\/wp-json\/wp\/v2\/media\/214844"}],"wp:attachment":[{"href":"https:\/\/www.europesays.com\/si\/wp-json\/wp\/v2\/media?parent=214843"}],"wp:term":[{"taxonomy":"category","embeddable":true,"href":"https:\/\/www.europesays.com\/si\/wp-json\/wp\/v2\/categories?post=214843"},{"taxonomy":"post_tag","embeddable":true,"href":"https:\/\/www.europesays.com\/si\/wp-json\/wp\/v2\/tags?post=214843"}],"curies":[{"name":"wp","href":"https:\/\/api.w.org\/{rel}","templated":true}]}}