{"id":214861,"date":"2026-09-04T01:35:11","date_gmt":"2026-09-04T01:35:11","guid":{"rendered":"https:\/\/www.europesays.com\/si\/214861\/"},"modified":"2026-09-04T01:35:11","modified_gmt":"2026-09-04T01:35:11","slug":"mitja-sivic-postal-glavni-trener-esv-ferlach","status":"publish","type":"post","link":"https:\/\/www.europesays.com\/si\/214861\/","title":{"rendered":"Mitja \u0160ivic postal glavni trener ESV Ferlach"},"content":{"rendered":"<p>Nekdanji slovenski hokejski reprezentant Mitja \u0160ivic je novi glavni trener avstrijskega mo\u0161tva iz Borovelj, ESV Ferlach. Kot so prek dru\u017ebenih omre\u017eij zapisali pri avstrijskem klubu, bo 46-letnik v naslednji sezoni kot glavni trener sedel na klopi mo\u0161tva iz Borovelj.<\/p>\n<p>Kot njegove najve\u010dje trenerske dose\u017eke so izpostavili, da je bil pomo\u010dnik trenerja slovenske reprezentance, glavni trener reprezentance U20, glavni trener ljubljanske Olimpije v ligi ICEHL ter glavni trener ekip Jesenice in Lyon.<\/p>\n<p>Mitja \u0160ivic se je v sredo \u017ee predstavil novi ekipi in takoj za tem tudi \u017ee vodil prvi trening nove sezone, so \u0161e zapisali pri ESV Ferlachu, s katerim je pred dnevi sodelovanje podalj\u0161al tudi 29-letni Slovenec Kri\u0161tof Poto\u010dnik.<\/p>\n","protected":false},"excerpt":{"rendered":"Nekdanji slovenski hokejski reprezentant Mitja \u0160ivic je novi glavni trener avstrijskega mo\u0161tva iz Borovelj, ESV Ferlach. Kot so&hellip;\n","protected":false},"author":2,"featured_media":214862,"comment_status":"","ping_status":"","sticky":false,"template":"","format":"standard","meta":{"footnotes":"","_share_on_mastodon":"0"},"categories":[16],"tags":[52504,52503,52505,113,52502,62,37,58,60,38,94,93],"class_list":["post-214861","post","type-post","status-publish","format-standard","has-post-thumbnail","category-sport","tag-borovlje","tag-esv-ferlach","tag-ferlach","tag-hokej","tag-mitja-sivic","tag-si","tag-slovene","tag-slovenia","tag-slovenija","tag-slovenscina","tag-sport","tag-sports"],"share_on_mastodon":{"url":"https:\/\/pubeurope.com\/@si\/117210206960363035","error":""},"_links":{"self":[{"href":"https:\/\/www.europesays.com\/si\/wp-json\/wp\/v2\/posts\/214861","targetHints":{"allow":["GET"]}}],"collection":[{"href":"https:\/\/www.europesays.com\/si\/wp-json\/wp\/v2\/posts"}],"about":[{"href":"https:\/\/www.europesays.com\/si\/wp-json\/wp\/v2\/types\/post"}],"author":[{"embeddable":true,"href":"https:\/\/www.europesays.com\/si\/wp-json\/wp\/v2\/users\/2"}],"replies":[{"embeddable":true,"href":"https:\/\/www.europesays.com\/si\/wp-json\/wp\/v2\/comments?post=214861"}],"version-history":[{"count":0,"href":"https:\/\/www.europesays.com\/si\/wp-json\/wp\/v2\/posts\/214861\/revisions"}],"wp:featuredmedia":[{"embeddable":true,"href":"https:\/\/www.europesays.com\/si\/wp-json\/wp\/v2\/media\/214862"}],"wp:attachment":[{"href":"https:\/\/www.europesays.com\/si\/wp-json\/wp\/v2\/media?parent=214861"}],"wp:term":[{"taxonomy":"category","embeddable":true,"href":"https:\/\/www.europesays.com\/si\/wp-json\/wp\/v2\/categories?post=214861"},{"taxonomy":"post_tag","embeddable":true,"href":"https:\/\/www.europesays.com\/si\/wp-json\/wp\/v2\/tags?post=214861"}],"curies":[{"name":"wp","href":"https:\/\/api.w.org\/{rel}","templated":true}]}}