{"id":214865,"date":"2026-09-04T01:40:11","date_gmt":"2026-09-04T01:40:11","guid":{"rendered":"https:\/\/www.europesays.com\/si\/214865\/"},"modified":"2026-09-04T01:40:11","modified_gmt":"2026-09-04T01:40:11","slug":"anton-osem-let-skrival-mrtvo-mamo-grozljivi-vonj-trupla-lahko-prekrije-ze-golaz","status":"publish","type":"post","link":"https:\/\/www.europesays.com\/si\/214865\/","title":{"rendered":"Anton osem let skrival mrtvo mamo: grozljivi vonj trupla lahko prekrije \u017ee gola\u017e"},"content":{"rendered":"<p>Na dra\u017ebi so uspe\u0161no prodali polovico stanovanja na Majaronovi ulici 20 v Ljubljani, ki je novembra 2020 neslavno zaslovelo. V njem so na\u0161li mumificirano truplo Klare Kova\u010di\u010d. Po prepri\u010danju to\u017eilstva ga je osem let tam skrival Klarin sin Anton Kova\u010di\u010d. Ves ta \u010das naj bi skrbno dvigoval <a href=\"https:\/\/slovenskenovice.delo.si\/novice\/slovenija\/anton-sluzil-z-mrtvo-mamo-najmanj-osem-let-naj-bi-razpadla-lezala-v-stanovanju\" target=\"_blank\" rel=\"nofollow noopener\">njeno pokojnino in tako Zavod za pokojninsko in invalidsko zavarovanje<\/a> (ZPIZ) o\u0161kodoval za 92.760 evrov. S prodajo Antonove polovice stanovanja (drugo polovico si lasti njegova sestra) so iztr\u017eili 136.000 evrov.<\/p>\n<p><img decoding=\"async\" class=\"article__img-tag-visible\" src=\"https:\/\/www.europesays.com\/si\/wp-content\/uploads\/2026\/09\/3715461.width-660.format-webp.webp\" alt=\"Anton Kova\u010di\u010d z zagovornikom Markom Makucem FOTO: Jo\u017ee Suhadolnik\" img_id=\"11785111\" data-img-id=\"11785111\"\/><\/p>\n<p>Anton Kova\u010di\u010d z zagovornikom Markom Makucem FOTO: Jo\u017ee Suhadolnik<\/p>\n<p>Obto\u017eeni 73-letnik krivdo za skrunitev trupla in goljufijo ves \u010das zavra\u010da. Sojenje gre medtem po\u010dasi h koncu. Konec septembra naj bi med drugim zasli\u0161ali \u0161e njegovo polsestro, ki naj bi bila, kot je bilo sodi\u0161\u010de obve\u0161\u010deno prek anonimke, seznanjena s Klarino smrtjo in naj bi Antonu tudi nudila zato\u010di\u0161\u010de. V\u010deraj smo lahko od Klarinega soseda Sama J. sli\u0161ali, da jo je zadnji\u010d videl v za\u010detku leta 2008. Pol leta zatem ga je na centru za socialno delo, kjer dela, obiskal Klarin zet. <a href=\"https:\/\/slovenskenovice.delo.si\/novice\/kronika\/doma\/osem-let-je-anton-skrival-mrtvo-mamo-v-vezi-bloka-je-tak-cuden-vonj\" target=\"_blank\" rel=\"nofollow noopener\">\u017densko je \u017eelel razglasiti za pogre\u0161ano<\/a>. Ob\u010dasno se je od takrat sre\u010dal z Antonom in ga vpra\u0161al, kako je z mamo: \u00bbEnkrat je rekel, da v redu. Drugi\u010d pa, da ne.\u00ab V letu 2016 je v Klarinem stanovanju dvakrat pri\u0161lo do izliva vode. Ker Antona enkrat ni bilo doma, so morali v stanovanje vdreti policisti, J. pa je moral biti ob tem prisoten kot predsednik hi\u0161nega sveta. Stanovanje je bilo zapu\u0161\u010deno \u00bbkot da noben ne biva ve\u010d noter\u00ab, a le vrata v eno sobo se niso dala odpreti. \u00bbPolicist je tudi poskusil s kljuko. In to je bilo to, saj takrat \u0161e nih\u010de ni ni\u010desar sumil.\u00ab Na sodi\u0161\u010du je potrdil, da mu je po tisti poplavi v letu 2016 upravnik bloka povedal, da je stopil v kontakt z obto\u017eenim ter da naj bi mu ta povedal, da je mama mrtva.<\/p>\n<p>20.\u00a011. 2020 so odkrili truplo.<\/p>\n<p>Da Klarino truplo v stanovanju ne le\u017ei le nekaj dni ali tednov, je bilo preiskovalcem takoj jasno 20. novembra 2020, ko jim je Kova\u010di\u010d le odprl vrata stanovanja. Ugotovili so, da so vrata sobe, v kateri naj bi se zadr\u017eevala njegova mama, zaklenjena, z obeh strani zalepljena z lepilnim trakom. Truplo je bilo <a href=\"https:\/\/slovenskenovice.delo.si\/novice\/kronika\/doma\/anton-truplo-mame-klare-skrival-zaradi-denarja-foto\" target=\"_blank\" rel=\"nofollow noopener\">mumificirano in deloma skeletizirano, je ugotovil mrli\u0161ki oglednik<\/a> Gregor Haring z In\u0161tituta za sodno medicino. Za oba procesa so bile v prostoru primerne razmere, tako glede vla\u017enosti kot temperature. Pojasnil je, da med procesom mumificiranja ni nujno, da se razvije mo\u010dan vonj: \u00bbGlede na to, da je bilo to v ve\u010dstanovanjski stavbi, se lahko s kuhanjem kak\u0161nega zelja, gola\u017ea in podobnih zadev ta vonj deloma prikrije.\u00ab<\/p>\n<p>Mumifikacija trupla se lahko za\u010dne \u017ee po treh, \u0161tirih dneh. V celoti pa mumificira, tako Haring, \u017ee v treh do \u0161estih mesecih, odvisno od okolja. \u00bbKo\u017ea je najprej trda, \u010dvrsta, usnjata in rjava. S \u010dasoma postaja papirnata, krhka, svetlo rjava in podobna semi\u0161u,\u00ab je razlo\u017eil.\u00a0<\/p>\n","protected":false},"excerpt":{"rendered":"Na dra\u017ebi so uspe\u0161no prodali polovico stanovanja na Majaronovi ulici 20 v Ljubljani, ki je novembra 2020 neslavno&hellip;\n","protected":false},"author":2,"featured_media":214866,"comment_status":"","ping_status":"","sticky":false,"template":"","format":"standard","meta":{"footnotes":"","_share_on_mastodon":"0"},"categories":[6],"tags":[22093,59,61,62,37,58,60,38,584,864,2274,749,3660],"class_list":["post-214865","post","type-post","status-publish","format-standard","has-post-thumbnail","category-slovenija","tag-anton-kovacic","tag-republic-of-slovenia","tag-republika-slovenija","tag-si","tag-slovene","tag-slovenia","tag-slovenija","tag-slovenscina","tag-smrt","tag-sodisce","tag-sojenje","tag-stanovanje","tag-truplo"],"share_on_mastodon":{"url":"https:\/\/pubeurope.com\/@si\/117210226932164514","error":""},"_links":{"self":[{"href":"https:\/\/www.europesays.com\/si\/wp-json\/wp\/v2\/posts\/214865","targetHints":{"allow":["GET"]}}],"collection":[{"href":"https:\/\/www.europesays.com\/si\/wp-json\/wp\/v2\/posts"}],"about":[{"href":"https:\/\/www.europesays.com\/si\/wp-json\/wp\/v2\/types\/post"}],"author":[{"embeddable":true,"href":"https:\/\/www.europesays.com\/si\/wp-json\/wp\/v2\/users\/2"}],"replies":[{"embeddable":true,"href":"https:\/\/www.europesays.com\/si\/wp-json\/wp\/v2\/comments?post=214865"}],"version-history":[{"count":0,"href":"https:\/\/www.europesays.com\/si\/wp-json\/wp\/v2\/posts\/214865\/revisions"}],"wp:featuredmedia":[{"embeddable":true,"href":"https:\/\/www.europesays.com\/si\/wp-json\/wp\/v2\/media\/214866"}],"wp:attachment":[{"href":"https:\/\/www.europesays.com\/si\/wp-json\/wp\/v2\/media?parent=214865"}],"wp:term":[{"taxonomy":"category","embeddable":true,"href":"https:\/\/www.europesays.com\/si\/wp-json\/wp\/v2\/categories?post=214865"},{"taxonomy":"post_tag","embeddable":true,"href":"https:\/\/www.europesays.com\/si\/wp-json\/wp\/v2\/tags?post=214865"}],"curies":[{"name":"wp","href":"https:\/\/api.w.org\/{rel}","templated":true}]}}