{"id":214873,"date":"2026-09-04T01:57:20","date_gmt":"2026-09-04T01:57:20","guid":{"rendered":"https:\/\/www.europesays.com\/si\/214873\/"},"modified":"2026-09-04T01:57:20","modified_gmt":"2026-09-04T01:57:20","slug":"opozorilo-iz-zda-vucic-je-le-marioneta-da-lahko-kitajski-komunisti-v-evropi-izdelujejo-robote","status":"publish","type":"post","link":"https:\/\/www.europesays.com\/si\/214873\/","title":{"rendered":"Opozorilo iz ZDA: Vu\u010di\u0107 je le marioneta, da lahko kitajski komunisti v Evropi izdelujejo robote"},"content":{"rendered":"<p>    <img decoding=\"async\" data-lb-desktop=\"\/media\/2026\/09\/02\/859899\/Orig-Serbia_Vucic__437_--01a35-1200.webp\" data-lb-mobile=\"\/media\/2026\/09\/02\/859899\/Orig-Serbia_Vucic__437_--01a35-600.webp\" class=\"main-gallery-image se_image_lb\" src=\"https:\/\/www.europesays.com\/si\/wp-content\/uploads\/2026\/09\/Wide-Serbia_Vucic__437_--01a35-1000.webp\" alt=\"Serbian President Aleksandar Vucic addresses a rally of the ruling Serbian Progressive Party (SNS) in Belgrade, Serbia, Saturday, June 27, 2026, where he announced that he will resign in the coming weeks. (AP Photo\/Darko Vojinovic)\"\/><\/p>\n<p>Srbski predsednik Aleksandar Vu\u010di\u0107 si je ogledal tovarno humanoidnih robotov podjetja Mint v \u0160abcu. Foto: AP<\/p>\n<p>Opozorilo iz ZDA: Vu\u010di\u0107 je le marioneta, da lahko kitajski komunisti v Evropi izdelujejo robote<\/p>\n<p>Ameri\u0161ki republikanski kongresnik Joe Wilson je znova opozoril na vse ve\u010dji vpliv Kitajske oziroma Kitajske komunisti\u010dne partije na Srbijo pod vodstvom Aleksandra Vu\u010di\u0107a. Njegovo opozorilo prihaja po tem, ko je Vu\u010di\u0107a pred kratkim ostro pozval, naj ne organizira dr\u017eavnega pogreba za vojnega zlo\u010dinca Ratka Mladi\u0107a.<\/p>\n<p>                        02. 09. 2026, 12.59\n                    <\/p>\n<p> rr\n                    <\/p>\n<p>                        <a href=\"https:\/\/google.com\/preferences\/source?q=dnevnik.si\" class=\"se-author-gps-cta\" target=\"_blank\" rel=\"nofollow noopener\"><br \/>\n                            <img decoding=\"async\" class=\"se-author-gps-cta-badge\" src=\"https:\/\/www.europesays.com\/si\/wp-content\/uploads\/2026\/09\/1788487039_598_dnevnik_gps_badge.png\" alt=\"Google Preferred Sources CTA\"\/><br \/>\n                        <\/a><\/p>\n<p>&#8220;Kitajska komunisti\u010dna partija izdeluje robote prek svoje srbske marionete Vu\u010di\u0107a. To je opori\u0161\u010de Kitajske komunisti\u010dne partije (KPK) v Evropi in je v neposrednem nasprotju z ameri\u0161kimi interesi. Kitajsko komunisti\u010dno tehnologijo je treba zavrniti,&#8221; je na omre\u017eju X zapisal Wilson.<\/p>\n<p lang=\"en\" dir=\"ltr\">The Chinese Communist party is building robots through their Serbian puppet Vucic. This is the CCP beachhead in Europe and runs counter to American interests. Chinese communist technology must be rejected! <a href=\"https:\/\/t.co\/5zfOOgwhor\" rel=\"nofollow\">pic.twitter.com\/5zfOOgwhor<\/a><\/p>\n<p>\u2014 Joe Wilson (@RepJoeWilson) <a href=\"https:\/\/x.com\/RepJoeWilson\/status\/2094777561230279096?ref_src=twsrc%5Etfw\" rel=\"nofollow\">September 1, 2026<\/a> <\/p>\n<p>Wilson je Vu\u010di\u0107a \u017ee pred tem neposredno kritiziral zaradi napovedi iz Srbije, da naj bi za vojnega zlo\u010dinca Ratka Mladi\u0107a ob njegovi smrti organizirali pogreb z dr\u017eavnimi \u010dastmi.<\/p>\n<p>&#8220;Nepredstavljivo je, da Vu\u010di\u0107 na\u010drtuje pogreb vojnega zlo\u010dinca Mladi\u0107a z dr\u017eavnimi \u010dastmi. To je tako, kot bi Nem\u010dija izkazovala dr\u017eavne \u010dasti (Adolfu) Hitlerju,&#8221; je bil oster Wilson.<\/p>\n<p>    <a class=\"se-card__wrap se-card--link\" href=\"https:\/\/www.dnevnik.si\/novice\/svet\/video-vucic-obiskal-tovarno-robotov-srbija-je-danes-zakorakala-v-prihodnost-2824459\/\" data-upscore-url=\"\" rel=\"nofollow noopener\" target=\"_blank\"><\/p>\n<p>        <img decoding=\"async\" class=\"se-image se-image--card\" src=\"https:\/\/www.europesays.com\/si\/wp-content\/uploads\/2026\/09\/Wide-vucictertg-400.webp\" alt=\"Vu\u010di\u0107 roboti\"\/><\/p>\n<p>Tehnologija<\/p>\n<p>(VIDEO) Vu\u010di\u0107 obiskal tovarno robotov: \u00bbSrbija je danes zakorakala v prihodnost\u00ab<\/p>\n<p>    <\/a><\/p>\n<p>Ameri\u0161ki kongresnik je sicer \u017ee pred \u010dasom v kongres vlo\u017eil predlog zakona, poimenovan &#8220;Srbija&#8221;, v katerem od ameri\u0161ke vlade izrecno zahteva, naj stopnjuje pritisk na vladajo\u010di re\u017eim v Srbiji.<\/p>\n<p>    <a class=\"se-card__wrap se-card--link\" href=\"https:\/\/www.dnevnik.si\/novice\/svet\/okoli-mladica-se-tudi-po-smrti-dviga-prah-2824689\/\" data-upscore-url=\"\" rel=\"nofollow noopener\" target=\"_blank\"><\/p>\n<p>        <img decoding=\"async\" class=\"se-image se-image--card\" src=\"https:\/\/www.europesays.com\/si\/wp-content\/uploads\/2026\/09\/Wide-2026-08-27T202537Z_1558687991_RC257NAF684M_RTRMADP_3_PEOPLE-RATKO-MLADIC-400.webp\" alt=\"Supporters of the deceased Bosnian Serb general Ratko Mladic hold his picture and light flares on the Varadinski Bridge In Novi Sad Serbia, Serbia, August 27, 2026. REUTERS\/Stefan Stojanovic\"\/><\/p>\n<p>Srbija<\/p>\n<p>Okoli Mladi\u0107a se tudi po smrti dviga prah<\/p>\n<p>    <\/a><\/p>\n<p>Zakonski predlog\u00a0predvideva tudi uvedbo sankcij in prepoved potovanja v ZDA za vse osebe, ki spodkopavajo mir, stabilnost in ozemeljsko celovitost dr\u017eav Zahodnega Balkana.<\/p>\n<p>        <script async src=\"https:\/\/platform.twitter.com\/widgets.js\" charset=\"utf-8\"><\/script><\/p>\n","protected":false},"excerpt":{"rendered":"Srbski predsednik Aleksandar Vu\u010di\u0107 si je ogledal tovarno humanoidnih robotov podjetja Mint v \u0160abcu. Foto: AP Opozorilo iz&hellip;\n","protected":false},"author":2,"featured_media":214874,"comment_status":"","ping_status":"","sticky":false,"template":"","format":"standard","meta":{"footnotes":"","_share_on_mastodon":"0"},"categories":[8],"tags":[2702,52507,36399,440,19584,930,37,38,780,64,90,63,14890],"class_list":["post-214873","post","type-post","status-publish","format-standard","has-post-thumbnail","category-svet","tag-aleksandar-vucic","tag-ameriski-interesi","tag-kitajska-komunisticna-partija","tag-mednarodni-odnosi","tag-ratko-mladic","tag-sankcije","tag-slovene","tag-slovenscina","tag-srbija","tag-svet","tag-tehnologija","tag-world","tag-zahodni-balkan"],"share_on_mastodon":{"url":"https:\/\/pubeurope.com\/@si\/117210293745780739","error":""},"_links":{"self":[{"href":"https:\/\/www.europesays.com\/si\/wp-json\/wp\/v2\/posts\/214873","targetHints":{"allow":["GET"]}}],"collection":[{"href":"https:\/\/www.europesays.com\/si\/wp-json\/wp\/v2\/posts"}],"about":[{"href":"https:\/\/www.europesays.com\/si\/wp-json\/wp\/v2\/types\/post"}],"author":[{"embeddable":true,"href":"https:\/\/www.europesays.com\/si\/wp-json\/wp\/v2\/users\/2"}],"replies":[{"embeddable":true,"href":"https:\/\/www.europesays.com\/si\/wp-json\/wp\/v2\/comments?post=214873"}],"version-history":[{"count":0,"href":"https:\/\/www.europesays.com\/si\/wp-json\/wp\/v2\/posts\/214873\/revisions"}],"wp:featuredmedia":[{"embeddable":true,"href":"https:\/\/www.europesays.com\/si\/wp-json\/wp\/v2\/media\/214874"}],"wp:attachment":[{"href":"https:\/\/www.europesays.com\/si\/wp-json\/wp\/v2\/media?parent=214873"}],"wp:term":[{"taxonomy":"category","embeddable":true,"href":"https:\/\/www.europesays.com\/si\/wp-json\/wp\/v2\/categories?post=214873"},{"taxonomy":"post_tag","embeddable":true,"href":"https:\/\/www.europesays.com\/si\/wp-json\/wp\/v2\/tags?post=214873"}],"curies":[{"name":"wp","href":"https:\/\/api.w.org\/{rel}","templated":true}]}}