{"id":214911,"date":"2026-09-04T02:52:12","date_gmt":"2026-09-04T02:52:12","guid":{"rendered":"https:\/\/www.europesays.com\/si\/214911\/"},"modified":"2026-09-04T02:52:12","modified_gmt":"2026-09-04T02:52:12","slug":"golob-referendum-je-glas-proti-celotni-prevarantski-koaliciji","status":"publish","type":"post","link":"https:\/\/www.europesays.com\/si\/214911\/","title":{"rendered":"Golob: Referendum je glas proti celotni prevarantski koaliciji"},"content":{"rendered":"<p>\t\t\t\t\t\t\t\t<a href=\"https:\/\/www.europesays.com\/si\/wp-content\/uploads\/2026\/09\/67091920.jpg\" itemprop=\"contentUrl\" data-size=\"1200x800\" data-large=\"https:\/\/www.europesays.com\/si\/wp-content\/uploads\/2026\/09\/67091920.jpg\"><br \/>\n\t\t\t\t\t\t\t\t\t<img decoding=\"async\" src=\"https:\/\/www.europesays.com\/si\/wp-content\/uploads\/2026\/09\/67091920.jpg\" title=\"Robert Golob je obiskal stojnico, kjer zbirajo podpise. Foto: BoBo\/Igor Kupljenik\" alt=\"Robert Golob je obiskal stojnico, kjer zbirajo podpise. Foto: BoBo\/Igor Kupljenik\"\/><br \/>\n\t\t\t\t\t\t\t\t<\/a><\/p>\n<p>\t\t\t\t\t\t\t\t\tRobert Golob je obiskal stojnico, kjer zbirajo podpise. Foto: BoBo\/Igor Kupljenik<\/p>\n<p>\t\t\t\t\t\t\t<a id=\"preferredSourceBanner\" href=\"https:\/\/www.rtvslo.si\/slovenija\/golob-referendum-je-glas-proti-celotni-prevarantski-koaliciji\/javascript:void(0)\" target=\"_blank\" class=\"d-none align-items-center justify-content-between rounded my-3\" style=\"padding: 10px 15px;\" rel=\"nofollow noopener\"><br \/>\n\t\t\t\t\t\t<img decoding=\"async\" src=\"https:\/\/img.rtvslo.si\/_static\/novi\/img\/ico-google.svg\" class=\"flex-shrink-0 mr-3\" aria-hidden=\"true\"\/><br \/>\n\t\t\t\t\t\tSpremljajte RTVSLO.si kot prednostni vir na Google<\/p>\n<p>\t\t\t\t\t<\/a><\/p>\n<p>Predsednik Svobode Robert Golob je na stojnici oddal podpis za razpis referenduma o interventnem zakonu ali, kot se je izrazil, za referendum proti razkroju Slovenije. &#8220;Referendum je temelj demokracije. To nekateri ves \u010das ponavljajo. Ampak ko pride \u010das, da preizkusimo na referendumu njihove zamisli, si premislijo,&#8221; je dejal po obisku ljubljanske upravne enote. <\/p>\n<p>Oglas<\/p>\n<p>Golob pravi, da je zakon o interventnih ukrepih za razvoj Slovenije v vseh postavkah \u0161kodljiv. <\/p>\n<p>Interventni zakon po njegovih besedah privatizira zdravstveni sistem in uni\u010duje pokojninsko blagajno. &#8220;Njegov edini namen je, da nagradi tiste redke izbrance, ki so vladajo\u010di kliki omogo\u010dili, da je s prevaro pri\u0161la do oblasti,&#8221; je dejal. Ob tem je dodal, da je tako &#8220;ta referendum glas proti celotni prevarantski koaliciji&#8221;. Pri tem jih lahko v njihovi nameri, da &#8220;s prevaro vladajo \u0161e dolgo&#8221;, ustavijo samo ljudje.<\/p>\n<p>&#8220;Marsikdo se danes spra\u0161uje, za koga v resnici sploh delajo. \u010ce je na mednarodnem prizori\u0161\u010du vsakemu jasno, da so postavili interese Slovenije in Evrope za interese Izraela, je na notranjem podro\u010dju in pri tem zakonu jasno, da delajo izklju\u010dno za popla\u010dilo svojih predvolilnih dolgov,&#8221; je poudaril.<\/p>\n<p>Poziv k pojasnilu o delovanju eUprave<\/p>\n<p>Po te\u017eavah z oddajo elektronskega podpisa v podporo razpisu zakonodajnega referenduma je poslanka Svobode Sara \u017dibrat ministra za notranje zadeve in javno upravo Francija Matoza pozvala, naj &#8220;ljudem pojasni, zakaj ne morejo prek spleta oddati podpisa brez zapletov&#8221;.<\/p>\n<p>\t\t\t\t\t\t\t\t\t<a href=\"https:\/\/www.rtvslo.si\/n\/792547\" class=\"image-link image-heading image-container container-16-9\" data-large=\"https:\/\/img.rtvcdn.si\/_up\/upload\/2026\/09\/01\/67089114.jpg\" rel=\"nofollow noopener\" target=\"_blank\"><br \/>\n\t\t\t\t\t\t\t\t\t\t<img decoding=\"async\" src=\"https:\/\/www.europesays.com\/si\/wp-content\/uploads\/2026\/09\/67089114_thumb.jpg\" class=\"image-preview\"\/><br \/>\n\t\t\t\t\t\t\t\t\t<\/a><\/p>\n<p>\t\t\t\t\t\t\t\t\t\tSorodna novica<br \/>\n\t\t\t\t\t\t\t\t\t\t<a href=\"https:\/\/www.rtvslo.si\/n\/792547\" rel=\"nofollow noopener\" target=\"_blank\">Ob zbiranju podpisov za referendum te\u017eave na portalu eUprava, sindikati pozivajo k hitrim re\u0161itvam<\/a><\/p>\n<p>Po njenem mnenju ni dovolj, da ljudi obvesti samo o tem, da so te\u017eave. &#8220;\u010cas je, da pove, za kak\u0161no napako gre, ker ne vemo, ali imamo tako slab sistem, da ni zmo\u017een procesirati 5000 podpisov na dan, ali pa nekdo na\u010drtno minira ta sistem in ga obremenjuje z nekimi la\u017enimi zahtevki,&#8221; je dejala in Matoza pozvala k \u010dimprej\u0161nji odpravi napake.<\/p>\n<p>Glede predloga interventnega zakona, s katerim bi tudi kmetom zaradi energetske krize pomagali v obliki subvencioniranja nakupa goriva, je Golob dejal, da &#8220;ta vlada samo nekaj posku\u0161a narediti&#8221;. &#8220;Te ukrepe bi morala sprejeti \u017ee zdavnaj, da bi ljudje v \u010dasu, ko je bilo najhuje, ko je bila najhuj\u0161a su\u0161a in ko so bile cene najvi\u0161je, od tega tudi kaj imeli,&#8221; je dejal.<\/p>\n<p>Po njegovem mnenju vlada ne odgovarja na izzive tega \u010dasa, saj doslej ni sprejela niti enega ukrepa, ki bi deloval in ki bi prina\u0161al koristi navadnim ljudem. &#8220;Sodimo jih po dejanjih in po rezultatih. A teh za zdaj ni. Vsi rezultati, ki so, so plod prej\u0161nje, na\u0161e vlade. Ta vlada \u017eal za ljudi \u0161e ni naredila popolnoma ni\u010desar,&#8221; je ocenil.<\/p>\n<p>\u017dibrat je komentirala tudi sredin shod na ljubljanskem Trgu republike, na katerem so protestniki zahtevali odstop poslanca Resni.ce Borisa Miji\u010da in &#8220;Miji\u010deve koalicije&#8221;. Kot je dejala, Miji\u010da in predsednika DZ-ja Zorana Stevanovi\u0107a, ki je predsednik Resni.ce, omogo\u010da premier Janez Jan\u0161a. &#8220;Verjamem, da je to \u0161ele za\u010detek protestov, da se bo Jan\u0161i ponovno zgodila ulica. Predlagam mu, da za\u010dne pozive ljudi jemati resno, ne pa, da jih diskreditira prek socialnih omre\u017eij,&#8221; je dejala.<\/p>\n<p>\t\t\t\tGolob oddal podpis za referendum o intervencijskem zakonu za razvoj Slovenije<\/p>\n<p>Oglas<\/p>\n","protected":false},"excerpt":{"rendered":"Robert Golob je obiskal stojnico, kjer zbirajo podpise. Foto: BoBo\/Igor Kupljenik Spremljajte RTVSLO.si kot prednostni vir na Google&hellip;\n","protected":false},"author":2,"featured_media":214912,"comment_status":"","ping_status":"","sticky":false,"template":"","format":"standard","meta":{"footnotes":"","_share_on_mastodon":"0"},"categories":[6],"tags":[53,26470,34725,59,61,50,62,37,58,60,38],"class_list":["post-214911","post","type-post","status-publish","format-standard","has-post-thumbnail","category-slovenija","tag-gibanje-svoboda","tag-intervencijski-zakon","tag-referendum-o-intervencijskem-zakonu","tag-republic-of-slovenia","tag-republika-slovenija","tag-robert-golob","tag-si","tag-slovene","tag-slovenia","tag-slovenija","tag-slovenscina"],"share_on_mastodon":{"url":"https:\/\/pubeurope.com\/@si\/117210510314820677","error":""},"_links":{"self":[{"href":"https:\/\/www.europesays.com\/si\/wp-json\/wp\/v2\/posts\/214911","targetHints":{"allow":["GET"]}}],"collection":[{"href":"https:\/\/www.europesays.com\/si\/wp-json\/wp\/v2\/posts"}],"about":[{"href":"https:\/\/www.europesays.com\/si\/wp-json\/wp\/v2\/types\/post"}],"author":[{"embeddable":true,"href":"https:\/\/www.europesays.com\/si\/wp-json\/wp\/v2\/users\/2"}],"replies":[{"embeddable":true,"href":"https:\/\/www.europesays.com\/si\/wp-json\/wp\/v2\/comments?post=214911"}],"version-history":[{"count":0,"href":"https:\/\/www.europesays.com\/si\/wp-json\/wp\/v2\/posts\/214911\/revisions"}],"wp:featuredmedia":[{"embeddable":true,"href":"https:\/\/www.europesays.com\/si\/wp-json\/wp\/v2\/media\/214912"}],"wp:attachment":[{"href":"https:\/\/www.europesays.com\/si\/wp-json\/wp\/v2\/media?parent=214911"}],"wp:term":[{"taxonomy":"category","embeddable":true,"href":"https:\/\/www.europesays.com\/si\/wp-json\/wp\/v2\/categories?post=214911"},{"taxonomy":"post_tag","embeddable":true,"href":"https:\/\/www.europesays.com\/si\/wp-json\/wp\/v2\/tags?post=214911"}],"curies":[{"name":"wp","href":"https:\/\/api.w.org\/{rel}","templated":true}]}}