{"id":214915,"date":"2026-09-04T03:05:15","date_gmt":"2026-09-04T03:05:15","guid":{"rendered":"https:\/\/www.europesays.com\/si\/214915\/"},"modified":"2026-09-04T03:05:15","modified_gmt":"2026-09-04T03:05:15","slug":"dozivite-dirko-po-franciji-na-gorenjskem","status":"publish","type":"post","link":"https:\/\/www.europesays.com\/si\/214915\/","title":{"rendered":"Do\u017eivite Dirko po Franciji na Gorenjskem"},"content":{"rendered":"<p><a id=\"preferredSourceBanner\" href=\"https:\/\/www.rtvslo.si\/predstavitveni-oglas\/dozivite-dirko-po-franciji-na-gorenjskem\/javascript:void(0)\" target=\"_blank\" class=\"d-none align-items-center justify-content-between rounded my-3\" style=\"padding: 10px 15px;\" rel=\"nofollow noopener\"><br \/>\n\t\t\t\t\t\t<img decoding=\"async\" src=\"https:\/\/img.rtvslo.si\/_static\/novi\/img\/ico-google.svg\" class=\"flex-shrink-0 mr-3\" aria-hidden=\"true\"\/><br \/>\n\t\t\t\t\t\tSpremljajte RTVSLO.si kot prednostni vir na Google<\/p>\n<p>\t\t\t\t\t<\/a><\/p>\n<p>Zaprte ceste, navija\u010di ob trasi, merjenje \u010dasa, okrep\u010devalnice, tekmovalna napetost in ob\u010dutek, da je pred vami prav poseben kolesarski dan. Vse to je mogo\u010de tudi brez profesionalne pogodbe \u2013 na Merkur zavarovalnica L&#8217;\u00c9tape Slovenia by Tour de France.<\/p>\n<p>Oglas<\/p>\n<p>\t\t\t\t\t\t\t\t<a href=\"https:\/\/www.europesays.com\/si\/wp-content\/uploads\/2026\/09\/67067111.jpg\" itemprop=\"contentUrl\" data-size=\"1200x800\" data-large=\"https:\/\/www.europesays.com\/si\/wp-content\/uploads\/2026\/09\/67067111.jpg\"><br \/>\n\t\t\t\t\t\t\t\t\t<img decoding=\"async\" src=\"https:\/\/www.europesays.com\/si\/wp-content\/uploads\/2026\/09\/67067111.jpg\" title=\"Foto: Merkur zavarovalnica\" alt=\"Foto: Merkur zavarovalnica\"\/><br \/>\n\t\t\t\t\t\t\t\t<\/a><\/p>\n<p>\t\t\t\t\t\t\t\t\tFoto: Merkur zavarovalnica<\/p>\n<p>Kolesarstvo je v Sloveniji \u017ee zdavnaj preraslo okvire \u0161porta. Postalo je del vsakdana, na\u010din pre\u017eivljanja prostega \u010dasa, dru\u017eenja in odkrivanja doma\u010dih krajev. A med spro\u0161\u010denim nedeljskim izletom in ob\u010dutkom, ki ga ponuja prava kolesarska preizku\u0161nja, je vendarle velika razlika.<\/p>\n<p>Prav to razliko \u017eeli zapolniti <a href=\"https:\/\/www.merkur-zav.si\/l-etape-slovenia-by-tour-de-france\" target=\"_blank\" rel=\"noopener nofollow\" data-mce-href=\"https:\/\/www.merkur-zav.si\/l-etape-slovenia-by-tour-de-france\" data-mce->Merkur zavarovalnica L&#8217;\u00c9tape Slovenia<\/a>. Dogodek, ki bo letos 5. in 6. septembra ponovno potekal v Kranju, rekreativcem omogo\u010da, da se podajo na traso v duhu Dirke po Franciji \u2013 z organizacijo in elementi, ki jih poznamo z najve\u010dje kolesarske dirke na svetu.<\/p>\n<p>Ko se navadna cesta spremeni v dirkali\u0161\u010de<\/p>\n<p>Eden izmed najbolj posebnih ob\u010dutkov na L&#8217;\u00c9tape Slovenia je pogled na cesto, ki je za nekaj ur namenjena samo kolesarjem.<\/p>\n<p>Na vseh preizku\u0161njah so trase zaprte za promet, udele\u017eence spremljajo uradna vozila, ob progi so navija\u010di, na voljo so okrep\u010devalne postaje, \u010dasomerjenje in razvrstitve. Kolesar tako ne dobi zgolj \u0161e ene \u0161tevilke v koledarju rekreativnih prireditev, temve\u010d ob\u010dutek, kako je videti dan v kolesarski karavani.<\/p>\n<p>In prav v tem je \u010dar dogodka: na startni \u010drti niso profesionalci, temve\u010d ljudje z razli\u010dnimi zgodbami, pripravljenostjo in cilji. Nekdo si bo prizadeval za \u010dim bolj\u0161i \u010das, drugi za svojo prvo dolgo traso, tretji pa bo \u017eelel predvsem u\u017eivati v vo\u017enji in vzdu\u0161ju. Za vse pa velja isto \u2013 za nekaj ur ob\u010dutite pravo izku\u0161njo Toura.<\/p>\n<p>\t\t\t\t\t\t\t\t<a href=\"https:\/\/www.europesays.com\/si\/wp-content\/uploads\/2026\/09\/67067108.jpg\" itemprop=\"contentUrl\" data-size=\"1200x800\" data-large=\"https:\/\/www.europesays.com\/si\/wp-content\/uploads\/2026\/09\/67067108.jpg\"><br \/>\n\t\t\t\t\t\t\t\t\t<img decoding=\"async\" src=\"https:\/\/www.europesays.com\/si\/wp-content\/uploads\/2026\/09\/67067108.jpg\" title=\"Foto: Merkur zavarovalnica\" alt=\"Foto: Merkur zavarovalnica\"\/><br \/>\n\t\t\t\t\t\t\t\t<\/a><\/p>\n<p>\t\t\t\t\t\t\t\t\tFoto: Merkur zavarovalnica<\/p>\n<p>\t\t\t\t\t\t\tDve trasi, en cilj: do\u017eiveti Tour po svoje<\/p>\n<p>Leto\u0161nja nedeljska preizku\u0161nja ponuja dve mo\u017enosti. Kraj\u0161a trasa je dolga 80 kilometrov in ima 931 vi\u0161inskih metrov, dalj\u0161a pa meri pribli\u017eno 130 kilometrov in ponuja okoli 1800 vi\u0161inskih metrov. Tako lahko svojo mejo izbere vsak sam, glede na izku\u0161nje, pripravljenost in ambicije.<\/p>\n<p>A <a href=\"https:\/\/www.merkur-zav.si\/l-etape-slovenia-by-tour-de-france\" target=\"_blank\" rel=\"noopener nofollow\" data-mce-href=\"https:\/\/www.merkur-zav.si\/l-etape-slovenia-by-tour-de-france\" data-mce->Merkur zavarovalnica L&#8217;\u00c9tape Slovenia<\/a> ni samo nedeljska dirka.<\/p>\n<p>Kolesarski festival se za\u010dne \u017ee v soboto, ko bodo Kranj in okolico napolnili razli\u010dni dogodki. Med njimi so Merkur zavarovalnica poslovna etapa, dru\u017einsko kolesarjenje, otro\u0161ke preizku\u0161nje Bodo\u010di junaki in izziv K0.0lesari na polno!, pri katerem se lahko udele\u017eenci pomerijo tudi z Matejem Mohori\u010dem na kratkem vzponu na Jelenov klanec.<\/p>\n<p>To je pomemben del zgodbe L&#8217;\u00c9tape Slovenia: kolesarstvo ni rezervirano za tiste, ki \u0161tejejo vate, sekunde in kilometre. Dogodek \u017eeli povezati razli\u010dne generacije in razli\u010dne ravni kolesarjev.<\/p>\n<p>V ospredju ni samo rezultat, ampak tudi varnost<\/p>\n<p>Vsakdo, ki se je \u017ee vozil v skupini, ve, da je kolesarjenje nekaj povsem drugega, ko se hitrost pove\u010da, ko se kolesa pribli\u017eajo drugo drugemu in ko je treba v del\u010dku sekunde predvideti potezo kolesarja pred seboj.<\/p>\n<p>Zato je ob velikem \u0161portnem do\u017eivetju pomembno tudi vpra\u0161anje varnosti.<\/p>\n<p>Merkur zavarovalnica, imenski partner dogodka, skupaj z organizatorji posebno pozornost namenja prav temu podro\u010dju. V okviru Akademije kolesarjenja z Matejem Mohori\u010dem nastaja serija vsebin, namenjenih dvigu varnostne kulture med rekreativnimi kolesarji. Geslo akademije \u2013 \u00bbStrpno. \u0160portno. Varno.\u00ab \u2013 povzema bistvo: dober kolesar ni le hiter, ampak zna predvideti razmere, obvlada svoje kolo in spo\u0161tuje druge udele\u017eence v prometu.<\/p>\n<p>Akademija se posve\u010da zelo konkretnim ve\u0161\u010dinam: vo\u017enji v skupini in zavetrju, pravilnemu zaviranju, vo\u017enji skozi ovinke, spustom, izogibanju oviram ter pravilnemu polo\u017eaju na kolesu. Pomemben del je tudi zavedanje, da zaprta cesta na organizirani prireditvi ne pomeni, da lahko na varnost preprosto pozabimo.<\/p>\n<p>\u00bbV Merkur zavarovalnici verjamemo, da \u0161port navdihuje, povezuje in spodbuja zdrav \u017eivljenjski slog. Zato smo ponosni, da smo imenski partner dogodka Merkur zavarovalnica L&#8217;\u00c9tape Slovenia by Tour de France. S partnerstvom in Akademijo kolesarstva Mateja Mohori\u010da \u017eelimo tudi prispevati k ve\u010dji prometni varnosti ter spodbujati odgovorno in varno kolesarjenje. Skupaj ustvarjamo dogodek, ki zdru\u017euje \u0161port, skupnost in vrednote, v katere verjamemo,\u00ab pravi Miha Pahulje, \u010dlan uprave Merkur zavarovalnice.<\/p>\n<p>\t\t\t\t\t\t\t\t<a href=\"https:\/\/www.europesays.com\/si\/wp-content\/uploads\/2026\/09\/67067106.jpg\" itemprop=\"contentUrl\" data-size=\"1200x800\" data-large=\"https:\/\/www.europesays.com\/si\/wp-content\/uploads\/2026\/09\/67067106.jpg\"><br \/>\n\t\t\t\t\t\t\t\t\t<img decoding=\"async\" src=\"https:\/\/www.europesays.com\/si\/wp-content\/uploads\/2026\/09\/67067106.jpg\" title=\"Foto: Merkur zavarovalnica\" alt=\"Foto: Merkur zavarovalnica\"\/><br \/>\n\t\t\t\t\t\t\t\t<\/a><\/p>\n<p>\t\t\t\t\t\t\t\t\tFoto: Merkur zavarovalnica<\/p>\n<p>\t\t\t\t\t\t\tKo ima vsak kilometer svoj pomen<\/p>\n<p>Partnerstvo med Merkur zavarovalnico in L&#8217;\u00c9tape Slovenia ima tudi dru\u017ebeno odgovorno razse\u017enost. Del sponzorskih sredstev Merkur zavarovalnica namenja Fundaciji Mateja Mohori\u010da, ki podpira razvoj mladih perspektivnih kolesarjev ter socialno \u0161ibkej\u0161im otrokom in mladim pomaga, da je kolesarski \u0161port zanje dostopnej\u0161i.<\/p>\n<p>Tako kolesarski izziv na L&#8217;\u00c9tape Slovenia presega osebni rezultat. Del zgodbe je tudi podpora mladim, ki jim lahko kolesarstvo pomeni prilo\u017enost za razvoj, gibanje in uresni\u010devanje \u0161portnih ciljev.<\/p>\n<p>\t\t\t\t\t\t\t\t<a href=\"https:\/\/www.europesays.com\/si\/wp-content\/uploads\/2026\/09\/67067112.jpg\" itemprop=\"contentUrl\" data-size=\"1200x800\" data-large=\"https:\/\/www.europesays.com\/si\/wp-content\/uploads\/2026\/09\/67067112.jpg\"><br \/>\n\t\t\t\t\t\t\t\t\t<img decoding=\"async\" src=\"https:\/\/www.europesays.com\/si\/wp-content\/uploads\/2026\/09\/67067112.jpg\" title=\"Foto: Merkur zavarovalnica\" alt=\"Foto: Merkur zavarovalnica\"\/><br \/>\n\t\t\t\t\t\t\t\t<\/a><\/p>\n<p>\t\t\t\t\t\t\t\t\tFoto: Merkur zavarovalnica<\/p>\n<p>\t\t\t\t\t\t\tSte vedeli?<\/p>\n<p>Serija kolesarskih dogodkov L&#8217;\u00c9tape Series ima \u017ee ve\u010d kot 30-letno zgodovino. Prva izvedba je bila leta 1993, ko je na 190-kilometrsko traso \u010dez Pireneje krenilo 1705 rekreativnih kolesarjev. Ideja je bila preprosta, a precej revolucionarna: ljubiteljskim kolesarjem omogo\u010diti, da se pomerijo na trasi ene od etap prave Dirke po Franciji.<\/p>\n<p>Danes je L&#8217;\u00c9tape Series svetovna zgodba. Osrednji dogodek L&#8217;\u00c9tape du Tour privabi ve\u010d kot 14.000 kolesarjev z vsega sveta, prijave pa so zaradi priljubljenosti pogosto zelo hitro zapolnjene.<\/p>\n<p>Tudi Slovenija je del te zgodbe. L&#8217;\u00c9tape Slovenia pod okriljem Dirke po Franciji poteka od leta 2022, leto\u0161nja izvedba pa bo \u017ee peta.<\/p>\n<p>Posebnost so tudi kultne majice. Udele\u017eenci se lahko potegujejo za razvrstitve in majice v barvah, ki jih poznamo z Dirke po Franciji \u2013 rumeno, zeleno, pik\u010dasto in belo.<\/p>\n<p>In \u0161e ena zanimivost: udele\u017eenci slovenskega dogodka L&#8217;\u00c9tape Series, ki se udele\u017eijo dalj\u0161e ali kraj\u0161e nedeljske preizku\u0161nje, dobijo tudi prednostno mo\u017enost prijave na francoski L&#8217;\u00c9tape Series. \u010ce torej nekdo v Kranju odkrije, da mu je okus po Touru v\u0161e\u010d, lahko neko\u010d svojo zgodbo nadaljuje tudi na pravi francoski trasi.<\/p>\n<p>\t\t\t\t\t\t\t\t<a href=\"https:\/\/www.europesays.com\/si\/wp-content\/uploads\/2026\/09\/67067107.jpg\" itemprop=\"contentUrl\" data-size=\"1200x800\" data-large=\"https:\/\/www.europesays.com\/si\/wp-content\/uploads\/2026\/09\/67067107.jpg\"><br \/>\n\t\t\t\t\t\t\t\t\t<img decoding=\"async\" src=\"https:\/\/www.europesays.com\/si\/wp-content\/uploads\/2026\/09\/67067107.jpg\" title=\"Foto: Merkur zavarovalnica\" alt=\"Foto: Merkur zavarovalnica\"\/><br \/>\n\t\t\t\t\t\t\t\t<\/a><\/p>\n<p>\t\t\t\t\t\t\t\t\tFoto: Merkur zavarovalnica<\/p>\n<p>\t\t\t\t\t\t\tDirka po Franciji, le da doma<\/p>\n<p>Na koncu je morda najlep\u0161e prav to, da za ob\u010dutek velike kolesarske dirke ni treba potovati v Francijo.<\/p>\n<p>Dovolj je kolo, nekaj pripravljenosti in \u017eelja po izzivu. Potem pa pridejo Kranj, Gorenjska, zaprte ceste, navija\u010di, kolesarska karavana in ob\u010dutek, da je za en dan tudi rekreativec lahko del zgodbe, ki jo sicer spremljamo na televizijskih zaslonih.<\/p>\n<p><a href=\"https:\/\/www.merkur-zav.si\/l-etape-slovenia-by-tour-de-france\" target=\"_blank\" rel=\"noopener nofollow\" data-mce-href=\"https:\/\/www.merkur-zav.si\/l-etape-slovenia-by-tour-de-france\" data-mce->Merkur zavarovalnica L&#8217;\u00c9tape Slovenia<\/a> by Tour de France bo 5. in 6. septembra v Kranju zdru\u017eil tekmovalnost, dru\u017eenje, varnost, dobrodelnost in predvsem ljubezen do kolesarstva.<\/p>\n<p>\u010ce ne na kolo, pa vsaj ob cesto. Kajti pravi Tour ni samo tisti, ki ga gledamo na televiziji. V\u010dasih se lahko pripelje tudi precej bli\u017ee \u2013 na Gorenjsko.<\/p>\n<p>Naro\u010dnik oglasa: Merkur zavarovalnica<\/p>\n<p>Oglas<\/p>\n","protected":false},"excerpt":{"rendered":"Spremljajte RTVSLO.si kot prednostni vir na Google Zaprte ceste, navija\u010di ob trasi, merjenje \u010dasa, okrep\u010devalnice, tekmovalna napetost in&hellip;\n","protected":false},"author":2,"featured_media":214916,"comment_status":"","ping_status":"","sticky":false,"template":"","format":"standard","meta":{"footnotes":"","_share_on_mastodon":"0"},"categories":[16],"tags":[166,618,52508,62,37,58,60,38,94,93,9375,643],"class_list":["post-214915","post","type-post","status-publish","format-standard","has-post-thumbnail","category-sport","tag-gorenjska","tag-kolesarstvo","tag-rekreativci","tag-si","tag-slovene","tag-slovenia","tag-slovenija","tag-slovenscina","tag-sport","tag-sports","tag-tour-de-france","tag-varnost"],"share_on_mastodon":{"url":"https:\/\/pubeurope.com\/@si\/117210561406524013","error":""},"_links":{"self":[{"href":"https:\/\/www.europesays.com\/si\/wp-json\/wp\/v2\/posts\/214915","targetHints":{"allow":["GET"]}}],"collection":[{"href":"https:\/\/www.europesays.com\/si\/wp-json\/wp\/v2\/posts"}],"about":[{"href":"https:\/\/www.europesays.com\/si\/wp-json\/wp\/v2\/types\/post"}],"author":[{"embeddable":true,"href":"https:\/\/www.europesays.com\/si\/wp-json\/wp\/v2\/users\/2"}],"replies":[{"embeddable":true,"href":"https:\/\/www.europesays.com\/si\/wp-json\/wp\/v2\/comments?post=214915"}],"version-history":[{"count":0,"href":"https:\/\/www.europesays.com\/si\/wp-json\/wp\/v2\/posts\/214915\/revisions"}],"wp:featuredmedia":[{"embeddable":true,"href":"https:\/\/www.europesays.com\/si\/wp-json\/wp\/v2\/media\/214916"}],"wp:attachment":[{"href":"https:\/\/www.europesays.com\/si\/wp-json\/wp\/v2\/media?parent=214915"}],"wp:term":[{"taxonomy":"category","embeddable":true,"href":"https:\/\/www.europesays.com\/si\/wp-json\/wp\/v2\/categories?post=214915"},{"taxonomy":"post_tag","embeddable":true,"href":"https:\/\/www.europesays.com\/si\/wp-json\/wp\/v2\/tags?post=214915"}],"curies":[{"name":"wp","href":"https:\/\/api.w.org\/{rel}","templated":true}]}}