{"id":214931,"date":"2026-09-04T03:30:09","date_gmt":"2026-09-04T03:30:09","guid":{"rendered":"https:\/\/www.europesays.com\/si\/214931\/"},"modified":"2026-09-04T03:30:09","modified_gmt":"2026-09-04T03:30:09","slug":"tudi-v-tehnoparku-celje-slovo-od-pocitnic","status":"publish","type":"post","link":"https:\/\/www.europesays.com\/si\/214931\/","title":{"rendered":"Tudi v Tehnoparku Celje slovo od po\u010ditnic"},"content":{"rendered":"<p>4. 9. 2026 ob 5:00&#13;<br \/>\n&#13;<br \/>\n&#13;<br \/>\n&#13;<br \/>\n&#13;<br \/>\n&#13;<br \/>\n<img decoding=\"async\" src=\"https:\/\/www.europesays.com\/si\/wp-content\/uploads\/2026\/09\/01c51f3c-314f-4d75-87af-616b59a64602.jpg\" alt=\"foto: Tehnopark Celje\" style=\"width:100%;max-width:600px;border:none\"\/>&#13;<br \/>\nfoto: Tehnopark Celje&#13;<br \/>\n&#13;<br \/>\n&#13;<br \/>\n&#13;<\/p>\n<p>V celjskem Tehnoparku so konec avgusta zaklju\u010dili s programi po\u010ditni\u0161kega varstva ter poletnih delavnic, \u00a0ki so pritegnili ve\u010d kot 120 otrok. Julija in avgusta so sicer na\u0161teli skoraj 8.000 obiskovalcev. Na zadnjo avgustovsko soboto so pripravili \u0161e zaklju\u010dni celodnevni poletni dogodek z vrhuncem, otro\u0161ko predstavo Lucije \u0106irovi\u0107.<\/p>\n<p>&#13;<\/p>\n<p>V Tehnoparku Celje so zadovoljni z iztekajo\u010dimi poletnimi po\u010ditnicami. Nadgradnja programov po\u010ditni\u0161kega varstva (3-urnega in celodnevnega) ter dodatne delavnice, so obrodile sadove. Najve\u010dji znanstveno-zabavni park v Sloveniji je julija in avgusta obiskalo 8.000 obiskovalcev. \u00bbLeto\u0161nji program po\u010ditni\u0161kega varstva smo nadgradili v smislu bolj dinami\u010dnega in do\u017eivljajskega formata, ki je otroke skozi igro, raziskovanje in ustvarjanje popeljal v svet znanosti ter sodobnih tehnologij. V celodnevnem po\u010ditni\u0161kem varstvu, ki smo ga pripravili v sodelovanju z Digital School in Zavodom InoQi, smo v dveh terminih imeli polno zasedenost, to je 31 otrok starih od 7 do 11 let. Organizirali smo tudi 3-urno po\u010ditni\u0161ko varstvo, ki se ga je udele\u017eilo 43 otrok. Ti so med po\u010ditnicami, od torka do petka, u\u017eivali v druga\u010dni programski aktivnosti, od srednjeve\u0161kih pustolov\u0161\u010din in ustvarjalnih izzivov do robotike, 3D-tiskanja, elektronike, detektivskih misij, naravoslovnih eksperimentov in Lego robotike,\u00ab je o poletnem dogajanju povedala Andreja Erjavec, direktorica Tehnoparka Celje. Poleg omenjenega so v slednjem pripravili tudi niz dodatnih delavnic: \u010darovni\u0161ko akademijo, 3D-modeliranje, spajkalnico z Zavodom 404 ter delavnico peke celjske rolce za odrasle.\u00a0<\/p>\n<p>Po\u010ditni\u0161ko dogajanje so sklenili v zna\u010dilnem slogu \u2013 z veliko radovednosti, ustvarjalnosti, igre in znanosti, in sicer z dogodkom Nazaj v \u0161olo. Na zadnjo avgustovsko soboto so za obiskovalce Tehnoparka Celje pripravili STEAM-delavnice, med njimi tudi povsem novi vsebini, kot sta izdelava fosilov in izdelava papirnatih squishyjev, ter obnovljeni priljubljeni znanstveni \u0161ov. Vrhunec programa je bila ventrilokvisti\u010dna otro\u0161ka predstava Zme\u0161njava iz kov\u010dka Lucije \u0106irovi\u0107.<\/p>\n<p>&#13;<br \/>\n&#13;<\/p>\n","protected":false},"excerpt":{"rendered":"4. 9. 2026 ob 5:00&#13; &#13; &#13; &#13; &#13; &#13; &#13; foto: Tehnopark Celje&#13; &#13; &#13; &#13; V&hellip;\n","protected":false},"author":2,"featured_media":214932,"comment_status":"","ping_status":"","sticky":false,"template":"","format":"standard","meta":{"footnotes":"","_share_on_mastodon":"0"},"categories":[23],"tags":[162,1289,159,1595,158,194,62,37,58,60,38,2012,1288],"class_list":["post-214931","post","type-post","status-publish","format-standard","has-post-thumbnail","category-celje","tag-celje","tag-fantasy","tag-lokalno","tag-mestna","tag-obcina","tag-radio","tag-si","tag-slovene","tag-slovenia","tag-slovenija","tag-slovenscina","tag-tehnopark","tag-udarno"],"share_on_mastodon":{"url":"https:\/\/pubeurope.com\/@si\/117210659739636984","error":""},"_links":{"self":[{"href":"https:\/\/www.europesays.com\/si\/wp-json\/wp\/v2\/posts\/214931","targetHints":{"allow":["GET"]}}],"collection":[{"href":"https:\/\/www.europesays.com\/si\/wp-json\/wp\/v2\/posts"}],"about":[{"href":"https:\/\/www.europesays.com\/si\/wp-json\/wp\/v2\/types\/post"}],"author":[{"embeddable":true,"href":"https:\/\/www.europesays.com\/si\/wp-json\/wp\/v2\/users\/2"}],"replies":[{"embeddable":true,"href":"https:\/\/www.europesays.com\/si\/wp-json\/wp\/v2\/comments?post=214931"}],"version-history":[{"count":0,"href":"https:\/\/www.europesays.com\/si\/wp-json\/wp\/v2\/posts\/214931\/revisions"}],"wp:featuredmedia":[{"embeddable":true,"href":"https:\/\/www.europesays.com\/si\/wp-json\/wp\/v2\/media\/214932"}],"wp:attachment":[{"href":"https:\/\/www.europesays.com\/si\/wp-json\/wp\/v2\/media?parent=214931"}],"wp:term":[{"taxonomy":"category","embeddable":true,"href":"https:\/\/www.europesays.com\/si\/wp-json\/wp\/v2\/categories?post=214931"},{"taxonomy":"post_tag","embeddable":true,"href":"https:\/\/www.europesays.com\/si\/wp-json\/wp\/v2\/tags?post=214931"}],"curies":[{"name":"wp","href":"https:\/\/api.w.org\/{rel}","templated":true}]}}