{"id":214939,"date":"2026-09-04T03:49:09","date_gmt":"2026-09-04T03:49:09","guid":{"rendered":"https:\/\/www.europesays.com\/si\/214939\/"},"modified":"2026-09-04T03:49:09","modified_gmt":"2026-09-04T03:49:09","slug":"olimp-dobiva-novo-podobo-skoraj-300-tisoc-evrov-za-novo-umetno-travo","status":"publish","type":"post","link":"https:\/\/www.europesays.com\/si\/214939\/","title":{"rendered":"Olimp dobiva novo podobo: skoraj 300 tiso\u010d evrov za novo umetno travo"},"content":{"rendered":"<p>4. 9. 2026 ob 5:00&#13;<br \/>\n&#13;<br \/>\n&#13;<br \/>\n&#13;<br \/>\n&#13;<br \/>\n&#13;<br \/>\n<img decoding=\"async\" src=\"https:\/\/www.europesays.com\/si\/wp-content\/uploads\/2026\/09\/14fbbf44-c97e-42eb-91aa-a6ba6389ff85.jpg\" alt=\"Foto: Mestna ob\u010dina Celje\" style=\"width:100%;max-width:600px;border:none\"\/>&#13;<br \/>\nFoto: Mestna ob\u010dina Celje&#13;<br \/>\n&#13;<br \/>\n&#13;<br \/>\n&#13;<\/p>\n<p>Mestna ob\u010dina Celje in dru\u017eba ZPO Celje nadaljujeta vlaganja v razvoj \u0161portne infrastrukture. Po lanski ureditvi nove vadbene povr\u0161ine z umetno travo na vadbenem objektu Olimp bodo letos tam izvedli \u0161e eno pomembno investicijo \u2013 zamenjavo umetne trave na velikem nogometnem igri\u0161\u010du. Postopek javnega naro\u010dila je zaklju\u010den, pogodbena vrednost del zna\u0161a 298.099,88 evra brez DDV. Hkrati pripravljajo projekt celovite ureditve in nadaljnjega razvoja celotnega kompleksa Olimp.<\/p>\n<p>&#13;<\/p>\n<p>Olimp je eno klju\u010dnih vadbenih sredi\u0161\u010d celjskega nogometa, kjer vsakodnevno trenira in se razvija ve\u010d kot 500 mladih nogometa\u0161ev. Prav zagotavljanje kakovostnih pogojev za delo z mladimi je eden glavnih razlogov, da so se v zadnjem obdobju lotili postopnega urejanja in nadgradnje kompleksa.<\/p>\n<p>&#13;<\/p>\n<p>Leta 2025, so na severnem delu Olimpa uredili novo vadbeno povr\u0161ino s certificirano umetno travo v velikosti 2.610 kvadratnih metrov in tako z novo povr\u0161ino pridobili dodatne kapacitete za treninge mladih nogometa\u0161ev ter razbremenili obstoje\u010de veliko igri\u0161\u010de.<\/p>\n<p>&#13;<\/p>\n<p>Tokrat pa bodo v celoti zamenjali umetno travo, s \u010dimer bodo zagotovili kakovostnej\u0161e in varnej\u0161e pogoje za treninge in tekmovanja. Zaradi velike obremenjenosti in intenzivne uporabe igri\u0161\u010da je bila zamenjava umetne trave \u017ee dlje \u010dasa med najpomembnej\u0161imi potrebami uporabnikov Olimpa. Izvedba del je predvidena med 19. oktobrom in 8. novembrom 2026, v obdobju, ko je obseg aktivnosti na igri\u0161\u010du praviloma nekoliko manj\u0161i.\u00a0<\/p>\n<p>&#13;<\/p>\n<p>V leto\u0161njem letu tudi druge \u0161tevilne izbolj\u0161ave<\/p>\n<p>&#13;<\/p>\n<p>Zamenjava umetne trave je del \u0161ir\u0161ega vlaganja v Olimp. V zadnjem obdobju so na objektu izvedli ve\u010d izbolj\u0161av. Posodobljena je bila razsvetljava z novo LED-tehnologijo, ki omogo\u010da bolj\u0161e pogoje za treninge in tekme tudi v ve\u010dernem \u010dasu, na \u017eeljo nogometnih klubov pa je bil nabavljen tudi nov semafor za prikaz rezultatov tekem. Obnovili so pode v pomo\u017enih kontejnerskih garderobah, prepleskali kontejnerje za shranjevanje klubske opreme ter ponovno uredili pitnike s pitno vodo, ki so pogosto tar\u010da vandalizma. Na objektu se izvajajo tudi druga redna vzdr\u017eevalna dela in servisi.<\/p>\n<p>&#13;<\/p>\n<p>Naslednji korak je celovita ureditev Olimpa<\/p>\n<p>&#13;<\/p>\n<p>Na\u010drti Mestne ob\u010dine Celje z Olimpom pa so \u0161e bistveno ve\u010dji. V pripravi je projekt celovite ureditve in \u0161iritve \u0161portne infrastrukture na obmo\u010dju Olimpa. Z njim \u017eelijo dolgoro\u010dno odgovoriti na prostorske in infrastrukturne potrebe celjskega nogometa ter ustvariti sodoben nogometni vadbeni center z bistveno bolj\u0161imi pogoji za klube, trenerje in predvsem mlade nogometa\u0161e. V okviru nadaljnjega razvoja kompleksa je predvidena \u0161iritev vadbenih povr\u0161in in ureditev ustreznih spremljajo\u010dih oziroma garderobnih prostorov. Natan\u010den obseg investicije bo opredeljen v okviru priprave projektne dokumentacije.<\/p>\n<p>&#13;<\/p>\n<p>Z novo vadbeno povr\u0161ino, leto\u0161njo zamenjavo umetne trave ter pripravo projekta nadaljnje \u0161iritve Olimp, Mestna ob\u010dina Celje postopoma nadgrajuje v sodoben in kakovosten nogometni center, ki bo dolgoro\u010dno zagotavljal dobre pogoje za trening, razvoj mladih nogometa\u0161ev ter nadaljnjo rast celjskega nogometa.<\/p>\n<p>&#13;<br \/>\n&#13;<\/p>\n","protected":false},"excerpt":{"rendered":"4. 9. 2026 ob 5:00&#13; &#13; &#13; &#13; &#13; &#13; &#13; Foto: Mestna ob\u010dina Celje&#13; &#13; &#13; &#13;&hellip;\n","protected":false},"author":2,"featured_media":214940,"comment_status":"","ping_status":"","sticky":false,"template":"","format":"standard","meta":{"footnotes":"","_share_on_mastodon":"0"},"categories":[23],"tags":[162,1289,159,1595,2330,264,158,44127,194,1907,62,37,58,60,38,1288],"class_list":["post-214939","post","type-post","status-publish","format-standard","has-post-thumbnail","category-celje","tag-celje","tag-fantasy","tag-lokalno","tag-mestna","tag-moc","tag-nogomet","tag-obcina","tag-olimp","tag-radio","tag-sanacija","tag-si","tag-slovene","tag-slovenia","tag-slovenija","tag-slovenscina","tag-udarno"],"share_on_mastodon":{"url":"https:\/\/pubeurope.com\/@si\/117210734278899673","error":""},"_links":{"self":[{"href":"https:\/\/www.europesays.com\/si\/wp-json\/wp\/v2\/posts\/214939","targetHints":{"allow":["GET"]}}],"collection":[{"href":"https:\/\/www.europesays.com\/si\/wp-json\/wp\/v2\/posts"}],"about":[{"href":"https:\/\/www.europesays.com\/si\/wp-json\/wp\/v2\/types\/post"}],"author":[{"embeddable":true,"href":"https:\/\/www.europesays.com\/si\/wp-json\/wp\/v2\/users\/2"}],"replies":[{"embeddable":true,"href":"https:\/\/www.europesays.com\/si\/wp-json\/wp\/v2\/comments?post=214939"}],"version-history":[{"count":0,"href":"https:\/\/www.europesays.com\/si\/wp-json\/wp\/v2\/posts\/214939\/revisions"}],"wp:featuredmedia":[{"embeddable":true,"href":"https:\/\/www.europesays.com\/si\/wp-json\/wp\/v2\/media\/214940"}],"wp:attachment":[{"href":"https:\/\/www.europesays.com\/si\/wp-json\/wp\/v2\/media?parent=214939"}],"wp:term":[{"taxonomy":"category","embeddable":true,"href":"https:\/\/www.europesays.com\/si\/wp-json\/wp\/v2\/categories?post=214939"},{"taxonomy":"post_tag","embeddable":true,"href":"https:\/\/www.europesays.com\/si\/wp-json\/wp\/v2\/tags?post=214939"}],"curies":[{"name":"wp","href":"https:\/\/api.w.org\/{rel}","templated":true}]}}