{"id":214987,"date":"2026-09-04T05:15:07","date_gmt":"2026-09-04T05:15:07","guid":{"rendered":"https:\/\/www.europesays.com\/si\/214987\/"},"modified":"2026-09-04T05:15:07","modified_gmt":"2026-09-04T05:15:07","slug":"slovo-tretjega-nosilca-taylor-fritz-pa-naprej-z-rusilno-mocjo","status":"publish","type":"post","link":"https:\/\/www.europesays.com\/si\/214987\/","title":{"rendered":"Slovo tretjega nosilca, Taylor Fritz pa naprej z ru\u0161ilno mo\u010djo"},"content":{"rendered":"<p>V mo\u0161ki konkurenci je peti dan OP ZDA v tenisu postregel z novim presene\u010denjem, potem ko je v prvem izpadel Novak \u0110okovi\u0107. Zdaj je izpadel \u0161e tretji nosilec Felix Auger-Aliassime. Kanad\u010dana je po treh urah in 20 minutah s 6:7, 6:3, 6:2 in 6:2 izlo\u010dil nepostavljeni Karen Ha\u010danov. Samo dve igri pa je za napredovanje oddal doma\u010di adut Taylor Fritz.<\/p>\n<p><img decoding=\"async\" alt=\"Karen Ha\u010danov  | Foto: Reuters\" class=\"article_content__inline_image js_imageLightbox is-clickable\" data-author=\"Reuters\" data-caption=\"Karen Ha\u010danov \" data-height=\"1547\" data-href=\"https:\/\/siol.net\/media\/img\/0b\/cb\/fa58b5ee8ab27c5ae7ff-op-zda-karen-hacanov.jpeg\" data-width=\"2260\" loading=\"lazy\" src=\"\/media\/img\/3c\/9e\/84d9542936f8afaaa9f2-op-zda-karen-hacanov.jpeg\" title=\"OP ZDA Karen Ha\u010danov\"\/><\/p>\n<p> Karen Ha\u010danov<br \/>\n Foto: Reuters <\/p>\n<p>Kanad\u010dan Felix Auger-Aliassime, \u010detrti igralec sveta, je letos igral v \u010detrtfinalu Rolanda Garrosa in Wimbledona, izpadel pa v prvem krogu OP Avstralije. Lani je na OP ZDA igral v polfinalu. Edini prej\u0161nji nastop med \u0161tirimi najbolj\u0161imi sega v leto 2021 prav tako v New Yorku. Nepostavljeni Karen Ha\u010danov je prav tako dvakrat igral v polfinalu turnirjev velike \u010detverice, in sicer na OP ZDA (2022) in Avstralije (2023). Letos je prav na vseh treh grand slamih izpadel v tretjem krogu.<\/p>\n<p>Z ru\u0161ilno mo\u010djo je v tretji krog napredoval Ameri\u010dan Taylor Fritz. Deveti nosilec je Italijana\u00a0Mattio Belluccija premagal s 6:0, 6:1 in 6:1, pri \u010demer je potreboval samo uro in 39 minut. Ameri\u0161ka publika \u017ee sanja o ameri\u0161ki zmagi v Flushing Meadowsu sredi newyor\u0161kega Queensa. Fritz se bo v naslednjem dvoboju pomeril za Argentincem\u00a0Franciscom Cerundolom.<\/p>\n<p><img decoding=\"async\" alt=\"Taylor Fritz je v drugem krogu oddal le dve igri. | Foto: Reuters\" class=\"article_content__inline_image js_imageLightbox is-clickable\" data-author=\"Reuters\" data-caption=\"Taylor Fritz je v drugem krogu oddal le dve igri.\" data-height=\"2533\" data-href=\"https:\/\/siol.net\/media\/img\/08\/66\/933706111623ea94ee17-op-zda-taylor-fritz.jpeg\" data-width=\"3906\" loading=\"lazy\" src=\"\/media\/img\/95\/8b\/095d878de3933042ceae-op-zda-taylor-fritz.jpeg\" title=\"OP ZDA  Taylor Fritz\"\/><\/p>\n<p> Taylor Fritz je v drugem krogu oddal le dve igri.<br \/>\n Foto: Reuters <\/p>\n<p>OP ZDA, ATP, 5. dan, 2. krog:<\/p>\n<p>Karen Ha\u010danov (Rus) &#8211; Felix Auger-Aliassime (Kan\/3) 6:7 (5), 6:3, 6:2, 6:2;<br \/>Luciano Darderi (Ita\/21) &#8211; Dalibor Svr\u010dina (\u010ce\u0161) 6:3, 6:7 (5), 6:4, 6:4;<br \/>Francisco Cerundolo (Arg\/24) &#8211; Jan-Lennard Struff (Nem) 5:7, 7:5, 4:6, 6:2, 6:3;<br \/>Taylor Fritz (ZDA\/9) &#8211; Mattia Bellucci (Ita) 6:0, 6:1, 6:1;<br \/>Jakub Men\u0161ik (\u010ce\u0161\/17) &#8211; Jurij Rodionov (Avt) 6:3, 3:6, 6:2, 6:3;<br \/>Dane Sweeny (Avs) &#8211; Lorenzo Musetti (Ita\/13) 3:6, 6:1, 6:2, 6:2;<br \/>Alejandro Tabilo (\u010cil\/25) &#8211; Alexei Popyrin (Avs) 2:6, 7:6 (4), 7:6 (3), 6:2;<br \/>Cobolli Flavio (Ita\/5) &#8211; Tristan Schoolkate (Avs) 3:6, 6:3, 6:4, 7:5;<br \/>Alexander Blockx (Bel\/28) &#8211; Marco Trungelliti (Arg) 6:3, 6:2, 3:6, 6:1;<br \/>Benjamin Bonzi (Fra) &#8211; Ignacio Buse (Per\/32) 6:2, 7:6 (4), 6:0;<br \/>Botic Van De Zandschulp (Niz) &#8211; Alex De Minaur (Avs\/6) 6:4, 7:5, 6:2;<br \/>Zizou Bergs (Bel\/31) &#8211; Jesper De Jong (Niz) 7:5, 1:6, 6:2, 7:6 (2);<br \/>Arthur Gea (Fra) &#8211; Zachary Svajda (ZDA) 5:7, 6:3, 6:2, 6:2;<br \/>Learner Tien (ZDA\/14) &#8211; Gael Monfils (Fra) 6:3, 6:4, 6:3;<br \/>Michael Zheng (ZDA) &#8211; Yunchaokete Bu (Kit) 6:3, 2:6, 6:2, 6:3;<\/p>\n<p>Alexander Zverev (Nem\/1) &#8211; Quentin Halys (Fra)<\/p>\n","protected":false},"excerpt":{"rendered":"V mo\u0161ki konkurenci je peti dan OP ZDA v tenisu postregel z novim presene\u010denjem, potem ko je v&hellip;\n","protected":false},"author":2,"featured_media":214988,"comment_status":"","ping_status":"","sticky":false,"template":"","format":"standard","meta":{"footnotes":"","_share_on_mastodon":"0"},"categories":[16],"tags":[18386,18385,30487,52521,47046,62,37,58,60,38,94,93,22914,712,50441],"class_list":["post-214987","post","type-post","status-publish","format-standard","has-post-thumbnail","category-sport","tag-alexander-zverev","tag-felix-auger-aliassime","tag-gael-monfils","tag-karen-hacanov","tag-op-zda","tag-si","tag-slovene","tag-slovenia","tag-slovenija","tag-slovenscina","tag-sport","tag-sports","tag-taylor-fritz","tag-tenis","tag-us-open"],"share_on_mastodon":{"url":"https:\/\/pubeurope.com\/@si\/117211072463778866","error":""},"_links":{"self":[{"href":"https:\/\/www.europesays.com\/si\/wp-json\/wp\/v2\/posts\/214987","targetHints":{"allow":["GET"]}}],"collection":[{"href":"https:\/\/www.europesays.com\/si\/wp-json\/wp\/v2\/posts"}],"about":[{"href":"https:\/\/www.europesays.com\/si\/wp-json\/wp\/v2\/types\/post"}],"author":[{"embeddable":true,"href":"https:\/\/www.europesays.com\/si\/wp-json\/wp\/v2\/users\/2"}],"replies":[{"embeddable":true,"href":"https:\/\/www.europesays.com\/si\/wp-json\/wp\/v2\/comments?post=214987"}],"version-history":[{"count":0,"href":"https:\/\/www.europesays.com\/si\/wp-json\/wp\/v2\/posts\/214987\/revisions"}],"wp:featuredmedia":[{"embeddable":true,"href":"https:\/\/www.europesays.com\/si\/wp-json\/wp\/v2\/media\/214988"}],"wp:attachment":[{"href":"https:\/\/www.europesays.com\/si\/wp-json\/wp\/v2\/media?parent=214987"}],"wp:term":[{"taxonomy":"category","embeddable":true,"href":"https:\/\/www.europesays.com\/si\/wp-json\/wp\/v2\/categories?post=214987"},{"taxonomy":"post_tag","embeddable":true,"href":"https:\/\/www.europesays.com\/si\/wp-json\/wp\/v2\/tags?post=214987"}],"curies":[{"name":"wp","href":"https:\/\/api.w.org\/{rel}","templated":true}]}}