{"id":215009,"date":"2026-09-04T05:36:14","date_gmt":"2026-09-04T05:36:14","guid":{"rendered":"https:\/\/www.europesays.com\/si\/215009\/"},"modified":"2026-09-04T05:36:14","modified_gmt":"2026-09-04T05:36:14","slug":"trump-od-evrope-zahteva-povracilo-za-orozje-poslano-ukrajini-portal24","status":"publish","type":"post","link":"https:\/\/www.europesays.com\/si\/215009\/","title":{"rendered":"Trump od Evrope zahteva povra\u010dilo za oro\u017eje, poslano Ukrajini ~ Portal24"},"content":{"rendered":"\n<p>              <img width=\"2560\" height=\"1703\" src=\"https:\/\/www.europesays.com\/si\/wp-content\/uploads\/2026\/09\/vony-razom-AdLby5JN9HU-unsplash-1-scaled.jpg\" class=\"img-fluid wp-post-image\" alt=\"https:\/\/unsplash.com\/@vonyrazom\" title=\"vojna ukrajina vony-razom-AdLby5JN9HU-unsplash (1)\" decoding=\"async\" fetchpriority=\"high\"  \/>[Foto: Unsplash\/Vony Razom\/fotografija je simbolna]              &#13;<\/p>\n<p class=\"wp-block-paragraph\">Ameri\u0161ki predsednik <a href=\"https:\/\/portal24.si\/donald-trump-je-dobil-svoj-dolarski-kovanec-prve-zaloge-hitro-posle\/\" rel=\"nofollow noopener\" target=\"_blank\">Donald Trump<\/a> je napovedal, da bo od evropskih dr\u017eav zahteval povra\u010dilo denarja za voja\u0161ko pomo\u010d in strelivo, ki so ju Zdru\u017eene dr\u017eave v preteklih letih poslale Ukrajini. Obenem je nakazal, da Washington zaradi obnavljanja lastnih zalog za\u010dasno omejuje prodajo oro\u017eja zaveznikom.<\/p>\n<p class=\"wp-block-paragraph\">Trump je v objavi na dru\u017ebenem omre\u017eju zapisal, da so bile Ukrajini in zvezi Nato brezpla\u010dno namenjene stotine milijard dolarjev, ki bi jih po njegovem mnenju morala pla\u010dati Evropa. Za tak\u0161no ureditev naj bi si prizadeval tudi za nazaj.<\/p>\n<p class=\"wp-block-paragraph\">Kot poro\u010da Reuters, je Trump odgovornost za dosedanji na\u010din financiranja pomo\u010di pripisal administraciji svojega demokratskega predhodnika Joeja Bidna. Konkretnega zneska, ki naj bi ga Washington terjal od evropskih dr\u017eav, ni navedel.<\/p>\n<p><a href=\"https:\/\/direktno.si\" aria-label=\"Direktno banner v clanku\" rel=\"nofollow noopener\" target=\"_blank\"><img loading=\"lazy\" decoding=\"async\" src=\"data:image\/svg+xml,%3Csvg%20xmlns=\" http:=\"\" alt=\"\" data-lazy- data-lazy- class=\"no-lazyload\" width=\"1129\" height=\"281\" data-lazy-src=\"https:\/\/www.europesays.com\/si\/wp-content\/uploads\/2026\/09\/1788500174_682_Screenshot-2026-03-28-at-07.44.44.png\"\/><img loading=\"lazy\" decoding=\"async\" src=\"https:\/\/www.europesays.com\/si\/wp-content\/uploads\/2026\/09\/1788500174_682_Screenshot-2026-03-28-at-07.44.44.png\" alt=\"\"   class=\"no-lazyload\" width=\"1129\" height=\"281\"\/><\/a><\/p>\n<p class=\"wp-block-paragraph\">\u201cNa stotine milijard dolarjev je bilo brezpla\u010dno danih Ukrajini in Natu, denar pa bi pla\u010dala Evropa, \u010de bi jo le kdo vpra\u0161al. Zdaj bomo ta denar zahtevali, \u010deprav z zamudo,\u201d je sporo\u010dil ameri\u0161ki predsednik.<\/p>\n<p>ZDA najprej obnavljajo lastne zaloge<\/p>\n<p class=\"wp-block-paragraph\">Trump je obenem zavrnil poro\u010dila, da so ameri\u0161ke zaloge streliva kriti\u010dno iz\u010drpane. Potrdil pa je, da ZDA trenutno pove\u010dujejo proizvodnjo in oro\u017eje prednostno zadr\u017eujejo zase.<\/p>\n<p class=\"wp-block-paragraph\">\u201cJemljemo ga zase, za ZDA, namesto da bi ga prodajali drugim. Prodaja zaveznikom pa se bo kmalu znova za\u010dela,\u201d je zapisal.<\/p>\n<p class=\"wp-block-paragraph\">Reuters je avgusta poro\u010dal, da je ameri\u0161ka vojska med vojno z Iranom porabila velik del zalog natan\u010dnih raket dolgega dosega. To je v Washingtonu spro\u017eilo vpra\u0161anja o pripravljenosti dr\u017eave na morebitne prihodnje konflikte.<\/p>\n<p class=\"wp-block-paragraph\">Evropske dr\u017eave sicer \u017ee sodelujejo v programu PURL, v okviru katerega financirajo ameri\u0161ko oro\u017eje za Ukrajino. Trumpova nova napoved pa odpira vpra\u0161anje, ali \u017eeli Bela hi\u0161a poleg prihodnjih dobav zara\u010dunati tudi pomo\u010d, ki je bila odobrena in dobavljena v \u010dasu Bidnove administracije.<\/p>\n<p>\n\tPovezani \u010dlanki:\n<\/p>\n<p>        &#13;<br \/>\n        &#13;<br \/>\n                    &#13;<\/p>\n<p>\t\tNavigacija prispevka<\/p>\n","protected":false},"excerpt":{"rendered":"[Foto: Unsplash\/Vony Razom\/fotografija je simbolna] &#13; Ameri\u0161ki predsednik Donald Trump je napovedal, da bo od evropskih dr\u017eav zahteval&hellip;\n","protected":false},"author":2,"featured_media":215010,"comment_status":"","ping_status":"","sticky":false,"template":"","format":"standard","meta":{"footnotes":"","_share_on_mastodon":"0"},"categories":[3],"tags":[409,65,66,1391,421,37,38,71,882,404],"class_list":["post-215009","post","type-post","status-publish","format-standard","has-post-thumbnail","category-evropa","tag-donald-trump","tag-europe","tag-evropa","tag-orozje","tag-rusija","tag-slovene","tag-slovenscina","tag-ukrajina","tag-vojna","tag-zda"],"share_on_mastodon":{"url":"https:\/\/pubeurope.com\/@si\/117211154990303066","error":""},"_links":{"self":[{"href":"https:\/\/www.europesays.com\/si\/wp-json\/wp\/v2\/posts\/215009","targetHints":{"allow":["GET"]}}],"collection":[{"href":"https:\/\/www.europesays.com\/si\/wp-json\/wp\/v2\/posts"}],"about":[{"href":"https:\/\/www.europesays.com\/si\/wp-json\/wp\/v2\/types\/post"}],"author":[{"embeddable":true,"href":"https:\/\/www.europesays.com\/si\/wp-json\/wp\/v2\/users\/2"}],"replies":[{"embeddable":true,"href":"https:\/\/www.europesays.com\/si\/wp-json\/wp\/v2\/comments?post=215009"}],"version-history":[{"count":0,"href":"https:\/\/www.europesays.com\/si\/wp-json\/wp\/v2\/posts\/215009\/revisions"}],"wp:featuredmedia":[{"embeddable":true,"href":"https:\/\/www.europesays.com\/si\/wp-json\/wp\/v2\/media\/215010"}],"wp:attachment":[{"href":"https:\/\/www.europesays.com\/si\/wp-json\/wp\/v2\/media?parent=215009"}],"wp:term":[{"taxonomy":"category","embeddable":true,"href":"https:\/\/www.europesays.com\/si\/wp-json\/wp\/v2\/categories?post=215009"},{"taxonomy":"post_tag","embeddable":true,"href":"https:\/\/www.europesays.com\/si\/wp-json\/wp\/v2\/tags?post=215009"}],"curies":[{"name":"wp","href":"https:\/\/api.w.org\/{rel}","templated":true}]}}