{"id":215015,"date":"2026-09-04T05:39:13","date_gmt":"2026-09-04T05:39:13","guid":{"rendered":"https:\/\/www.europesays.com\/si\/215015\/"},"modified":"2026-09-04T05:39:13","modified_gmt":"2026-09-04T05:39:13","slug":"jakob-omrzel-je-postal-mlajsi-zmagovalec-kot-tadej-pogacar","status":"publish","type":"post","link":"https:\/\/www.europesays.com\/si\/215015\/","title":{"rendered":"Jakob Omrzel je postal mlaj\u0161i zmagovalec kot Tadej Poga\u010dar"},"content":{"rendered":"<p>    <img decoding=\"async\" data-lb-desktop=\"\/media\/2026\/09\/01\/860405\/Orig-profimedia-1130429913-1200.webp\" data-lb-mobile=\"\/media\/2026\/09\/01\/860405\/Orig-profimedia-1130429913-600.webp\" class=\"main-gallery-image se_image_lb\" src=\"https:\/\/www.europesays.com\/si\/wp-content\/uploads\/2026\/09\/Wide-profimedia-1130429913-1000.webp\" alt=\"Team Bahrain's Slovenian rider Jakob Omrzel celebrates winning the 12th stage of the Vuelta a Espana 2026 cycling tour, a 166,6 km race between Vera and Calar Alto, on September 3, 2026.,Image: 1130429913, License: Rights-managed, Restrictions:, Model Release: no \"\/><\/p>\n<p>Trenutek, ki si ga bo Jakob Omrzel zapomnil za vse \u017eivljenje. F Profimedia<\/p>\n<p>Jakob Omrzel je postal mlaj\u0161i zmagovalec kot Tadej Poga\u010dar<\/p>\n<p>Novi slovenski kolesarski \u010dude\u017eni de\u010dek Jakob Omrzel je postal osmi kolesar s son\u010dne strani Alp, ki se lahko pohvali z etapno zmago na tritedenskih dirkah. V boju za rde\u010do majico je Enric Mas po fantasti\u010dni ekipni predstavi znova pridobil veliko.<\/p>\n<p>                        03. 09. 2026, 17.40\n                    <\/p>\n<p>                        <a href=\"https:\/\/google.com\/preferences\/source?q=dnevnik.si\" class=\"se-author-gps-cta\" target=\"_blank\" rel=\"nofollow noopener\"><br \/>\n                            <img decoding=\"async\" class=\"se-author-gps-cta-badge\" src=\"https:\/\/www.europesays.com\/si\/wp-content\/uploads\/2026\/09\/1788500353_830_dnevnik_gps_badge.png\" alt=\"Google Preferred Sources CTA\"\/><br \/>\n                        <\/a><\/p>\n<p>Kolesarji na 81. dirki po \u0160paniji so opravili z eno izmed te\u017ejih etap leto\u0161nje \u0161panske pentlje in zagotovo najte\u017ejo v tem drugem tednu dirkanja. Premagati so morali ve\u010d kot 4500 vi\u0161inskih metrov. Na etapo pa se je odli\u010dno pripravila ekipa Movistarja z vodilnim Enricom Masom. Na cesti so imeli ve\u010d tako imenovanih\u00a0satelitskih kolesarjev, ki so pomagali svojemu kapetanu do dodatne\u00a0prednosti v skupnem se\u0161tevku. Na \u010delu dirke pa je svojo zgodbo pisal Jakob Omrzel (Bahrain-Victorious) z vzdevkom Mrzu.<\/p>\n<p>Omrzel je najprej ogro\u017eal rde\u010do majico, nato pa vzel etapo<\/p>\n<p>V 12. etapi leto\u0161nje \u0161panske pentlje je nase znova opozoril veliki slovenski kolesarski up Jakob Omrzel, ki se mu je znova uspelo prebiti v pobeg dneva. Deseti kolesar v skupnem se\u0161tevku pred za\u010detkom etape je bil najbolj nevaren ekipi Movistarja, ki pa je novega slovenskega \u010dude\u017enega de\u010dka izpustila kar dale\u010d z vajeti in je bil v nekem trenutku le \u0161e minuto oddaljen od rde\u010de majice ter je v tem pogledu prehitel tudi rojaka Primo\u017ea Rogli\u010da.<\/p>\n<p>8.\u00a0Slovenec\u00a0z etapno zmago na tritedenskih dirkah je postal Jakob Omrzel. Pred njim je poseben mejnik uspel Borutu Bo\u017ei\u010du, Luki Mezgecu, Janu Polancu, Janu Tratniku, Mateju Mohori\u010du, Tadeju Poga\u010darju in Primo\u017eu Rogli\u010du.<\/p>\n<p>Vseeno je bilo kmalu jasno, da o vodstvu v skupnem se\u0161tevku ne more razmi\u0161ljati, zato pa je vse misli usmeril v etapni uspeh. Uspelo mu je. Slovenija je po izjemni solo vo\u017enji na zaklju\u010dnem vzponu\u00a0Calar Alto (17 km, 5,6 odstotka) dobila novega velikega junaka etap na tritedenskih dirkah.\u00a0\u00bbNisem presene\u010den nad tem, kar mi je uspelo, saj vem, koliko vlagam v to. Je pa neverjetno, da mi je uspelo \u017ee na prvi tritedenski dirki v karieri,\u00ab je bil na cilju do u\u0161es nasmejan\u00a0Jakob Omrzel.<\/p>\n<p>Novi slovenski junak je postal drugi najmlaj\u0161i kolesar z etapno zmago na Vuelti. Star je 20 let in 166 dni. Od njega je bil leta 1981 mlaj\u0161i le Celestino Prieto, ki je \u0161tel 20 let in 86 dni ob svojem uspehu. Mrzu je tako svojo prvo etapo na najve\u010djem odru dosegel \u0161e prej kot Tadej Poga\u010dar. Pogi je bil ob svojem premiernem dose\u017eku star 20 let in 345 dni.\u00a0\u00bbZares lepa statistika,\u00ab je bil \u0161e naprej razumljivo nasmejan najmlaj\u0161i kolesar na dirki, ki pa ponovno\u00a0poudarja, da ne posnema slavnega rojaka. Izpostavil je \u0161e izjemno ekipno delo.\u00a0\u00bbBilo je, kot bi igral videoigrico. Ko so rekli, naj grem v pobeg, sem to storil. Nato smo res vse naredili odli\u010dno. Sam sem se po\u010dutil odli\u010dno, pravzaprav se \u0161e vedno po\u010dutim odli\u010dno,\u00ab je blestel tudi pred mikrofoni Omrzel, ki se je prebil na \u0161esto mesto v skupnem se\u0161tevku. Etapo pa je na koncu dobil s skoraj dvominutno prednostjo pred zasledovalci.<\/p>\n<p>Pri rde\u010dih bikih pripravljeni na izgube<\/p>\n<p>Novo\u00a0spodbudno\u00a0predstavo je pokazal\u00a0tudi zasavski\u00a0orel, kar\u00a0daje vse ve\u010d samozavesti tudi njegovemu vodstvu pri ekipi Red Bull-Bora-hansgrohe. Rogla je proti Enricu Masu\u00a0res izgubil skoraj pol minute, a to so pri rde\u010dih bikih pri\u010dakovali.\u00a0\u00bbKo je bilo znano, da bo Poga\u010dar tekmoval, je bil Primo\u017e prvi, ki je vsem dejal, da je treba najprej dirkati in verjeti do samega konca. \u017de takrat smo bili malce skepti\u010dni, nato pa je sledila \u0161e nesre\u010da, ki Rogli\u010du ni omogo\u010dila optimalnih priprav na dirko. Letos \u0161e ni pokazal tistega pravega svojega motorja, ko se lahko bori z najbolj\u0161imi, zato nismo vedeli, kaj od njega pri\u010dakovati,\u00ab se situacije pred za\u010detkom dirke spominja \u0161portni direktor\u00a0Sven Vanthourenhout.<\/p>\n<p>\u0160ef pri pripravi takti\u010dnih na\u010drtov za leto\u0161njo Vuelto pri rde\u010dih bikih je zdaj povsem obrnil plo\u0161\u010do.\u00a0\u00bb\u010ce bi nam kdo ponudil tak\u0161no pozicijo pred za\u010detkom dirke, bi jo takoj sprejeli. Zagotovo je najbolj\u0161i kronometrist med temi, ki se borijo za kon\u010dno zmago, a odlo\u010dala bo predzadnja, dvajseta etapa, ki lahko vse obrne na glavo. Ker verjamemo, da bo iz dneva v dan vse bolj\u0161i, ima tam velike mo\u017enosti,\u00ab je nato Belgijec celo malce presenetljivo razkril na\u010drte ekipe, kje \u017eeli obrniti dirko sebi v prid. Predzadnja etapa bo imela kar pet vzponov, enega tretje, tri prve in enega ekstra kategorije za skupaj skoraj 5000 vi\u0161inskih metrov.<\/p>\n<p>Do Granade in \u0161e prej predzadnje etape\u00a0je \u0161e dale\u010d, kolesarje pa pred tem \u010daka \u0161e veliko pasti. Za za\u010detek v petek nova precej razgibana etapa od Almunecarja do Loje (192,8 kilometra). x<\/p>\n","protected":false},"excerpt":{"rendered":"Trenutek, ki si ga bo Jakob Omrzel zapomnil za vse \u017eivljenje. F Profimedia Jakob Omrzel je postal mlaj\u0161i&hellip;\n","protected":false},"author":2,"featured_media":215016,"comment_status":"","ping_status":"","sticky":false,"template":"","format":"standard","meta":{"footnotes":"","_share_on_mastodon":"0"},"categories":[20],"tags":[49917,47596,32,4592,618,52339,35,31,34,36,4557,37,38,1874,33,24726],"class_list":["post-215015","post","type-post","status-publish","format-standard","has-post-thumbnail","category-novice","tag-81-dirka-po-spaniji","tag-enric-mas","tag-headlines","tag-jakob-omrzel","tag-kolesarstvo","tag-lili-gantar-zura","tag-najpomembnejse-novice","tag-news","tag-novice","tag-osrednje-novice","tag-primoz-roglic","tag-slovene","tag-slovenscina","tag-tadej-pogacar","tag-top-stories","tag-vuelta"],"share_on_mastodon":{"url":"https:\/\/pubeurope.com\/@si\/117211166651007841","error":""},"_links":{"self":[{"href":"https:\/\/www.europesays.com\/si\/wp-json\/wp\/v2\/posts\/215015","targetHints":{"allow":["GET"]}}],"collection":[{"href":"https:\/\/www.europesays.com\/si\/wp-json\/wp\/v2\/posts"}],"about":[{"href":"https:\/\/www.europesays.com\/si\/wp-json\/wp\/v2\/types\/post"}],"author":[{"embeddable":true,"href":"https:\/\/www.europesays.com\/si\/wp-json\/wp\/v2\/users\/2"}],"replies":[{"embeddable":true,"href":"https:\/\/www.europesays.com\/si\/wp-json\/wp\/v2\/comments?post=215015"}],"version-history":[{"count":0,"href":"https:\/\/www.europesays.com\/si\/wp-json\/wp\/v2\/posts\/215015\/revisions"}],"wp:featuredmedia":[{"embeddable":true,"href":"https:\/\/www.europesays.com\/si\/wp-json\/wp\/v2\/media\/215016"}],"wp:attachment":[{"href":"https:\/\/www.europesays.com\/si\/wp-json\/wp\/v2\/media?parent=215015"}],"wp:term":[{"taxonomy":"category","embeddable":true,"href":"https:\/\/www.europesays.com\/si\/wp-json\/wp\/v2\/categories?post=215015"},{"taxonomy":"post_tag","embeddable":true,"href":"https:\/\/www.europesays.com\/si\/wp-json\/wp\/v2\/tags?post=215015"}],"curies":[{"name":"wp","href":"https:\/\/api.w.org\/{rel}","templated":true}]}}