{"id":215029,"date":"2026-09-04T05:56:09","date_gmt":"2026-09-04T05:56:09","guid":{"rendered":"https:\/\/www.europesays.com\/si\/215029\/"},"modified":"2026-09-04T05:56:09","modified_gmt":"2026-09-04T05:56:09","slug":"zaradi-varnostnih-razlogov-evakuirali-terminal-berlinskega-letalisca","status":"publish","type":"post","link":"https:\/\/www.europesays.com\/si\/215029\/","title":{"rendered":"Zaradi varnostnih razlogov evakuirali terminal berlinskega letali\u0161\u010da"},"content":{"rendered":"<p>    <img decoding=\"async\" data-lb-desktop=\"\/media\/2026\/09\/03\/860425\/Orig-profimedia-1130454204-1200.webp\" data-lb-mobile=\"\/media\/2026\/09\/03\/860425\/Orig-profimedia-1130454204-600.webp\" class=\"main-gallery-image se_image_lb\" src=\"https:\/\/www.europesays.com\/si\/wp-content\/uploads\/2026\/09\/Wide-profimedia-1130454204-1000.webp\" alt=\"Foto: Profimedia\"\/><\/p>\n<p>Terminal 1 berlinskega\u00a0letali\u0161\u010da so danes zve\u010der po odlo\u010ditvi nem\u0161ke zvezne policije evakuirali. Foto: Profimedia<\/p>\n<p>Zaradi varnostnih razlogov evakuirali terminal berlinskega letali\u0161\u010da<\/p>\n<p>Terminal 1 berlinskega letali\u0161\u010da so danes zve\u010der po odlo\u010ditvi nem\u0161ke zvezne policije evakuirali. Po prvih informacijah je bil razlog za evakuacijo varnostno preverjanje prtljage.<\/p>\n<p>                        03. 09. 2026, 21.07\n                    <\/p>\n<p> dd\n                    <\/p>\n<p>                        <a href=\"https:\/\/google.com\/preferences\/source?q=dnevnik.si\" class=\"se-author-gps-cta\" target=\"_blank\" rel=\"nofollow noopener\"><br \/>\n                            <img decoding=\"async\" class=\"se-author-gps-cta-badge\" src=\"https:\/\/www.europesays.com\/si\/wp-content\/uploads\/2026\/09\/1788501369_437_dnevnik_gps_badge.png\" alt=\"Google Preferred Sources CTA\"\/><br \/>\n                        <\/a><\/p>\n<p>Tiskovni predstavnik policije je za nem\u0161ko tiskovno agencijo DPA potrdil, da so morali potniki zapustiti stavbo. Po njegovih besedah je do varnostnikov pristopila \u017eenska in dejala, da je v njeni prtljagi nevarna snov. \u00bbMo\u017ene gro\u017enje zaradi neznane snovi nismo mogli izklju\u010diti,\u00ab je dejal policijski predstavnik.<\/p>\n<p>Zaradi prijave so aktivirali varnostni protokol za nevarno prtljago. Policija pa v za\u010detni fazi preiskave ni \u017eelela razkriti ve\u010d podrobnosti.<\/p>\n<p>\u0160e pred uradno potrditvijo so se na dru\u017ebenih omre\u017ejih pojavili posnetki potnikov in nem\u0161kega novinarja, ki so prikazovali praznjenje terminala. Na njih je bilo videti skupine ljudi, ki \u010dakajo\u00a0pred stavbo, ter intervencijska vozila, parkirana v spodnjem delu vhoda.<\/p>\n<p>Vpliv na letalski promet<\/p>\n<p>Incident je pozneje potrdila tudi uprava letali\u0161\u010da. Tiskovni predstavnik je pojasnil, da je zvezna policija okoli 17.45 aktivirala varnostni protokol zaradi suma nevarne snovi, nato pa so izpraznili javni del terminala 1.<\/p>\n<p>Letala, ki so bila pripravljena na vzlet, so lahko po navedbah letali\u0161\u010da normalno odletela, prihodi pa so potekali po predvidenem urniku. \u00bbSprejem in odpremo potnikov smo, kolikor je bilo mogo\u010de, preusmerili na terminal 2,\u00ab je dejal predstavnik letali\u0161\u010da. Dodal je, da v tistem trenutku \u0161e ni bilo mogo\u010de oceniti, v kolik\u0161ni meri bo incident povzro\u010dil zamude ali odpovedi letov.<\/p>\n<p>Letali\u0161\u010de odprli leta 2020<\/p>\n<p>Letali\u0161\u010de Berlin Brandenburg (BER), znano tudi kot Letali\u0161\u010de Willyja Brandta, je bilo odprto leta 2020. Je najbolj prometno letali\u0161\u010de v Berlinu in tretje najbolj prometno v Nem\u010diji. Letno preko njega potuje pribli\u017eno 26 milijonov potnikov.<\/p>\n<p>Letali\u0161\u010de uporabljajo tudi za \u0161tevilne polete nem\u0161ke zvezne vlade.<\/p>\n","protected":false},"excerpt":{"rendered":"Terminal 1 berlinskega\u00a0letali\u0161\u010da so danes zve\u010der po odlo\u010ditvi nem\u0161ke zvezne policije evakuirali. Foto: Profimedia Zaradi varnostnih razlogov evakuirali&hellip;\n","protected":false},"author":2,"featured_media":215030,"comment_status":"","ping_status":"","sticky":false,"template":"","format":"standard","meta":{"footnotes":"","_share_on_mastodon":"0"},"categories":[8],"tags":[52523,1398,10760,23103,1732,4244,25902,37,38,64,52524,52522,63,42505],"class_list":["post-215029","post","type-post","status-publish","format-standard","has-post-thumbnail","category-svet","tag-berlin-brandenburg","tag-druzbena-omrezja","tag-evakuacija-potnikov","tag-intervencijska-vozila","tag-letalisce","tag-letalski-promet","tag-nevarna-snov","tag-slovene","tag-slovenscina","tag-svet","tag-terminal-1","tag-varnostni-protokol","tag-world","tag-zvezna-policija"],"share_on_mastodon":{"url":"https:\/\/pubeurope.com\/@si\/117211233512534342","error":""},"_links":{"self":[{"href":"https:\/\/www.europesays.com\/si\/wp-json\/wp\/v2\/posts\/215029","targetHints":{"allow":["GET"]}}],"collection":[{"href":"https:\/\/www.europesays.com\/si\/wp-json\/wp\/v2\/posts"}],"about":[{"href":"https:\/\/www.europesays.com\/si\/wp-json\/wp\/v2\/types\/post"}],"author":[{"embeddable":true,"href":"https:\/\/www.europesays.com\/si\/wp-json\/wp\/v2\/users\/2"}],"replies":[{"embeddable":true,"href":"https:\/\/www.europesays.com\/si\/wp-json\/wp\/v2\/comments?post=215029"}],"version-history":[{"count":0,"href":"https:\/\/www.europesays.com\/si\/wp-json\/wp\/v2\/posts\/215029\/revisions"}],"wp:featuredmedia":[{"embeddable":true,"href":"https:\/\/www.europesays.com\/si\/wp-json\/wp\/v2\/media\/215030"}],"wp:attachment":[{"href":"https:\/\/www.europesays.com\/si\/wp-json\/wp\/v2\/media?parent=215029"}],"wp:term":[{"taxonomy":"category","embeddable":true,"href":"https:\/\/www.europesays.com\/si\/wp-json\/wp\/v2\/categories?post=215029"},{"taxonomy":"post_tag","embeddable":true,"href":"https:\/\/www.europesays.com\/si\/wp-json\/wp\/v2\/tags?post=215029"}],"curies":[{"name":"wp","href":"https:\/\/api.w.org\/{rel}","templated":true}]}}