{"id":215037,"date":"2026-09-04T06:10:15","date_gmt":"2026-09-04T06:10:15","guid":{"rendered":"https:\/\/www.europesays.com\/si\/215037\/"},"modified":"2026-09-04T06:10:15","modified_gmt":"2026-09-04T06:10:15","slug":"klara-lukan-v-brutalnih-razmerah-do-srebra-v-polmaratonu","status":"publish","type":"post","link":"https:\/\/www.europesays.com\/si\/215037\/","title":{"rendered":"Klara Lukan &#8220;v brutalnih razmerah&#8221; do srebra v polmaratonu"},"content":{"rendered":"<p>\t\t\t\t\t\t\t\t<a href=\"https:\/\/www.europesays.com\/si\/wp-content\/uploads\/2026\/09\/67091663.jpg\" itemprop=\"contentUrl\" data-size=\"1200x800\" data-large=\"https:\/\/www.europesays.com\/si\/wp-content\/uploads\/2026\/09\/67091663.jpg\"><br \/>\n\t\t\t\t\t\t\t\t\t<img decoding=\"async\" src=\"https:\/\/www.europesays.com\/si\/wp-content\/uploads\/2026\/09\/67091663.jpg\" title=\"Klara Lukan je v te\u017ekih razmerah pritekla do srebra. Foto: www.alesfevzer.com\" alt=\"Klara Lukan je v te\u017ekih razmerah pritekla do srebra. Foto: www.alesfevzer.com\"\/><br \/>\n\t\t\t\t\t\t\t\t<\/a><\/p>\n<p>\t\t\t\t\t\t\t\t\tKlara Lukan je v te\u017ekih razmerah pritekla do srebra. Foto: www.alesfevzer.com<\/p>\n<p>\t\t\t\t\t\t\t<a id=\"preferredSourceBanner\" href=\"https:\/\/www.rtvslo.si\/sport\/atletika\/klara-lukan-v-brutalnih-razmerah-do-srebra-v-polmaratonu\/javascript:void(0)\" target=\"_blank\" class=\"d-none align-items-center justify-content-between rounded my-3\" style=\"padding: 10px 15px;\" rel=\"nofollow noopener\"><br \/>\n\t\t\t\t\t\t<img decoding=\"async\" src=\"https:\/\/img.rtvslo.si\/_static\/novi\/img\/ico-google.svg\" class=\"flex-shrink-0 mr-3\" aria-hidden=\"true\"\/><br \/>\n\t\t\t\t\t\tSpremljajte RTVSLO.si kot prednostni vir na Google<\/p>\n<p>\t\t\t\t\t<\/a><\/p>\n<p>25-letno slovensko rekorderko, ki je tekla 1:11:22, je na 21 km premagala Maro\u010danka Fatima Ezahra Birdaha z rekordom prvenstev 1:09:59. Tretja je bila Hrvatica Matea Parlov Ko\u0161tro (1:11:58).<\/p>\n<p>Oglas<\/p>\n<p>\u0160entjernej\u010danka Klara Lukan je bila v vlogi favoritinje, saj je imela najbolj\u0161i prijavljeni izid. Na svojem \u0161ele drugem teku na 21 km je s \u010dasom 1:06:43 v Malagi 15. marca dosegla slovenski rekord, na tretjem polmaratonu pa osvojila srebrno medaljo na sredozemskih igrah.<\/p>\n<p>&#8220;Danes sem iztr\u017eila zelo lep uspeh, razmere pa so bile brutalne. \u0160e nikoli nisem tekla v tak\u0161nih, bilo je 30 stopinj Celzija in visoka vlaga, kar je pustilo davek na telesu. Maro\u010danka je bila danes bolj\u0161a, sva pa ve\u010dji del narekovali oster ritem in \u017ee kmalu u\u0161li tekmicam. Proga ni bila te\u017eka, izziv pa so bile vremenske razmere. Malo me je tudi o\u017eulilo, a je bilo vse drugo te\u017eje in vesela sem, da sem zdr\u017eala do konca in pri\u0161la do medalje,&#8221; je povedala teka\u010dica.<\/p>\n<p>Po avgustovskem evropskem prvenstvu v Birminghamu in sredozemskih igrah jo \u010daka \u0161e svetovno prvenstvo v cestnih tekih na Danskem, tako da ima zelo strnjen ritem pomembnih tekem.<\/p>\n<p>&#8220;Zelo sem zadovoljna, da sem pri\u0161la na sredozemske igre in znova tekla na cesti. Zaradi  naprednej\u0161e obutve se bom zagotovo tudi hitreje regenerirala, kot bi se po stadionskem teku v &#8216;\u0161printaricah&#8217;. Imam \u0161e tri tedne \u010dasa, da se kar najbolje pripravim za naslednji cilj sezone,&#8221; je dodala.<\/p>\n<p>\t\t\t\t\t\t\t\t<a href=\"https:\/\/www.europesays.com\/si\/wp-content\/uploads\/2026\/09\/67091662.jpg\" itemprop=\"contentUrl\" data-size=\"1200x800\" data-large=\"https:\/\/www.europesays.com\/si\/wp-content\/uploads\/2026\/09\/67091662.jpg\"><br \/>\n\t\t\t\t\t\t\t\t\t<img decoding=\"async\" src=\"https:\/\/www.europesays.com\/si\/wp-content\/uploads\/2026\/09\/67091662.jpg\" title=\"Srebrna Klara Lukan. Foto: www.alesfevzer.com\" alt=\"Srebrna Klara Lukan. Foto: www.alesfevzer.com\"\/><br \/>\n\t\t\t\t\t\t\t\t<\/a><\/p>\n<p>\t\t\t\t\t\t\t\t\tSrebrna Klara Lukan. Foto: www.alesfevzer.com<\/p>\n<p>Slovenski vaterpolisti so za konec ostali brez zmage na turnirju. Po visokih porazih v skupinskem delu so izgubili zadnjo tekmo za sedmo mesto. Turki so bili bolj\u0161i s 15:9. Najbolj\u0161a strelca v slovenski vrsti sta bila Enej Poto\u010dnik s \u0161tirimi in Alessandro Fumo s tremi goli.<\/p>\n<p>Na tekmovali\u0161\u010dih je predzadnji tekmovalni dan iger v razredu ilca 6 za srebro poskrbela 20-letna jadralka Alenka Valen\u010di\u010d, 12 let starej\u0161a telovadka Teja Belak je bila tretja v preskoku za 12. bron slovenske reprezentance.<\/p>\n<p>Atlet Kristjan \u010ceh je 31. avgusta v metu diska osvojil tretjo slovensko zlato medaljo in zadnjo naj\u017elahtnej\u0161ega leska na teh igrah. Pred njim sta bili zlati \u0161e atletinja Tina \u0160utej v skoku s palico in balinarka Eneja Ozbi\u010d Primc v natan\u010dnem zbijanju.<\/p>\n<p>Na drugo stopni\u010dko zmagovalnega odra sta stopili \u0161e triatlonka Tja\u0161a Vrta\u010di\u010d in judoistka Metka Lobnik. Bron so poleg \u017ee omenjenih osvojili vesla\u010dica Nina Kostajn\u0161ek med enojci, mo\u0161ka \u0161tafeta 4 x 100 m v postavi Sta\u0161 Tin Lorbar, Filip Oicij, Andrej Sko\u010dir in Anej \u010curn Prapotnik, slednji je bil tretji \u0161e posami\u010dno na 100 m, reprezentanca ekipno v judu in judoistka Nika Koren.<\/p>\n<p>Na tretjo stopni\u010dko zmagovalnega odra so stopili tudi badmintonista Miha Ivan\u010di\u010d in Tadej Jelenc v igri dvojic, judoista Nace Herkovi\u010d in Martin Hojak, balinar Urban Hiti v hitrostnem zbijanju, kolesarka Nika Bobnar v kronometru ter plavalka Tina \u010celik na 100 m prsno.<\/p>\n<p>Slovenija je dobila \u0161e dve priznanji. V izvr\u0161ni odbor komiteja sredozemskih iger je bil ponovno izvoljen Bla\u017e Perko, direktor sektorja za \u0161port na Olimpijskem komiteju Slovenije, za predsednika komisije \u0161portnikov pa prav tako ponovno nekdanji telovadec Sa\u0161o Bertoncelj.<\/p>\n<p>Slovenijo je na igrah zastopalo 168 \u0161portnic in \u0161portnikov v 29 od 32 \u0161portnih panog. Tekmovali so predstavniki 26 dr\u017eav s treh celin, Evrope, Afrike in Azije.<\/p>\n<p>Pred \u0161tirimi leti v Oranu v Al\u017eiriji je Slovenija na sredozemskih igrah osvojila 23 odli\u010dij.<\/p>\n<p>Oglas<\/p>\n","protected":false},"excerpt":{"rendered":"Klara Lukan je v te\u017ekih razmerah pritekla do srebra. Foto: www.alesfevzer.com Spremljajte RTVSLO.si kot prednostni vir na Google&hellip;\n","protected":false},"author":2,"featured_media":215038,"comment_status":"","ping_status":"","sticky":false,"template":"","format":"standard","meta":{"footnotes":"","_share_on_mastodon":"0"},"categories":[16],"tags":[247,10640,10873,62,37,58,60,38,94,93,48522],"class_list":["post-215037","post","type-post","status-publish","format-standard","has-post-thumbnail","category-sport","tag-atletika","tag-klara-lukan","tag-polmaraton","tag-si","tag-slovene","tag-slovenia","tag-slovenija","tag-slovenscina","tag-sport","tag-sports","tag-sredozemske-igre"],"share_on_mastodon":{"url":"https:\/\/pubeurope.com\/@si\/117211288393246179","error":""},"_links":{"self":[{"href":"https:\/\/www.europesays.com\/si\/wp-json\/wp\/v2\/posts\/215037","targetHints":{"allow":["GET"]}}],"collection":[{"href":"https:\/\/www.europesays.com\/si\/wp-json\/wp\/v2\/posts"}],"about":[{"href":"https:\/\/www.europesays.com\/si\/wp-json\/wp\/v2\/types\/post"}],"author":[{"embeddable":true,"href":"https:\/\/www.europesays.com\/si\/wp-json\/wp\/v2\/users\/2"}],"replies":[{"embeddable":true,"href":"https:\/\/www.europesays.com\/si\/wp-json\/wp\/v2\/comments?post=215037"}],"version-history":[{"count":0,"href":"https:\/\/www.europesays.com\/si\/wp-json\/wp\/v2\/posts\/215037\/revisions"}],"wp:featuredmedia":[{"embeddable":true,"href":"https:\/\/www.europesays.com\/si\/wp-json\/wp\/v2\/media\/215038"}],"wp:attachment":[{"href":"https:\/\/www.europesays.com\/si\/wp-json\/wp\/v2\/media?parent=215037"}],"wp:term":[{"taxonomy":"category","embeddable":true,"href":"https:\/\/www.europesays.com\/si\/wp-json\/wp\/v2\/categories?post=215037"},{"taxonomy":"post_tag","embeddable":true,"href":"https:\/\/www.europesays.com\/si\/wp-json\/wp\/v2\/tags?post=215037"}],"curies":[{"name":"wp","href":"https:\/\/api.w.org\/{rel}","templated":true}]}}