{"id":215085,"date":"2026-09-04T06:50:22","date_gmt":"2026-09-04T06:50:22","guid":{"rendered":"https:\/\/www.europesays.com\/si\/215085\/"},"modified":"2026-09-04T06:50:22","modified_gmt":"2026-09-04T06:50:22","slug":"zelo-mocan-el-nino-je-pred-vrati-svet-cakajo-ekstremne-vremenske-razmere","status":"publish","type":"post","link":"https:\/\/www.europesays.com\/si\/215085\/","title":{"rendered":"Zelo mo\u010dan el ni\u00f1o je pred vrati, svet \u010dakajo ekstremne vremenske razmere"},"content":{"rendered":"<p>    <img decoding=\"async\" data-lb-desktop=\"\/media\/2026\/09\/03\/860174\/Orig-2026-09-01T225026Z_874052219_RC2DANAHVL77_RTRMADP_5_KARINA-STORM-1200.webp\" data-lb-mobile=\"\/media\/2026\/09\/03\/860174\/Orig-2026-09-01T225026Z_874052219_RC2DANAHVL77_RTRMADP_5_KARINA-STORM-600.webp\" class=\"main-gallery-image se_image_lb\" src=\"https:\/\/www.europesays.com\/si\/wp-content\/uploads\/2026\/09\/Wide-2026-09-01T225026Z_874052219_RC2DANAHVL77_RTRMADP_5_KARINA-STORM-1000.webp\" alt=\"A satellite image shows Hurricane Karina as it swirls in the Pacific Ocean, August 31, 2026, in this frame from a time-lapse video. CSU\/CIRA &amp; NOAA\/Handout via REUTERS  THIS IMAGE HAS BEEN SUPPLIED BY A THIRD PARTY. MANDATORY CREDIT. OVERLAY FROM SOURCE.\"\/><\/p>\n<p>Temperature v tropskih pacifi\u0161kih regijah, ki imajo mo\u010dan vpliv na vremenske vzorce po svetu, so \u017ee izjemno visoke. Foto: Reuters<\/p>\n<p>Zelo mo\u010dan el ni\u00f1o je pred vrati, svet \u010dakajo ekstremne vremenske razmere<\/p>\n<p>V nekaterih regijah sveta se morajo v prihodnjih mesecih pripraviti na ekstremne vro\u010dine, su\u0161e in poplave, saj se razvija nenavadno mo\u010dan pojav el ni\u00f1o, je danes opozorila Svetovna meteorolo\u0161ka organizacija (WMO). Pojasnila je, da so temperature v tropskih pacifi\u0161kih regijah, ki imajo mo\u010dan vpliv na vremenske vzorce po svetu, \u017ee izjemno visoke.<\/p>\n<p>                        03. 09. 2026, 11.20\n                    <\/p>\n<p> sta\n                    <\/p>\n<p>                        <a href=\"https:\/\/google.com\/preferences\/source?q=dnevnik.si\" class=\"se-author-gps-cta\" target=\"_blank\" rel=\"nofollow noopener\"><br \/>\n                            <img decoding=\"async\" class=\"se-author-gps-cta-badge\" src=\"https:\/\/www.europesays.com\/si\/wp-content\/uploads\/2026\/09\/1788504621_149_dnevnik_gps_badge.png\" alt=\"Google Preferred Sources CTA\"\/><br \/>\n                        <\/a><\/p>\n<p>&#8220;El ni\u00f1o se pred na\u0161imi o\u010dmi \u0161e dodatno krepi,&#8221; je po poro\u010danju nem\u0161ke tiskovne agencije DPA v izjavi dejal generalni sekretar Zdru\u017eenih narodov Antonio Guterres. &#8220;Znanost ne dopu\u0161\u010da prostora za dvom: planet se je zna\u0161el v neznanih vodah in te vode se segrevajo,&#8221; je dodal.<\/p>\n<p>WMO na podlagi trenutnih podatkov ocenjuje, da obstaja izjemno velika mo\u017enost, da bo el ni\u00f1o vztrajal do februarja 2027.<\/p>\n<p>    <a class=\"se-card__wrap se-card--link\" href=\"https:\/\/www.dnevnik.si\/nedeljski\/prosti-cas\/znanost-in-tehnologija\/analiza-zakaj-lahko-ekstremno-segrevanje-oceana-slovenijo-pahne-v-globoki-mraz-2823434\/\" data-upscore-url=\"\" rel=\"nofollow noopener\" target=\"_blank\"><\/p>\n<p>        <img decoding=\"async\" class=\"se-image se-image--card\" src=\"https:\/\/www.europesays.com\/si\/wp-content\/uploads\/2026\/09\/Wide-iStock-527581451-400.webp\" alt=\"Sneg in led utegneta dose\u010di tudi kraje, kjer sicer zmrzali ne poznajo. Slika je simboli\u010dna. \/ Foto: Istock\"\/><\/p>\n<p>EL NI\u00d1O<\/p>\n<p>Analiza: zakaj lahko ekstremno segrevanje oceana Slovenijo pahne v globok mraz?<\/p>\n<p>    <\/a><\/p>\n<p>Meteorolo\u0161ka organizacija svoje napovedi o el ni\u00f1u, ki se naravno pojavi vsaki dve do sedem let, utemeljuje na izra\u010dunih ve\u010d vremenskih slu\u017eb po vsem svetu. \u010ceprav podnebne spremembe lahko okrepijo njegove u\u010dinke, pa ga ne povzro\u010dajo.<\/p>\n<p>WMO sicer ne uporablja izraza super el ni\u00f1o, ki so ga sprejeli nekateri podnebni strokovnjaki, temve\u010d govori o zelo mo\u010dni intenzivnosti pojava.<\/p>\n<p>    <a class=\"se-card__wrap se-card--link\" href=\"https:\/\/www.dnevnik.si\/nedeljski\/aktualno\/ce-sklepamo-po-preteklosti-lahko-el-nino-prinese-precej-hude-posledice-2804041\/\" data-upscore-url=\"\" rel=\"nofollow noopener\" target=\"_blank\"><\/p>\n<p>        <img decoding=\"async\" class=\"se-image se-image--card\" src=\"https:\/\/www.europesays.com\/si\/wp-content\/uploads\/2026\/09\/Wide-Bellary_Zilla_Great_Famine_of_1876_78_-400.webp\" alt=\"Ilustracija velike su\u0161e med letoma 1876 in 1878 \/ Foto: Wikipedia\"\/><\/p>\n<p>ZGODOVINA<\/p>\n<p>\u010ce sklepamo po preteklosti, lahko El Ni\u00f1o prinese precej hude posledice<\/p>\n<p>    <\/a><\/p>\n<p>        <img decoding=\"async\" data-lb-desktop=\"\/media\/2026\/09\/03\/860175\/Orig-APTOPIX_Tropical_Weather_Hawaii_87789--0c6da-1200.webp\" data-lb-mobile=\"\/media\/2026\/09\/03\/860175\/Orig-APTOPIX_Tropical_Weather_Hawaii_87789--0c6da-600.webp\" class=\"se_image se_image_lb\" src=\"https:\/\/www.europesays.com\/si\/wp-content\/uploads\/2026\/09\/Orig-APTOPIX_Tropical_Weather_Hawaii_87789--0c6da-600.webp\" alt=\"A vehicle drives near a downed utility pole dangling above Mamalahoa Highway during Hurricane Lala near Ocean View, Hawaii, Saturday, Aug. 15, 2026. (Stephen Lam\/San Francisco Chronicle via AP)\"\/><\/p>\n<p>Meteorolo\u0161ka organizacija svoje napovedi o el ni\u00f1u, ki se naravno pojavi vsaki dve do sedem let, utemeljuje na izra\u010dunih ve\u010d vremenskih slu\u017eb po vsem svetu. Foto: AP<\/p>\n<p>El ni\u00f1o\u00a0se za\u010dne s segrevanjem temperature morske gladine v osrednjem in vzhodnem ekvatorialnem Pacifiku. Po podatkih WMO so tamkaj\u0161nje temperature \u017ee med 2,2 in 2,6 stopinje Celzija vi\u0161je od dolgoletnega povpre\u010dja. Julija in v za\u010detku avgusta pa so bile ponekod pod gladino oceana temperature \u017ee ve\u010d kot osem stopinj nad povpre\u010djem.<\/p>\n<p>Vro\u010d in vla\u017een zrak se nato v regiji dvigne, kar v naslednjih mesecih vpliva na globalne vzorce vetra, zra\u010dnega tlaka in padavin. To pogosto s seboj prinese su\u0161ne razmere v Avstraliji, Indoneziji in na jugu Afrike, medtem ko zahodno\u00a0obalo\u00a0Ju\u017ene Amerike, vzhodne Afrike in ju\u017eni del ZDA pogosto prizadenejo mo\u010dne padavine.<\/p>\n","protected":false},"excerpt":{"rendered":"Temperature v tropskih pacifi\u0161kih regijah, ki imajo mo\u010dan vpliv na vremenske vzorce po svetu, so \u017ee izjemno visoke.&hellip;\n","protected":false},"author":2,"featured_media":215086,"comment_status":"","ping_status":"","sticky":false,"template":"","format":"standard","meta":{"footnotes":"","_share_on_mastodon":"0"},"categories":[8],"tags":[12046,19931,8792,5781,5700,19007,52526,691,37,38,64,8794,13094,63],"class_list":["post-215085","post","type-post","status-publish","format-standard","has-post-thumbnail","category-svet","tag-antonio-guterres","tag-ekstremni-vremenski-pojavi","tag-el-nino","tag-globalno-segrevanje","tag-meteorologija","tag-pacifik","tag-podnebne-napovedi","tag-podnebne-spremembe","tag-slovene","tag-slovenscina","tag-svet","tag-vremenski-vzorci","tag-wmo","tag-world"],"share_on_mastodon":{"url":"https:\/\/pubeurope.com\/@si\/117211445854560698","error":""},"_links":{"self":[{"href":"https:\/\/www.europesays.com\/si\/wp-json\/wp\/v2\/posts\/215085","targetHints":{"allow":["GET"]}}],"collection":[{"href":"https:\/\/www.europesays.com\/si\/wp-json\/wp\/v2\/posts"}],"about":[{"href":"https:\/\/www.europesays.com\/si\/wp-json\/wp\/v2\/types\/post"}],"author":[{"embeddable":true,"href":"https:\/\/www.europesays.com\/si\/wp-json\/wp\/v2\/users\/2"}],"replies":[{"embeddable":true,"href":"https:\/\/www.europesays.com\/si\/wp-json\/wp\/v2\/comments?post=215085"}],"version-history":[{"count":0,"href":"https:\/\/www.europesays.com\/si\/wp-json\/wp\/v2\/posts\/215085\/revisions"}],"wp:featuredmedia":[{"embeddable":true,"href":"https:\/\/www.europesays.com\/si\/wp-json\/wp\/v2\/media\/215086"}],"wp:attachment":[{"href":"https:\/\/www.europesays.com\/si\/wp-json\/wp\/v2\/media?parent=215085"}],"wp:term":[{"taxonomy":"category","embeddable":true,"href":"https:\/\/www.europesays.com\/si\/wp-json\/wp\/v2\/categories?post=215085"},{"taxonomy":"post_tag","embeddable":true,"href":"https:\/\/www.europesays.com\/si\/wp-json\/wp\/v2\/tags?post=215085"}],"curies":[{"name":"wp","href":"https:\/\/api.w.org\/{rel}","templated":true}]}}