{"id":215123,"date":"2026-09-04T07:29:07","date_gmt":"2026-09-04T07:29:07","guid":{"rendered":"https:\/\/www.europesays.com\/si\/215123\/"},"modified":"2026-09-04T07:29:07","modified_gmt":"2026-09-04T07:29:07","slug":"grozljiva-nesreca-vzela-komaj-21-letno-amro-tri-dni-se-je-borila-za-zivljenje","status":"publish","type":"post","link":"https:\/\/www.europesays.com\/si\/215123\/","title":{"rendered":"Grozljiva nesre\u010da vzela komaj 21-letno Amro: tri dni se je borila za \u017eivljenje"},"content":{"rendered":"<p>Zaradi posledic hude nesre\u010de, ki se je v ponedeljek zgodila v Vitezu v BiH, je v sarajevski bolni\u0161nici umrla 21-letna Amra Daut. Amro so po nesre\u010di prepeljali v Novo Bile, nato pa v Sarajevo, vendar kljub prizadevanjem zdravnikov ni pre\u017eivela.<\/p>\n<p>\u010celno tr\u010dila \u0161tirikolesnik in avtomobil<\/p>\n<p>Po informacijah Avaza je do nesre\u010de pri\u0161lo v ponedeljek v Poslovnem centru 96, ko sta \u010delno tr\u010dila \u0161tirikolesnik in avtomobil. Policija je opravila ogled kraja nesre\u010de, ki je trajal vse do jutranjih ur, okoli\u0161\u010dine nesre\u010de pa \u0161e ugotavljajo.<\/p>\n<p>\u00a0<\/p>\n<p>\u00a0<\/p>\n","protected":false},"excerpt":{"rendered":"Zaradi posledic hude nesre\u010de, ki se je v ponedeljek zgodila v Vitezu v BiH, je v sarajevski bolni\u0161nici&hellip;\n","protected":false},"author":2,"featured_media":215124,"comment_status":"","ping_status":"","sticky":false,"template":"","format":"standard","meta":{"footnotes":"","_share_on_mastodon":"0"},"categories":[20],"tags":[52536,5808,17163,32,35,31,34,36,215,37,38,584,16002,33],"class_list":["post-215123","post","type-post","status-publish","format-standard","has-post-thumbnail","category-novice","tag-amra-daut","tag-bih","tag-celno-trcenje","tag-headlines","tag-najpomembnejse-novice","tag-news","tag-novice","tag-osrednje-novice","tag-prometna-nesreca","tag-slovene","tag-slovenscina","tag-smrt","tag-stirikolesnik","tag-top-stories"],"share_on_mastodon":{"url":"https:\/\/pubeurope.com\/@si\/117211599057679621","error":""},"_links":{"self":[{"href":"https:\/\/www.europesays.com\/si\/wp-json\/wp\/v2\/posts\/215123","targetHints":{"allow":["GET"]}}],"collection":[{"href":"https:\/\/www.europesays.com\/si\/wp-json\/wp\/v2\/posts"}],"about":[{"href":"https:\/\/www.europesays.com\/si\/wp-json\/wp\/v2\/types\/post"}],"author":[{"embeddable":true,"href":"https:\/\/www.europesays.com\/si\/wp-json\/wp\/v2\/users\/2"}],"replies":[{"embeddable":true,"href":"https:\/\/www.europesays.com\/si\/wp-json\/wp\/v2\/comments?post=215123"}],"version-history":[{"count":0,"href":"https:\/\/www.europesays.com\/si\/wp-json\/wp\/v2\/posts\/215123\/revisions"}],"wp:featuredmedia":[{"embeddable":true,"href":"https:\/\/www.europesays.com\/si\/wp-json\/wp\/v2\/media\/215124"}],"wp:attachment":[{"href":"https:\/\/www.europesays.com\/si\/wp-json\/wp\/v2\/media?parent=215123"}],"wp:term":[{"taxonomy":"category","embeddable":true,"href":"https:\/\/www.europesays.com\/si\/wp-json\/wp\/v2\/categories?post=215123"},{"taxonomy":"post_tag","embeddable":true,"href":"https:\/\/www.europesays.com\/si\/wp-json\/wp\/v2\/tags?post=215123"}],"curies":[{"name":"wp","href":"https:\/\/api.w.org\/{rel}","templated":true}]}}