{"id":215143,"date":"2026-09-04T07:47:09","date_gmt":"2026-09-04T07:47:09","guid":{"rendered":"https:\/\/www.europesays.com\/si\/215143\/"},"modified":"2026-09-04T07:47:09","modified_gmt":"2026-09-04T07:47:09","slug":"merckx-pesimisticen-glede-pogacarja-uporabiti-mora-zdrav-razum","status":"publish","type":"post","link":"https:\/\/www.europesays.com\/si\/215143\/","title":{"rendered":"Merckx pesimisti\u010den glede Poga\u010darja: &#8220;Uporabiti mora zdrav razum&#8221;"},"content":{"rendered":"<p>Eddy Merckx, kolesarki velikan, ki ga \u017ee leta primerjajo s Tadejem Poga\u010darjem v debati o najbolj\u0161em vseh \u010dasov, je spregovoril o mo\u017enostih nastopa slovenskega asa na prihajajo\u010dem SP v Kanadi.<\/p>\n<p>V nadaljevanju preberite:<\/p>\n<p>Po odstopu z dirke po \u0160paniji je nastop Tadeja Poga\u010darja na SP v Montrealu zelo negotov.<br \/>\nPo mnenju Eddyja Merckxa mu bo branjenje mavri\u010dne majice prepre\u010dil zlom vratnega vretenca.<br \/>\nLegendarni &#8216;Kanidal&#8217; zato svojemu tekmecu\u00a0za naziv najve\u010djega vseh \u010dasov svetuje, naj pri odlo\u010ditvi upo\u0161teva zdrav razum.<\/p>\n<p>Slovenski \u0161ampion Tadej Poga\u010dar je dva dneva po operaciji klju\u010dnice zapustil bolni\u0161nico v Barceloni, vendar za zdaj ni nobenih indicev glede njegovih na\u010drtov za nadaljevanje sezone, v katerem kolesarje med drugim \u010daka tudi svetovno prvenstvo v Montrealu (20. do 27. september). Na njem bi Poga\u010dar v primeru nastopa napadal tretjo zaporedno lovoriko.<\/p>\n<p>Slovenec je na Vuelto pripotoval kot izraziti favorit za skupno zmago in \u017ee uvodoma je postalo jasno, da ga na poti do krstnega naslova na \u0161panski dirki lahko zaustavijo samo zunanji dejavniki.<\/p>\n<p>Prav to\u00a0se je na koncu zgodilo, Poga\u010dar je v osmi etapi povozil kamen in pri hitrosti 66 km\/h padel, pri tem pa utrpel pretres mo\u017eganov, zlom klju\u010dnice, zlom\u00a0sedmega vratnega vretenca in \u0161tevilne odrgnine.<\/p>\n<p><img decoding=\"async\" alt=\"Tadej Poga\u010dar | Avtor: X\" class=\"rwd\" data-href=\"https:\/\/www.zurnal24.si\/media\/img\/14\/7d\/54fb96f6f409d69610c8.jpeg\" itemprop=\"image\" src=\"\/media\/img\/7a\/7a\/d8fd3d133aa456879e55.jpeg\"\/><\/p>\n<p>                X<\/p>\n<p>Sprva je kazalo, da bo moral zaradi pretresa mo\u017eganov na operacijo \u010dakati ve\u010d dni, a so mu \u0161panski zdravniki \u017ee v ponedeljek pri\u017egali zeleno lu\u010d ter ga dva dneva kasneje odpustili v doma\u010do oskrbo.<\/p>\n<p>Poga\u010darja zdaj \u010daka rehabilitacija, iz njegovega mo\u0161tva pa \u017ee sporo\u010dili, da je o vrnitvi na tekmovanje \u0161e prezgodaj govoriti. &#8220;Zdaj \u0161teje \u010dlovek! Za Tadeja gre in mi mu moramo stati ob strani. Zgodilo se bo, kot je namenjeno,&#8221; je bil jasen direktor ekipe UAE Joxean Fernandez Matxin.<\/p>\n<p><a class=\"related_article__link\" href=\"https:\/\/www.zurnal24.si\/sport\/kolesarstvo\/velika-gesta-uae-ja-pokazali-so-kaj-pogacar-pomeni-tej-ekip-464515\" rel=\"nofollow noopener\" target=\"_blank\"><\/p>\n<p><img loading=\"lazy\" decoding=\"async\" alt=\"Poga\u010dar\" class=\"related_article__image\" data-size=\"100x100\" height=\"100\" src=\"https:\/\/www.europesays.com\/si\/wp-content\/uploads\/2026\/09\/4f87a2f5584469d493c4.jpeg\" width=\"100\"\/><\/p>\n<p><\/a><\/p>\n<p><a href=\"https:\/\/www.zurnal24.si\/sport\/kolesarstvo\/velika-gesta-uae-ja-pokazali-so-kaj-pogacar-pomeni-tej-ekip-464515\" rel=\"nofollow noopener\" target=\"_blank\"><br \/>\n                Zaslu\u017eil si je!<br \/>\n            <\/a><\/p>\n<p><a href=\"https:\/\/www.zurnal24.si\/sport\" rel=\"nofollow noopener\" target=\"_blank\"><br \/>\n                \u0160port<br \/>\n            <\/a><\/p>\n<p><a href=\"https:\/\/www.zurnal24.si\/sport\/kolesarstvo\/velika-gesta-uae-ja-pokazali-so-kaj-pogacar-pomeni-tej-ekip-464515\" rel=\"nofollow noopener\" target=\"_blank\"><\/p>\n<p>                Velika gesta UAE-ja: Pokazali so, kaj Poga\u010dar pomeni tej ekipi<\/p>\n<p>            <\/a><\/p>\n<p>Slovenski kolesar si za zdaj ni postavil nobenega roka za vrnitev, zato nih\u010de ne more z gotovostjo trditi, ali bo 27. septembra v Montrealu branil svojo mavri\u010dno majico. O mo\u017enosti Poga\u010darjevega nastopa je zdaj spregovoril veliki Eddy Merckx. Po mnenju belgijske kolesarske legende, ki ga mnogi \u0161e vedno smatrajo za najve\u010djega kolesarja vseh \u010dasov, bo Poga\u010darju nastop na SP prepre\u010dil zlom vratnega vretenca.<\/p>\n<p>&#8220;To je dokaz, da se zgodi tudi najbolj\u0161im. Zdaj mora uporabiti zdrav razum. Po mojem mnenju mu bo po\u0161kodba vratnega vretenca prepre\u010dila nastop na SP,&#8221; je za belgijski Hln povedal\u00a0&#8220;Kanibal&#8221;.<\/p>\n<p>81-letnik je v pogovoru delil \u0161e podrobnosti zdravstvenega stanja po padcu pred slabima dvema letoma, v katerem si je zlomil kolk in nato prestal kar devet operacij. &#8220;Stvari gredo kon\u010dno na bolje, toda pred mano je \u0161e kar nekaj rehabilitacije. Pri hoji imam \u0161e vedno te\u017eave. Lahko hodim, vendar ni lahko. Za vzpenjanje po stopnicah \u0161e vedno potrebujem ograjo,&#8221; je pojasnil.<\/p>\n<p><img decoding=\"async\" alt=\"Eddy Merckx | Avtor: Profimedia\" class=\"rwd\" data-href=\"https:\/\/www.zurnal24.si\/media\/img\/d1\/47\/a2b39d2cffa586763d6b.jpeg\" itemprop=\"image\" src=\"\/media\/img\/5c\/ba\/18af124b5c8c2dca8c48.jpeg\"\/><\/p>\n<p>                Profimedia<\/p>\n<p><a href=\"https:\/\/styria-media.si\/\" rel=\"nofollow noopener\" target=\"_blank\">dezurni@styria-media.si<\/a><\/p>\n","protected":false},"excerpt":{"rendered":"Eddy Merckx, kolesarki velikan, ki ga \u017ee leta primerjajo s Tadejem Poga\u010darjem v debati o najbolj\u0161em vseh \u010dasov,&hellip;\n","protected":false},"author":2,"featured_media":215144,"comment_status":"","ping_status":"","sticky":false,"template":"","format":"standard","meta":{"footnotes":"","_share_on_mastodon":"0"},"categories":[20],"tags":[24180,32,618,35,31,34,2032,36,816,37,38,1874,33,24726],"class_list":["post-215143","post","type-post","status-publish","format-standard","has-post-thumbnail","category-novice","tag-dirka-po-spaniji","tag-headlines","tag-kolesarstvo","tag-najpomembnejse-novice","tag-news","tag-novice","tag-operacija","tag-osrednje-novice","tag-poskodba","tag-slovene","tag-slovenscina","tag-tadej-pogacar","tag-top-stories","tag-vuelta"],"share_on_mastodon":{"url":"https:\/\/pubeurope.com\/@si\/117211669985338861","error":""},"_links":{"self":[{"href":"https:\/\/www.europesays.com\/si\/wp-json\/wp\/v2\/posts\/215143","targetHints":{"allow":["GET"]}}],"collection":[{"href":"https:\/\/www.europesays.com\/si\/wp-json\/wp\/v2\/posts"}],"about":[{"href":"https:\/\/www.europesays.com\/si\/wp-json\/wp\/v2\/types\/post"}],"author":[{"embeddable":true,"href":"https:\/\/www.europesays.com\/si\/wp-json\/wp\/v2\/users\/2"}],"replies":[{"embeddable":true,"href":"https:\/\/www.europesays.com\/si\/wp-json\/wp\/v2\/comments?post=215143"}],"version-history":[{"count":0,"href":"https:\/\/www.europesays.com\/si\/wp-json\/wp\/v2\/posts\/215143\/revisions"}],"wp:featuredmedia":[{"embeddable":true,"href":"https:\/\/www.europesays.com\/si\/wp-json\/wp\/v2\/media\/215144"}],"wp:attachment":[{"href":"https:\/\/www.europesays.com\/si\/wp-json\/wp\/v2\/media?parent=215143"}],"wp:term":[{"taxonomy":"category","embeddable":true,"href":"https:\/\/www.europesays.com\/si\/wp-json\/wp\/v2\/categories?post=215143"},{"taxonomy":"post_tag","embeddable":true,"href":"https:\/\/www.europesays.com\/si\/wp-json\/wp\/v2\/tags?post=215143"}],"curies":[{"name":"wp","href":"https:\/\/api.w.org\/{rel}","templated":true}]}}