{"id":215155,"date":"2026-09-04T07:59:13","date_gmt":"2026-09-04T07:59:13","guid":{"rendered":"https:\/\/www.europesays.com\/si\/215155\/"},"modified":"2026-09-04T07:59:13","modified_gmt":"2026-09-04T07:59:13","slug":"kyrgios-po-kratkem-suspenzu-zaradi-jemanja-kokaina-lahko-ze-igra","status":"publish","type":"post","link":"https:\/\/www.europesays.com\/si\/215155\/","title":{"rendered":"Kyrgios po kratkem suspenzu zaradi jemanja kokaina lahko \u017ee igra"},"content":{"rendered":"<p>\t\t\t\t\t\t\t\t<a href=\"https:\/\/www.europesays.com\/si\/wp-content\/uploads\/2026\/09\/66015315.jpg\" itemprop=\"contentUrl\" data-size=\"1200x800\" data-large=\"https:\/\/www.europesays.com\/si\/wp-content\/uploads\/2026\/09\/66015315.jpg\"><br \/>\n\t\t\t\t\t\t\t\t\t<img decoding=\"async\" src=\"https:\/\/www.europesays.com\/si\/wp-content\/uploads\/2026\/09\/66015315.jpg\" title=\"Nick Kyrgios. Foto: EPA\" alt=\"Nick Kyrgios. Foto: EPA\"\/><br \/>\n\t\t\t\t\t\t\t\t<\/a><\/p>\n<p>\t\t\t\t\t\t\t\t\tNick Kyrgios. Foto: EPA<\/p>\n<p>\t\t\t\t\t\t\t<a id=\"preferredSourceBanner\" href=\"https:\/\/www.rtvslo.si\/sport\/tenis\/kyrgios-po-kratkem-suspenzu-zaradi-jemanja-kokaina-lahko-ze-igra\/javascript:void(0)\" target=\"_blank\" class=\"d-none align-items-center justify-content-between rounded my-3\" style=\"padding: 10px 15px;\" rel=\"nofollow noopener\"><br \/>\n\t\t\t\t\t\t<img decoding=\"async\" src=\"https:\/\/img.rtvslo.si\/_static\/novi\/img\/ico-google.svg\" class=\"flex-shrink-0 mr-3\" aria-hidden=\"true\"\/><br \/>\n\t\t\t\t\t\tSpremljajte RTVSLO.si kot prednostni vir na Google<\/p>\n<p>\t\t\t\t\t<\/a><\/p>\n<p>Avstralec je bil suspendiran od 4. avgusta, prepoved se je po navedbah Mednarodne agencije za integriteto tenisa (Itia) iztekla ta \u010detrtek.<\/p>\n<p>Oglas<\/p>\n<p>Po navedbah Itie je Kyrgios izjavil, da je kokain rekreativno uporabil 20. junija v no\u010dnem klubu na Majorki v zgodnjih jutranjih urah. Pozitiven vzorec je oddal prav tam, 22. junija, ko je izgubil dvoboj prvega kroga proti rojaku Adamu Waltonu.<\/p>\n<p>V skladu s pravili Svetovne protidopin\u0161ke agencije (Wada) je za tovrstno kr\u0161itev obi\u010dajno predvidena trimese\u010dna prepoved, vendar se lahko kazen skraj\u0161a, \u010de se \u0161portnik vklju\u010di v program zdravljenja. Suspenz mu je potekel 3. septembra.<\/p>\n<p>Kyrgios je izrazil ob\u017ealovanje, ko je incident pri\u0161el na dan pred dobrima dvema tednoma. &#8220;Storil sem veliko napako in zanjo prevzemam polno odgovornost. \u017dal mi je \u2013 zaradi mojih navija\u010dev, dru\u017eine, sponzorjev in vseh, ki so mi blizu. Predvsem pa mi je \u017eal zaradi otrok, ki me spremljajo. Zavedam se zgleda, ki ga dajem, in sem globoko razo\u010daran nad samim seboj,&#8221; je zapisal na svojem profilu na Instagramu. <\/p>\n<p>Letos je nekdanji finalist Wimbledona (2022) nastopil le na treh turnirjih ATP \u2013 deloma zaradi te\u017eav s po\u0161kodbami \u2013 in dobil zgolj en dvoboj. Zdaj 31-letni igralec na igri\u0161\u010du pogosto nastopa kot zabavlja\u010d, znan pa je tudi po tem, da brez zadr\u017ekov pove svoje mnenje.<\/p>\n<p>Pred letom in pol je glasno kritiziral dejstvo, da je Jannik Sinner po dveh pozitivnih dopin\u0161kih testih prejel zgolj tri mesece prepovedi nastopanja. Zdaj se je zaradi tega stali\u0161\u010da do Italijana na Odprtem prvenstvu ZDA sam zna\u0161el na udaru kritik \u0161tevilnih drugih profesionalnih igralcev.<\/p>\n<p>Oglas<\/p>\n","protected":false},"excerpt":{"rendered":"Nick Kyrgios. Foto: EPA Spremljajte RTVSLO.si kot prednostni vir na Google Avstralec je bil suspendiran od 4. avgusta,&hellip;\n","protected":false},"author":2,"featured_media":215156,"comment_status":"","ping_status":"","sticky":false,"template":"","format":"standard","meta":{"footnotes":"","_share_on_mastodon":"0"},"categories":[16],"tags":[6851,52544,62,37,58,60,38,94,93,28651,712,10680],"class_list":["post-215155","post","type-post","status-publish","format-standard","has-post-thumbnail","category-sport","tag-kokain","tag-kyrgios","tag-si","tag-slovene","tag-slovenia","tag-slovenija","tag-slovenscina","tag-sport","tag-sports","tag-suspenz","tag-tenis","tag-wada"],"share_on_mastodon":{"url":"https:\/\/pubeurope.com\/@si\/117211717312159889","error":""},"_links":{"self":[{"href":"https:\/\/www.europesays.com\/si\/wp-json\/wp\/v2\/posts\/215155","targetHints":{"allow":["GET"]}}],"collection":[{"href":"https:\/\/www.europesays.com\/si\/wp-json\/wp\/v2\/posts"}],"about":[{"href":"https:\/\/www.europesays.com\/si\/wp-json\/wp\/v2\/types\/post"}],"author":[{"embeddable":true,"href":"https:\/\/www.europesays.com\/si\/wp-json\/wp\/v2\/users\/2"}],"replies":[{"embeddable":true,"href":"https:\/\/www.europesays.com\/si\/wp-json\/wp\/v2\/comments?post=215155"}],"version-history":[{"count":0,"href":"https:\/\/www.europesays.com\/si\/wp-json\/wp\/v2\/posts\/215155\/revisions"}],"wp:featuredmedia":[{"embeddable":true,"href":"https:\/\/www.europesays.com\/si\/wp-json\/wp\/v2\/media\/215156"}],"wp:attachment":[{"href":"https:\/\/www.europesays.com\/si\/wp-json\/wp\/v2\/media?parent=215155"}],"wp:term":[{"taxonomy":"category","embeddable":true,"href":"https:\/\/www.europesays.com\/si\/wp-json\/wp\/v2\/categories?post=215155"},{"taxonomy":"post_tag","embeddable":true,"href":"https:\/\/www.europesays.com\/si\/wp-json\/wp\/v2\/tags?post=215155"}],"curies":[{"name":"wp","href":"https:\/\/api.w.org\/{rel}","templated":true}]}}