{"id":215185,"date":"2026-09-04T08:23:23","date_gmt":"2026-09-04T08:23:23","guid":{"rendered":"https:\/\/www.europesays.com\/si\/215185\/"},"modified":"2026-09-04T08:23:23","modified_gmt":"2026-09-04T08:23:23","slug":"okoli-ene-najvecjih-evropskih-znamenitosti-uvedli-rdeco-cono-kaj-se-dogaja","status":"publish","type":"post","link":"https:\/\/www.europesays.com\/si\/215185\/","title":{"rendered":"Okoli ene najve\u010djih evropskih znamenitosti uvedli &#8220;rde\u010do cono&#8221;, kaj se dogaja?"},"content":{"rendered":"<p>    <img decoding=\"async\" data-lb-desktop=\"\/media\/2026\/09\/03\/860153\/Orig-2026-07-22T150606Z_1834702656_RC2MXLABWTMS_RTRMADP_5_EUROPE-WEATHER-ROME-FILM-1200.webp\" data-lb-mobile=\"\/media\/2026\/09\/03\/860153\/Orig-2026-07-22T150606Z_1834702656_RC2MXLABWTMS_RTRMADP_5_EUROPE-WEATHER-ROME-FILM-600.webp\" class=\"main-gallery-image se_image_lb\" src=\"https:\/\/www.europesays.com\/si\/wp-content\/uploads\/2026\/09\/Wide-2026-07-22T150606Z_1834702656_RC2MXLABWTMS_RTRMADP_5_EUROPE-WEATHER-ROME-FILM-1000.webp\" alt=\"FILE PHOTO: Tourists queue under the sun outside the Colosseum during hot weather in Rome, Italy, June 20, 2026. REUTERS\/Guglielmo Mangiapane\/File Photo\"\/><\/p>\n<p>Kljub prisotnosti vojske in policije se je v okolici Koloseja v zadnjih tednih zgodilo ve\u010d varnostnih incidentov. Foto: Reuters<\/p>\n<p>Okoli ene najve\u010djih evropskih znamenitosti uvedli &#8220;rde\u010do cono&#8221;, kaj se dogaja?<\/p>\n<p>Oblasti v italijanski prestolnici so obmo\u010dje okoli Koloseja razglasile za tako imenovano rde\u010do cono. V zadnjem \u010dasu so namre\u010d okoli ene od najve\u010djih italijanskih znamenitosti zaznali znaten porast kriminala.<\/p>\n<p>                        03. 09. 2026, 10.37\n                    <\/p>\n<p> mg\n                    <\/p>\n<p>                        <a href=\"https:\/\/google.com\/preferences\/source?q=dnevnik.si\" class=\"se-author-gps-cta\" target=\"_blank\" rel=\"nofollow noopener\"><br \/>\n                            <img decoding=\"async\" class=\"se-author-gps-cta-badge\" src=\"https:\/\/www.europesays.com\/si\/wp-content\/uploads\/2026\/09\/1788510202_504_dnevnik_gps_badge.png\" alt=\"Google Preferred Sources CTA\"\/><br \/>\n                        <\/a><\/p>\n<p>Posebne varnostne ukrepe so uvedli konec avgusta in bodo veljali do 24. decembra. Poleg Koloseja so dodatno zavarovali tudi obmo\u010dje glavne rimske \u017eelezni\u0161ke postaje Termini, bazilike svetega Petra in bazilike Marije Sne\u017ene. Slednjo od lanskega aprila, ko so tam pokopali pape\u017ea Fran\u010di\u0161ka, obiskuje ve\u010dje \u0161tevilo vernikov.<\/p>\n<p>V &#8220;rde\u010di coni&#8221; bo ves \u010das prisotnih ve\u010d policistov, pomagali pa jim bodo tudi pripadniki vojske. Italijanska vojska sicer \u017ee zdaj varuje ve\u010d najbolj obiskanih turisti\u010dnih znamenitosti, pri \u010demer uporablja tudi varnostne pregrade in ob\u010dasno izvaja kontrole. Kot ka\u017ee, prisotnost\u00a0oboro\u017eenih vojakov ne zado\u0161\u010da za odvra\u010danje kriminala.<\/p>\n<p>Napadli policiste<\/p>\n<p>\u201cVarnost je poostrena, toda kljub temu sem pravkar videla, kako so oropali \u017eensko,\u201d je v torek za CNN povedala ameri\u0161ka turistka iz Filadelfije. Povedala je \u0161e, da je tat pobegnil, preden bi lahko posredovali policisti. Po njenih navedbah so jim v hotelu tudi svetovali, naj pono\u010di ne hodijo ven in naj se ne zadr\u017eujejo na obmo\u010dju okoli Koloseja.\u00a0<\/p>\n<p>Odlo\u010ditev za zaostritev varnostnih ukrepov so oblasti sprejele po ve\u010d incidentih, ki so se v zadnjem \u010dasu zgodili v bli\u017eini te znamenitosti. Julija je namre\u010d skupina pribli\u017eno 50 mladih napadla policiste, pri \u010demer so uporabili tudi pirotehniko. Ve\u010d policistov je utrpelo po\u0161kodbe.\u00a0<\/p>\n<p>    <a class=\"se-card__wrap se-card--link\" href=\"https:\/\/www.dnevnik.si\/nedeljski\/prosti-cas\/magazin\/razkrit-skrivni-hodnik-rimskih-cesarjev-v-koloseju-2759906\/\" data-upscore-url=\"\" rel=\"nofollow noopener\" target=\"_blank\"><\/p>\n<p>        <img decoding=\"async\" class=\"se-image se-image--card\" src=\"https:\/\/www.europesays.com\/si\/wp-content\/uploads\/2026\/09\/Wide-558134427_1234694408700970_6131438973125678796_n-400.webp\" alt=\"Rim, Kolosej, komodov prehod\"\/><\/p>\n<p>RIM<\/p>\n<p>Razkrit skrivni hodnik rimskih cesarjev v Koloseju<\/p>\n<p>    <\/a><\/p>\n<p>Kaj je v ozadju?<\/p>\n<p>Polab\u0161anje varnosti v okolici Koloseja paradoksalno sovpada s povi\u0161anjem sredstev, ki jih lokalne oblasti vlagajo v izbolj\u0161evanje infrastrukture. V zadnjih letih so namre\u010d vlo\u017eili ve\u010d milijard evrov v razne projekte, za katere pa pristojni zdaj priznavajo, da morda celo prispevajo k vi\u0161ji stopnji kriminala.\u00a0<\/p>\n<p>Lamberto Giannini, ki je odgovoren za varnost v Rimu, je za pove\u010danje \u0161tevila incidentov med drugim okrivil &#8220;plenilski kriminal in preprodajo drog&#8221;, ki da sta povezana z zanemarjanjem mestnega okolja. Prepri\u010dan je tudi, da je nova postaja podzemne \u017eeleznice Kolosej, ki je bila del 8,3 milijarde dolarjev vrednega projekta za izbolj\u0161anje sistema podzemne \u017eeleznice, eden od dejavnikov, ki prispevajo k porastu incidentov.<\/p>\n<p>    <a class=\"se-card__wrap se-card--link\" href=\"https:\/\/www.dnevnik.si\/nedeljski\/prosti-cas\/magazin\/nepotrpezljivost-pred-kolosejem-drago-stala-ameriskega-turista-2730752\/\" data-upscore-url=\"\" rel=\"nofollow noopener\" target=\"_blank\"><\/p>\n<p>        <img decoding=\"async\" class=\"se-image se-image--card\" src=\"https:\/\/www.europesays.com\/si\/wp-content\/uploads\/2026\/09\/Wide-3-iStock-642483564-400.webp\" alt=\"Turistov je okoli Koloseja vselej veliko, prav tako so dolge vrste za vstop.\"\/><\/p>\n<p>NERODNOST<\/p>\n<p>Pred Kolosejem: turist se je napi\u010dil na ostre kovinske konice in obvisel<\/p>\n<p>    <\/a><\/p>\n<p>Postaja, ki so jo odprli decembra 2025, vklju\u010duje ve\u010dnadstropni podzemni muzej, v katerem so razstavljeni artefakti, odkriti med gradbenimi deli na novi progi podzemne \u017eeleznice. Giannini pravi, da je postaja postala sti\u010di\u0161\u010de marginaliziranih skupin, ki pre\u017eijo na turiste in obiskovalce.\u00a0<\/p>\n<p>Uradni odlok obmo\u010dje opisuje kot obmo\u010dje &#8220;resne javne nevarnosti&#8221; in opozarja na tveganje za nastanek resne \u0161kode na posebno ob\u010dutljivih obmo\u010djih. Policisti in drugi varnostni organi bodo imeli v rde\u010di coni ve\u010dja pooblastila, med drugim mo\u017enost, da domnevne povzro\u010ditelje te\u017eav pridr\u017eijo ali jim odredijo, naj obmo\u010dje zapustijo.<\/p>\n","protected":false},"excerpt":{"rendered":"Kljub prisotnosti vojske in policije se je v okolici Koloseja v zadnjih tednih zgodilo ve\u010d varnostnih incidentov. Foto:&hellip;\n","protected":false},"author":2,"featured_media":215186,"comment_status":"","ping_status":"","sticky":false,"template":"","format":"standard","meta":{"footnotes":"","_share_on_mastodon":"0"},"categories":[8],"tags":[431,41404,16557,1022,326,52553,2769,37,38,64,488,2310,1095,63],"class_list":["post-215185","post","type-post","status-publish","format-standard","has-post-thumbnail","category-svet","tag-infrastruktura","tag-javna-varnost","tag-kolosej","tag-kriminal","tag-policija","tag-postaja-podzemne-zeleznice","tag-rim","tag-slovene","tag-slovenscina","tag-svet","tag-turizem","tag-varnostni-ukrepi","tag-vojska","tag-world"],"share_on_mastodon":{"url":"https:\/\/pubeurope.com\/@si\/117211811668689524","error":""},"_links":{"self":[{"href":"https:\/\/www.europesays.com\/si\/wp-json\/wp\/v2\/posts\/215185","targetHints":{"allow":["GET"]}}],"collection":[{"href":"https:\/\/www.europesays.com\/si\/wp-json\/wp\/v2\/posts"}],"about":[{"href":"https:\/\/www.europesays.com\/si\/wp-json\/wp\/v2\/types\/post"}],"author":[{"embeddable":true,"href":"https:\/\/www.europesays.com\/si\/wp-json\/wp\/v2\/users\/2"}],"replies":[{"embeddable":true,"href":"https:\/\/www.europesays.com\/si\/wp-json\/wp\/v2\/comments?post=215185"}],"version-history":[{"count":0,"href":"https:\/\/www.europesays.com\/si\/wp-json\/wp\/v2\/posts\/215185\/revisions"}],"wp:featuredmedia":[{"embeddable":true,"href":"https:\/\/www.europesays.com\/si\/wp-json\/wp\/v2\/media\/215186"}],"wp:attachment":[{"href":"https:\/\/www.europesays.com\/si\/wp-json\/wp\/v2\/media?parent=215185"}],"wp:term":[{"taxonomy":"category","embeddable":true,"href":"https:\/\/www.europesays.com\/si\/wp-json\/wp\/v2\/categories?post=215185"},{"taxonomy":"post_tag","embeddable":true,"href":"https:\/\/www.europesays.com\/si\/wp-json\/wp\/v2\/tags?post=215185"}],"curies":[{"name":"wp","href":"https:\/\/api.w.org\/{rel}","templated":true}]}}