{"id":215197,"date":"2026-09-04T08:37:11","date_gmt":"2026-09-04T08:37:11","guid":{"rendered":"https:\/\/www.europesays.com\/si\/215197\/"},"modified":"2026-09-04T08:37:11","modified_gmt":"2026-09-04T08:37:11","slug":"anze-lanisek-naredil-prvi-korak-proti-novi-vlogi-to-se-ni-konec","status":"publish","type":"post","link":"https:\/\/www.europesays.com\/si\/215197\/","title":{"rendered":"An\u017ee Lani\u0161ek naredil prvi korak proti novi vlogi: To \u0161e ni konec"},"content":{"rendered":"<p>Tekmovalnih smu\u010di \u0161e zdale\u010d ne namerava postaviti v kot, a An\u017ee Lani\u0161ek je v Zakopanah vendarle naredil prvi korak proti vlogi, v kateri bi ga lahko neko\u010d spremljali po koncu kariere. Mladim skakalcem iz Meng\u0161a je delil nasvete in priznal, da ga vle\u010de v trenerske vode. &#8220;To je prvi korak do tega, da postanem trener,&#8221; je povedal.<\/p>\n<p>Izku\u0161eni slovenski skakalec An\u017ee Lani\u0161ek se je pretekli konec tedna mudil v Zakopanah, kjer je bil gost tekmovanja za pokal Tater. Njegova vloga pa ni bila omejena zgolj na podeljevanje nagrad. \u010clan SSK Menge\u0161 je \u010das izkoristil tudi za delo z mladimi slovenskimi skakalci, ki so nastopali na kompleksu Srednja Krokiew.<\/p>\n<p>In prav tam je lahko nekoliko okusil tudi drugo stran \u0161porta. Na vrhu zaleti\u0161\u010da ni tako kot ponavadi razmi\u0161ljal\u00a0o lastnem skoku, ampak\u00a0svoje znanje in ob\u010dutke prena\u0161al na mlaj\u0161e.<\/p>\n<p>&#8220;To je prvi korak do tega, da postanem trener, vendar bi rad v svoji tekmovalni karieri \u0161e veliko dosegel, zato to \u0161e ni konec. Ta teden sem vzel nekoliko druga\u010de in res sem vesel, da smo lahko pri\u0161li sem na tako lep dan in na tako dobro organizirano tekmovanje. Hvala Kamilu (Kamil Stoch, op. a.) in Ewi (Kamilova \u017eena, op. a.) za povabilo, upam, da se bomo \u0161e vrnili,&#8221; je za <a href=\"https:\/\/www.skijumping.pl\/wiadomosci\/39011\/anze-lanisek-przymierza-sie-do-nowej-roli-chcialbym-pozostac-przy-skokach-jako-trener\/\" target=\"_blank\" rel=\"nofollow noopener\">poljski skijumping.pl<\/a> dejal 30-letni Lani\u0161ek.<\/p>\n<p>Vle\u010de ga predvsem delo z mladimi<\/p>\n<p>Videti je, da ima Lani\u0161ek \u017ee za\u010drtane dolo\u010dene smernice, kaj bo po\u010del po koncu kariere. Ko bo neko\u010d tekmovalne smu\u010di postavil v kot, se od \u0161porta, ki mu je dal prakti\u010dno vse, no\u010de kar umakniti.<\/p>\n<p>&#8220;Rad bi ostal v smu\u010darskih skokih kot trener, predvsem pri delu z mladimi otroki. To je nekaj, kar bi v prihodnosti rad podrobneje spoznal. Delam prve korake, da poskusim in vidim, kako je to delo videti iz ozadja. V\u010dasih je lahko precej zahtevno in je druga\u010dno od tega, kar vidim kot tekmovalec. Zaradi tega dobim povsem druga\u010den pogled,&#8221; je pojasnil.<\/p>\n<p><img decoding=\"async\" alt=\"An\u017ee Lani\u0161ek ima ogromno skakalnega znanja in izku\u0161enj, ki bi jih lahko po koncu kariere prena\u0161al na mlaj\u0161e rodove. | Foto: Ale\u0161 Fev\u017eer\" class=\"article_content__inline_image js_imageLightbox is-clickable\" data-author=\"Ale\u0161 Fev\u017eer\" data-caption=\"An\u017ee Lani\u0161ek ima ogromno skakalnega znanja in izku\u0161enj, ki bi jih lahko po koncu kariere prena\u0161al na mlaj\u0161e rodove.\" data-height=\"1600\" data-href=\"https:\/\/siol.net\/media\/img\/f7\/72\/949a3c951590216158b1-anze-lanisek.jpeg\" data-width=\"2400\" loading=\"lazy\" src=\"\/media\/img\/de\/f4\/e7bb6809d678861d40a9-anze-lanisek.jpeg\" title=\"An\u017ee Lani\u0161ek\"\/><\/p>\n<p> An\u017ee Lani\u0161ek ima ogromno skakalnega znanja in izku\u0161enj, ki bi jih lahko po koncu kariere prena\u0161al na mlaj\u0161e rodove.<br \/>\n Foto: Ale\u0161 Fev\u017eer <\/p>\n<p>Biti trener v smu\u010darskih skokih je povsem druga\u010dna vloga kot biti skakalec. Ob\u010dutke na skakalnici, razmi\u0161ljanje in znanje mora\u0161 znati prenesti na drugega ter mu jih pravilno razlo\u017eiti. Pri mladih je \u0161e toliko pomembneje najti pravi pristop, da jim ob u\u010denju in napredku ne vzame\u0161 veselja do \u0161porta.<\/p>\n<p>In zadnje je bilo tisto, kar je poudaril tudi An\u017ee v Zakopanah: &#8220;Mislim, da so dali vse od sebe. Kak\u0161en bi lahko nastopil bolje, drugemu je \u0161lo precej slab\u0161e, zato bi rekel, da je bilo za nas to dobro tekmovanje. Tukaj smo na trening kampu, pri katerem je poudarek na zabavi, in sku\u0161amo iz vsega skupaj potegniti \u010dim ve\u010d veselja. Ni pomembno, ali zmagamo ali izgubimo.&#8221;<\/p>\n<p>Med slovenskimi skakalci je izstopal 17-letni Erik Toma\u017ei\u010d, ki je med mlaj\u0161imi mladinci osvojil drugo mesto in zaostal le za nadarjenim poljskim skakalcem\u00a0Konradom Tomasiakom.<\/p>\n<p>Zima ostaja na prvem mestu<\/p>\n<p>Da Lani\u0161kov pogled proti trenerski prihodnosti nikakor ne pomeni, da \u017ee razmi\u0161lja o koncu kariere, je jasno tudi iz njegovega trenutnega pristopa. \u0160e vedno je povsem osredoto\u010den na tekmovalne cilje in pripravo na novo zimo.<\/p>\n<p>Vodilnih slovenskih reprezentantov ni bilo na avgustovskih tekmah poletne velike nagrade v Wisli in Courchevelu, vendar Lani\u0161ek zaradi tega ne dela nobene drame: &#8220;Obi\u010dajno za\u010dnemo trenirati v za\u010detku maja, nato pa spremljamo, kako se stvari razvijajo skozi celoten program treninga. Z nastopi na tekmah se ne mudi. Najpomembnej\u0161a je zima, vsaj v mojem primeru.&#8221;<\/p>\n","protected":false},"excerpt":{"rendered":"Tekmovalnih smu\u010di \u0161e zdale\u010d ne namerava postaviti v kot, a An\u017ee Lani\u0161ek je v Zakopanah vendarle naredil prvi&hellip;\n","protected":false},"author":2,"featured_media":215198,"comment_status":"","ping_status":"","sticky":false,"template":"","format":"standard","meta":{"footnotes":"","_share_on_mastodon":"0"},"categories":[16],"tags":[1505,41130,14271,62,37,58,60,38,533,94,93,52554,4217,3253,48616,15886],"class_list":["post-215197","post","type-post","status-publish","format-standard","has-post-thumbnail","category-sport","tag-anze-lanisek","tag-grand-prix","tag-kamil-stoch","tag-si","tag-slovene","tag-slovenia","tag-slovenija","tag-slovenscina","tag-smucarski-skoki","tag-sport","tag-sports","tag-ssk-menges","tag-svetovni-pokal","tag-trener","tag-trenerska-kariera","tag-zakopane"],"share_on_mastodon":{"url":"https:\/\/pubeurope.com\/@si\/117211866864633001","error":""},"_links":{"self":[{"href":"https:\/\/www.europesays.com\/si\/wp-json\/wp\/v2\/posts\/215197","targetHints":{"allow":["GET"]}}],"collection":[{"href":"https:\/\/www.europesays.com\/si\/wp-json\/wp\/v2\/posts"}],"about":[{"href":"https:\/\/www.europesays.com\/si\/wp-json\/wp\/v2\/types\/post"}],"author":[{"embeddable":true,"href":"https:\/\/www.europesays.com\/si\/wp-json\/wp\/v2\/users\/2"}],"replies":[{"embeddable":true,"href":"https:\/\/www.europesays.com\/si\/wp-json\/wp\/v2\/comments?post=215197"}],"version-history":[{"count":0,"href":"https:\/\/www.europesays.com\/si\/wp-json\/wp\/v2\/posts\/215197\/revisions"}],"wp:featuredmedia":[{"embeddable":true,"href":"https:\/\/www.europesays.com\/si\/wp-json\/wp\/v2\/media\/215198"}],"wp:attachment":[{"href":"https:\/\/www.europesays.com\/si\/wp-json\/wp\/v2\/media?parent=215197"}],"wp:term":[{"taxonomy":"category","embeddable":true,"href":"https:\/\/www.europesays.com\/si\/wp-json\/wp\/v2\/categories?post=215197"},{"taxonomy":"post_tag","embeddable":true,"href":"https:\/\/www.europesays.com\/si\/wp-json\/wp\/v2\/tags?post=215197"}],"curies":[{"name":"wp","href":"https:\/\/api.w.org\/{rel}","templated":true}]}}