{"id":215235,"date":"2026-09-04T09:01:10","date_gmt":"2026-09-04T09:01:10","guid":{"rendered":"https:\/\/www.europesays.com\/si\/215235\/"},"modified":"2026-09-04T09:01:10","modified_gmt":"2026-09-04T09:01:10","slug":"devet-dni-po-unicujocih-poplavah-iz-predora-resili-dva-cloveka","status":"publish","type":"post","link":"https:\/\/www.europesays.com\/si\/215235\/","title":{"rendered":"Devet dni po uni\u010dujo\u010dih poplavah iz predora re\u0161ili dva \u010dloveka"},"content":{"rendered":"<p>\t\t\t\t\t\t\t\t<a href=\"https:\/\/www.europesays.com\/si\/wp-content\/uploads\/2026\/09\/67092588.jpg\" itemprop=\"contentUrl\" data-size=\"1200x800\" data-large=\"https:\/\/www.europesays.com\/si\/wp-content\/uploads\/2026\/09\/67092588.jpg\"><br \/>\n\t\t\t\t\t\t\t\t\t<img decoding=\"async\" src=\"https:\/\/www.europesays.com\/si\/wp-content\/uploads\/2026\/09\/67092588.jpg\" title=\"Delavec, ki so ga re\u0161ili iz predora ob elektrarni. Foto: AP\" alt=\"Delavec, ki so ga re\u0161ili iz predora ob elektrarni. Foto: AP\"\/><br \/>\n\t\t\t\t\t\t\t\t<\/a><\/p>\n<p>\t\t\t\t\t\t\t\t\tDelavec, ki so ga re\u0161ili iz predora ob elektrarni. Foto: AP<\/p>\n<p>Nepalsko ministrstvo za energetiko je sporo\u010dila, da sta bila re\u0161ena delavca zaposlena na hidroelektrarni na reki Tri\u0161nuli. Eden od delavcev ne more premikati nog in rok, po\u0161kodbe drugega pa niso kriti\u010dne, so z ministrstva sporo\u010dili za tiskovno agencijo Reuters. Oba sta na poti v bolni\u0161nico.<\/p>\n<p>Re\u0161evalci so akcijo zagnali, potem ko so zgodaj zjutraj zasli\u0161ali glasove iz predora. Pri\u010dakujejo, da jih bodo re\u0161ili \u0161e vsaj okrog 40, poro\u010da britanski BBC. Re\u0161evalci v predore, ki so jih zasuli naplavine in blato, dovajajo zrak.<\/p>\n<p>Oblasti \u0161e vedno pogre\u0161ajo ve\u010d sto delavcev, ki so v \u010dasu nesre\u010de delali v kompleksni mre\u017ei predorov lokalnih hidroelektrarn. Predori so na obmo\u010dju med Nepalom in kitajskim Tibetom, ki so ga prej\u0161nji teden prizadele katastrofalne poplave, v katerih je umrlo najmanj 1287 ljudi, ve\u010d kot 5000 jih \u0161e pogre\u0161ajo.<\/p>\n<p>\t\t\t\tDobra novica iz Nepala: Dva \u010dloveka po devetih dneh na\u0161li \u017eiva<\/p>\n<p>\t\t\t\t\t\t\t<a href=\"https:\/\/img.rtvcdn.si\/_up\/upload\/2026\/09\/04\/67092586.jpg\" data-size=\"1200x800\" rel=\"nofollow noopener\" target=\"_blank\"><br \/>\n\t\t\t\t\t\t\t\t<img decoding=\"async\" src=\"https:\/\/www.europesays.com\/si\/wp-content\/uploads\/2026\/09\/67092586_fp1.jpg\" alt=\" Foto: AP\" class=\"lazy\"\/><br \/>\n\t\t\t\t\t\t\t<\/a><br \/>\n\t\t\t\t\t\t\t Foto: AP<\/p>\n<p>\t\t\t\t\t\t\t<a href=\"https:\/\/img.rtvcdn.si\/_up\/upload\/2026\/09\/04\/67092587.jpg\" data-size=\"1200x800\" rel=\"nofollow noopener\" target=\"_blank\"><br \/>\n\t\t\t\t\t\t\t\t<img decoding=\"async\" src=\"https:\/\/www.europesays.com\/si\/wp-content\/uploads\/2026\/09\/67092587_fp1.jpg\" alt=\" Foto: AP\" class=\"lazy\"\/><br \/>\n\t\t\t\t\t\t\t<\/a><br \/>\n\t\t\t\t\t\t\t Foto: AP<\/p>\n<p>\t\t\t\t\t\t\t<a href=\"https:\/\/img.rtvcdn.si\/_up\/upload\/2026\/09\/04\/67092589.jpg\" data-size=\"1200x800\" rel=\"nofollow noopener\" target=\"_blank\"><br \/>\n\t\t\t\t\t\t\t\t<img decoding=\"async\" src=\"https:\/\/www.europesays.com\/si\/wp-content\/uploads\/2026\/09\/67092589_fp1.jpg\" alt=\" Foto: Reuters\" class=\"lazy\"\/><br \/>\n\t\t\t\t\t\t\t<\/a><br \/>\n\t\t\t\t\t\t\t Foto: Reuters<\/p>\n<p>Oglas<\/p>\n","protected":false},"excerpt":{"rendered":"Delavec, ki so ga re\u0161ili iz predora ob elektrarni. Foto: AP Nepalsko ministrstvo za energetiko je sporo\u010dila, da&hellip;\n","protected":false},"author":2,"featured_media":215236,"comment_status":"","ping_status":"","sticky":false,"template":"","format":"standard","meta":{"footnotes":"","_share_on_mastodon":"0"},"categories":[20],"tags":[32,35,8113,31,34,36,1076,781,8266,1759,37,38,33],"class_list":["post-215235","post","type-post","status-publish","format-standard","has-post-thumbnail","category-novice","tag-headlines","tag-najpomembnejse-novice","tag-nepal","tag-news","tag-novice","tag-osrednje-novice","tag-plaz","tag-poplave","tag-predor","tag-resevalci","tag-slovene","tag-slovenscina","tag-top-stories"],"share_on_mastodon":{"url":"https:\/\/pubeurope.com\/@si\/117211961245502359","error":""},"_links":{"self":[{"href":"https:\/\/www.europesays.com\/si\/wp-json\/wp\/v2\/posts\/215235","targetHints":{"allow":["GET"]}}],"collection":[{"href":"https:\/\/www.europesays.com\/si\/wp-json\/wp\/v2\/posts"}],"about":[{"href":"https:\/\/www.europesays.com\/si\/wp-json\/wp\/v2\/types\/post"}],"author":[{"embeddable":true,"href":"https:\/\/www.europesays.com\/si\/wp-json\/wp\/v2\/users\/2"}],"replies":[{"embeddable":true,"href":"https:\/\/www.europesays.com\/si\/wp-json\/wp\/v2\/comments?post=215235"}],"version-history":[{"count":0,"href":"https:\/\/www.europesays.com\/si\/wp-json\/wp\/v2\/posts\/215235\/revisions"}],"wp:featuredmedia":[{"embeddable":true,"href":"https:\/\/www.europesays.com\/si\/wp-json\/wp\/v2\/media\/215236"}],"wp:attachment":[{"href":"https:\/\/www.europesays.com\/si\/wp-json\/wp\/v2\/media?parent=215235"}],"wp:term":[{"taxonomy":"category","embeddable":true,"href":"https:\/\/www.europesays.com\/si\/wp-json\/wp\/v2\/categories?post=215235"},{"taxonomy":"post_tag","embeddable":true,"href":"https:\/\/www.europesays.com\/si\/wp-json\/wp\/v2\/tags?post=215235"}],"curies":[{"name":"wp","href":"https:\/\/api.w.org\/{rel}","templated":true}]}}