{"id":215257,"date":"2026-09-04T09:16:08","date_gmt":"2026-09-04T09:16:08","guid":{"rendered":"https:\/\/www.europesays.com\/si\/215257\/"},"modified":"2026-09-04T09:16:08","modified_gmt":"2026-09-04T09:16:08","slug":"znani-slovenski-igralci-v-novem-filmu-urban-zorko-snema-jutro-s-hudicem-foto","status":"publish","type":"post","link":"https:\/\/www.europesays.com\/si\/215257\/","title":{"rendered":"Znani slovenski igralci v novem filmu, Urban Zorko snema Jutro s hudi\u010dem (FOTO)"},"content":{"rendered":"<p>V filmskem studiu Viba film so za\u010deli snemati celove\u010derni igrani film Jutro s hudi\u010dem v re\u017eiji Urbana Zorka. Tragikomi\u010dna drama razkriva mehanizme dru\u017ebe, ki se hrani s \u010dlove\u0161ko tragedijo, ter odpira vpra\u0161anje, ali je sprememba sploh \u0161e mogo\u010da, so o vsebini filma zapisali pri Slovenskem filmskem centru (SFC). Glavni junak je karizmati\u010dni radijski zvezdnik v zatonu, ki sku\u0161a znova osvojiti ob\u010dinstvo in se vrniti na vrh. Pri tem gre korak predale\u010d in ne traja dolgo, preden se medijski spektakel, ki ga je sam soustvarjal, obrne proti njemu.<\/p>\n<p>Zorko, ki je s sodelavci tudi soscenarist filma, je o nastanku projekta povedal: \u00bbZa\u010delo se je z mojim delom na nenavadni radijski postaji, kjer so liki in prizori ostajali z menoj. Nadaljevalo se je s \u0161kandali, ki jih je gledala, obsojala in se nad njimi naslajala vsa dr\u017eava. Nato se je razvilo v zgodbo o svetu visoko nad oblaki, kamor pa vseeno pridejo ra\u010duni.\u00ab<\/p>\n<p><img decoding=\"async\" class=\"article__img-tag-visible\" src=\"https:\/\/www.europesays.com\/si\/wp-content\/uploads\/2026\/09\/3715796.width-660.format-webp.webp\" alt=\"Film nastaja s finan\u010dno podporo SFC in programa MEDIA Ustvarjalna Evropa.\" img_id=\"11788451\" data-img-id=\"11788451\"\/><\/p>\n<p>Film nastaja s finan\u010dno podporo SFC in programa MEDIA Ustvarjalna Evropa.<\/p>\n<p>\u00bbV kavarni gledam pernate \u017eivalce, ki tekajo med \u010dlove\u0161kimi nogami v iskanju hrane, spolnega stika in mo\u017enosti \u017eivljenja. Morda so golobi, ta ne\u017ena, dru\u017eabna bitja, ki smo jih neko\u010d naselili medse, da bi jih izkoristili, zdaj pa se pretvarjamo, da so tu proti na\u0161i volji, nekak\u0161en odgovor na vpra\u0161anje, zakaj so me vedno privla\u010dile zgodbe o antijunakih. Komi\u010dni, stra\u0161ni in \u010dlove\u0161ki so obenem; v na\u0161ih o\u010deh so umazani z vsem gnojem, ki ga no\u010demo videti na sebi,\u00ab so njegove besede \u0161e navedli v sporo\u010dilu za javnost.<\/p>\n<p>Snemanje filma se je \u017ee za\u010delo<\/p>\n<p>V filmu igrajo Primo\u017e Bezjak, Marko Mandi\u0107, Judita Frankovi\u0107 Brdar, Klara Kuk, Jana Zupan\u010di\u010d, Katarina Stegnar, Nika Rozman, Suzana Krevh, Mojca Funkl, Maks Drak\u0161obler, Luka Bok\u0161an, Irena Kova\u010devi\u010d in drugi.<\/p>\n<p><img decoding=\"async\" class=\"article__img-tag-visible\" src=\"https:\/\/www.europesays.com\/si\/wp-content\/uploads\/2026\/09\/3715797.width-660.format-webp.webp\" alt=\"Jutro s hudi\u010dem je igrani prvenec Urbana Zorka.\" img_id=\"11788441\" data-img-id=\"11788441\"\/><\/p>\n<p>Jutro s hudi\u010dem je igrani prvenec Urbana Zorka.<\/p>\n<p>Pribli\u017eno polovica filma bo posneta v studiu, preostanek na razli\u010dnih lokacijah po Sloveniji. Direktor fotografije je Mitja Li\u010den, scenograf Miha Knific, kostumografinja Tina Bon\u010da, oblikovalka maske Lija Ivan\u010di\u010d, monta\u017eerka Ivana Fumi\u0107, oblikovalec zvoka Julij Zornik. Film producirata Rok Se\u010den in Sonja Prosenc iz produkcijske hi\u0161e Monoo.<\/p>\n<p>Film nastaja s finan\u010dno podporo SFC in programa MEDIA Ustvarjalna Evropa. Projekt je podporo pridobil tudi v okviru mednarodne pobude RE-ACT. Razvoj scenarija je potekal tudi v okviru scenaristi\u010dne delavnice Scenarnica v organizaciji Dru\u0161tva slovenskih filmskih re\u017eiserjev in re\u017eiserk ter na scenaristi\u010dni rezidenci K3 v Beljaku v Avstriji.<\/p>\n<p><img decoding=\"async\" class=\"article__img-tag-visible\" src=\"https:\/\/www.europesays.com\/si\/wp-content\/uploads\/2026\/09\/3715798.width-660.format-webp.webp\" alt=\"Padla je prva klapa celove\u010derca.\" img_id=\"11788431\" data-img-id=\"11788431\"\/><\/p>\n<p>Padla je prva klapa celove\u010derca.<\/p>\n<p>Zorko je doslej deloval predvsem na podro\u010dju dokumentarnega filma, Jutro s hudi\u010dem je njegov igrani prvenec. Njegova filmografija med drugim obsega dela Zelena utopija, Betonske sanje, Zgodbe s prepiha. Za svoje delo je med drugim prejel nagrado butnskala za izvirnost in inovativnost v filmu, ki jo podeljuje Aipa, ter lani z ustvarjalno ekipo vesno za najbolj\u0161i dokumentarni film za Mo\u017ea s slamnikom.<\/p>\n<p>Tragikomi\u010dna drama razkriva mehanizme dru\u017ebe, ki se hrani s \u010dlove\u0161ko tragedijo, ter odpira vpra\u0161anje, ali je sprememba sploh \u0161e mogo\u010da.<\/p>\n","protected":false},"excerpt":{"rendered":"V filmskem studiu Viba film so za\u010deli snemati celove\u010derni igrani film Jutro s hudi\u010dem v re\u017eiji Urbana Zorka.&hellip;\n","protected":false},"author":2,"featured_media":215258,"comment_status":"","ping_status":"","sticky":false,"template":"","format":"standard","meta":{"footnotes":"","_share_on_mastodon":"0"},"categories":[3],"tags":[65,66,52565,52563,3554,52564,50906,37,60,38,2389,7875,4793,50905,35434],"class_list":["post-215257","post","type-post","status-publish","format-standard","has-post-thumbnail","category-evropa","tag-europe","tag-evropa","tag-igrani-prvenec","tag-jutro-s-hudicem","tag-marko-mandic","tag-monoo","tag-primoz-bezjak","tag-slovene","tag-slovenija","tag-slovenscina","tag-slovenski-film","tag-slovenski-filmski-center","tag-snemanje","tag-urban-zorko","tag-viba-film"],"share_on_mastodon":{"url":"https:\/\/pubeurope.com\/@si\/117212020507863084","error":""},"_links":{"self":[{"href":"https:\/\/www.europesays.com\/si\/wp-json\/wp\/v2\/posts\/215257","targetHints":{"allow":["GET"]}}],"collection":[{"href":"https:\/\/www.europesays.com\/si\/wp-json\/wp\/v2\/posts"}],"about":[{"href":"https:\/\/www.europesays.com\/si\/wp-json\/wp\/v2\/types\/post"}],"author":[{"embeddable":true,"href":"https:\/\/www.europesays.com\/si\/wp-json\/wp\/v2\/users\/2"}],"replies":[{"embeddable":true,"href":"https:\/\/www.europesays.com\/si\/wp-json\/wp\/v2\/comments?post=215257"}],"version-history":[{"count":0,"href":"https:\/\/www.europesays.com\/si\/wp-json\/wp\/v2\/posts\/215257\/revisions"}],"wp:featuredmedia":[{"embeddable":true,"href":"https:\/\/www.europesays.com\/si\/wp-json\/wp\/v2\/media\/215258"}],"wp:attachment":[{"href":"https:\/\/www.europesays.com\/si\/wp-json\/wp\/v2\/media?parent=215257"}],"wp:term":[{"taxonomy":"category","embeddable":true,"href":"https:\/\/www.europesays.com\/si\/wp-json\/wp\/v2\/categories?post=215257"},{"taxonomy":"post_tag","embeddable":true,"href":"https:\/\/www.europesays.com\/si\/wp-json\/wp\/v2\/tags?post=215257"}],"curies":[{"name":"wp","href":"https:\/\/api.w.org\/{rel}","templated":true}]}}