{"id":215259,"date":"2026-09-04T09:17:08","date_gmt":"2026-09-04T09:17:08","guid":{"rendered":"https:\/\/www.europesays.com\/si\/215259\/"},"modified":"2026-09-04T09:17:08","modified_gmt":"2026-09-04T09:17:08","slug":"policisti-salutirali-konvoju-ki-je-prevazal-mladiceve-posmrtne-ostanke","status":"publish","type":"post","link":"https:\/\/www.europesays.com\/si\/215259\/","title":{"rendered":"Policisti salutirali konvoju, ki je preva\u017eal Mladi\u0107eve posmrtne ostanke"},"content":{"rendered":"<p>V\u010deraj malo pred 18.00 je na beograjskem letali\u0161\u010du pristalo letalo, ki je iz Haaga v Srbijo pripeljalo posmrtne ostanke nekdanjega poveljnika bosanskih Srbov Ratka Mladi\u0107a iz Haaga. Mladi\u0107 je umrl prej\u0161nji teden v zaporni\u0161ki enoti v Haagu v 84. letu starosti.<\/p>\n<p>Z letalom srbske vlade so posmrtne ostanke prepeljali na beograjsko letali\u0161\u010de. Na krovu so bili po poro\u010danju srbskih medijev Mladi\u010dev sin Darko, vnukinja ter srbski minister za pravosodje Nenad Vuji\u0107 s sodelavci.<\/p>\n<p>Pripadniki srbske vojske so krsto, prekrito s srbsko zastavo, prenesli iz letala v vozilo, posmrtne ostanke so nato prepeljali v voja\u0161ko bolni\u0161nico, kjer bodo opravili obdukcijo.<\/p>\n<p>Spominska slovesnost za Mladi\u0107em bo predvidoma v soboto potekala v sredi\u0161\u010du Beograda, pokopali pa naj bi ga v ponedeljek. Slovesnost naj bi se za\u010dela v cerkvi v beograjskem predmestju, nato pa bodo Mladi\u010da pokopali na pokopali\u0161\u010du poleg njegove h\u010derke.<\/p>\n<p dir=\"ltr\" lang=\"sr\">\u0421\u0440\u043f\u0441\u043a\u0430 \u043f\u043e\u043b\u0438\u0446\u0438\u0458\u0430 \u0446\u0438\u0458\u0435\u043b\u0438\u043c \u043f\u0443\u0442\u0435\u043c \u043f\u043e\u0437\u0434\u0440\u0430\u0432\u0459\u0430 \u0433\u0435\u043d\u0435\u0440\u0430\u043b\u0430 \u041c\u043b\u0430\u0434\u0438\u045b\u0430. <a href=\"https:\/\/t.co\/wDKmzfp8Zd\" rel=\"nofollow\">pic.twitter.com\/wDKmzfp8Zd<\/a><\/p>\n<p>\u2014 \u041c\u0418\u0425\u0410\u0408\u041b\u041e \ud83c\uddf7\ud83c\uddf8 (@dalm_berekin) <a href=\"https:\/\/x.com\/dalm_berekin\/status\/2095569341265641585?ref_src=twsrc%5Etfw\" rel=\"nofollow\">September 3, 2026<\/a><\/p>\n<p>Predsednik Srbije Aleksandar Vu\u010di\u0107 je izjavil, da na pogrebu pri\u010dakujejo ve\u010d deset tiso\u010d ljudi.<\/p>\n<p>Sode\u010d po posnetkih so bile ob cesti, po kateri je peljal konvoj z Mladi\u0107evo krsto, name\u0161\u010dene srbske varnostne sile, mnogi pripadniki so vozilo pospremili s salutiranjem.<\/p>\n<p dir=\"ltr\" lang=\"en\">The body of war criminal Ratko Mladic has arrived in Belgrade, where he was given a military guard of honour. Mladic died in The Hague on 27 August, while serving a life sentence for leading the Srebrenica genocide and the Siege of Sarajevo. <a href=\"https:\/\/t.co\/YpsnaW2Sfd\" rel=\"nofollow\">pic.twitter.com\/YpsnaW2Sfd<\/a><\/p>\n<p>\u2014 Al Jazeera English (@AJEnglish) <a href=\"https:\/\/x.com\/AJEnglish\/status\/2095749951284289617?ref_src=twsrc%5Etfw\" rel=\"nofollow\">September 4, 2026<\/a><\/p>\n<p dir=\"ltr\" lang=\"und\">Policija i gra\u0111ani du\u017e \u010ditave trase salutiranjem odaju poslednju po\u010dast svome komandantu generalu Ratku Mladi\u0107u \ud83e\udee1\u2626\ufe0f\ud83d\ude4f\ud83d\udc94 <a href=\"https:\/\/t.co\/TjXvl7pONI\" rel=\"nofollow\">pic.twitter.com\/TjXvl7pONI<\/a><\/p>\n<p>\u2014 Bog i Batina (@aleksandarCBL) <a href=\"https:\/\/x.com\/aleksandarCBL\/status\/2095561039035158734?ref_src=twsrc%5Etfw\" rel=\"nofollow\">September 3, 2026<\/a><\/p>\n<p>Na nadvozih so se zbrali Mladi\u010devi podporniki, opaziti je bilo mogo\u010de tudi \u0161tevilne transparente z napisi, kot so &#8220;General, hvala&#8221;, &#8220;Ratko Mladi\u0107, srbski heroj&#8221;, &#8220;Junaki nikoli ne umrejo&#8221; in &#8220;Dobrodo\u0161el doma, general.<\/p>\n<p>Dr\u017eava je imela pri prevozu posmrtnih ostankov veliko vlogo. Posmrtne ostanke so dru\u017eini predali na letali\u0161\u010du Rotterdam-Haag, od koder so jih v Beograd prepeljali z letalom srbske vlade. Na krovu so bili Mladi\u010dev sin Darko, vnukinja Anastasija in srbski minister za pravosodje Nenad Vuji\u0107. Krsto, prekrito z zastavama Srbije in Republike Srpske, je iz letala prineslo \u0161est srbskih vojakov.<\/p>\n<p dir=\"ltr\" lang=\"und\">Gra\u0111ani Srbije u Beogradu na putu od aerodroma do VMA, razvili su transparente &#8220;Dobro do\u0161ao ku\u0107i, generale&#8221; &#8220;Ratko Mladi\u0107, srpski heroj&#8221;, &#8220;Junaci nikad ne umiru&#8221;&#8230; Kadrovi koji lome srpsku du\u0161u! <a href=\"https:\/\/x.com\/hashtag\/ratkomladic?src=hash&amp;ref_src=twsrc%5Etfw\" rel=\"nofollow\">#ratkomladic<\/a> <a href=\"https:\/\/x.com\/hashtag\/informer?src=hash&amp;ref_src=twsrc%5Etfw\" rel=\"nofollow\">#informer<\/a> <a href=\"https:\/\/t.co\/bsCakwr0Du\" rel=\"nofollow\">pic.twitter.com\/bsCakwr0Du<\/a><\/p>\n<p>\u2014 Informer (@InformerNovine) <a href=\"https:\/\/x.com\/InformerNovine\/status\/2095554520327557139?ref_src=twsrc%5Etfw\" rel=\"nofollow\">September 3, 2026<\/a><\/p>\n<p>\u010ceprav je pravosodni minister Nenad Vuji\u0107 dan po Mladi\u010devi smrti napovedal pokop z &#8220;najvi\u0161jimi dr\u017eavnimi in voja\u0161kimi po\u010dastitvami&#8221;, kon\u010dni uradni status pogreba ostaja negotov. Srbski predsednik Aleksandar Vu\u010di\u0107 je izjavil, da je kon\u010dna odlo\u010ditev o organizaciji v rokah dru\u017eine, dr\u017eava pa bo zagotovila logistiko in varnost.<\/p>\n<p>Ratko Mladi\u0107 je bil med vojno v Bosni in Hercegovini glavni poveljnik vojske Republike Srpske. Haa\u0161ko sodi\u0161\u010de ga je leta 2017 obsodilo na dosmrtni zapor, sodba pa je postala pravnomo\u010dna leta 2021. Obsojen je bil za genocid v Srebrenici, kjer je bilo julija 1995 ubitih ve\u010d kot 8000 bo\u0161nja\u0161kih mo\u0161kih in de\u010dkov, ter za zlo\u010dine med ve\u010dletnim obleganjem Sarajeva in preganjanje nesrbskega prebivalstva.<\/p>\n<p>Zdru\u017eeni narodi in Evropska unija so po njegovi smrti znova opozorili na nesprejemljivost veli\u010danja pravnomo\u010dno obsojenih vojnih zlo\u010dincev<\/p>\n<p>                                            <script async src=\"https:\/\/platform.twitter.com\/widgets.js\" charset=\"utf-8\"><\/script><\/p>\n","protected":false},"excerpt":{"rendered":"V\u010deraj malo pred 18.00 je na beograjskem letali\u0161\u010du pristalo letalo, ki je iz Haaga v Srbijo pripeljalo posmrtne&hellip;\n","protected":false},"author":2,"featured_media":215260,"comment_status":"","ping_status":"","sticky":false,"template":"","format":"standard","meta":{"footnotes":"","_share_on_mastodon":"0"},"categories":[8],"tags":[24420,3829,19584,37,38,780,64,63],"class_list":["post-215259","post","type-post","status-publish","format-standard","has-post-thumbnail","category-svet","tag-posmrtni-ostanki","tag-prevoz","tag-ratko-mladic","tag-slovene","tag-slovenscina","tag-srbija","tag-svet","tag-world"],"share_on_mastodon":{"url":"https:\/\/pubeurope.com\/@si\/117212023508102364","error":""},"_links":{"self":[{"href":"https:\/\/www.europesays.com\/si\/wp-json\/wp\/v2\/posts\/215259","targetHints":{"allow":["GET"]}}],"collection":[{"href":"https:\/\/www.europesays.com\/si\/wp-json\/wp\/v2\/posts"}],"about":[{"href":"https:\/\/www.europesays.com\/si\/wp-json\/wp\/v2\/types\/post"}],"author":[{"embeddable":true,"href":"https:\/\/www.europesays.com\/si\/wp-json\/wp\/v2\/users\/2"}],"replies":[{"embeddable":true,"href":"https:\/\/www.europesays.com\/si\/wp-json\/wp\/v2\/comments?post=215259"}],"version-history":[{"count":0,"href":"https:\/\/www.europesays.com\/si\/wp-json\/wp\/v2\/posts\/215259\/revisions"}],"wp:featuredmedia":[{"embeddable":true,"href":"https:\/\/www.europesays.com\/si\/wp-json\/wp\/v2\/media\/215260"}],"wp:attachment":[{"href":"https:\/\/www.europesays.com\/si\/wp-json\/wp\/v2\/media?parent=215259"}],"wp:term":[{"taxonomy":"category","embeddable":true,"href":"https:\/\/www.europesays.com\/si\/wp-json\/wp\/v2\/categories?post=215259"},{"taxonomy":"post_tag","embeddable":true,"href":"https:\/\/www.europesays.com\/si\/wp-json\/wp\/v2\/tags?post=215259"}],"curies":[{"name":"wp","href":"https:\/\/api.w.org\/{rel}","templated":true}]}}