{"id":215287,"date":"2026-09-04T09:38:09","date_gmt":"2026-09-04T09:38:09","guid":{"rendered":"https:\/\/www.europesays.com\/si\/215287\/"},"modified":"2026-09-04T09:38:09","modified_gmt":"2026-09-04T09:38:09","slug":"izraelski-zunanji-minister-peljejo-ga-lahko-mimo-plecnikovega-stadiona","status":"publish","type":"post","link":"https:\/\/www.europesays.com\/si\/215287\/","title":{"rendered":"Izraelski zunanji minister \u2013 peljejo ga lahko mimo Ple\u010dnikovega stadiona"},"content":{"rendered":"<p>Verjetno ne gre\u0161imo preve\u010d, \u010de napovemo, da se bo Gideon Sar v Ljubljani ustavil na vsaj dveh lokacijah. V vladni pala\u010di na Gregor\u010di\u010devi ulici 20 in na sede\u017eu novega izraelskega veleposlani\u0161tva na Dimi\u010devi ulici. Od ene do druge stavbe se lahko peljejo mimo Ple\u010dnikovega stadiona, kjer so domobranci 20. aprila 1944 dvignili desnice in pod poveljstvom generala Leona Rupnika zaprisegli Adolfu Hitlerju in tretjemu rajhu.<\/p>\n<p>In \u010de bo v avtomobilu ob njem sedel Janez Jan\u0161a, bo lahko Gideonu Saru kar sam razlo\u017eil, kaj se je v \u010dasu najhuj\u0161ega \u00bbantisemitskega izpada\u00ab v zgodovini dogajalo na Slovenskem.<\/p>\n","protected":false},"excerpt":{"rendered":"Verjetno ne gre\u0161imo preve\u010d, \u010de napovemo, da se bo Gideon Sar v Ljubljani ustavil na vsaj dveh lokacijah.&hellip;\n","protected":false},"author":2,"featured_media":215288,"comment_status":"","ping_status":"","sticky":false,"template":"","format":"standard","meta":{"footnotes":"","_share_on_mastodon":"0"},"categories":[20],"tags":[3984,500,4812,32983,32,28822,2006,6450,51,35,31,34,36,4039,10815,37,38,30824,33,13055],"class_list":["post-215287","post","type-post","status-publish","format-standard","has-post-thumbnail","category-novice","tag-bliznji-vzhod","tag-eu","tag-gaza","tag-gideon-sar","tag-headlines","tag-itamar-ben-gvir","tag-izrael","tag-izrael-in-palestina","tag-janez-jansa","tag-najpomembnejse-novice","tag-news","tag-novice","tag-osrednje-novice","tag-palestina","tag-palestinci","tag-slovene","tag-slovenscina","tag-tone-kajzer","tag-top-stories","tag-zahodni-breg"],"share_on_mastodon":{"url":"https:\/\/pubeurope.com\/@si\/117212106255433255","error":""},"_links":{"self":[{"href":"https:\/\/www.europesays.com\/si\/wp-json\/wp\/v2\/posts\/215287","targetHints":{"allow":["GET"]}}],"collection":[{"href":"https:\/\/www.europesays.com\/si\/wp-json\/wp\/v2\/posts"}],"about":[{"href":"https:\/\/www.europesays.com\/si\/wp-json\/wp\/v2\/types\/post"}],"author":[{"embeddable":true,"href":"https:\/\/www.europesays.com\/si\/wp-json\/wp\/v2\/users\/2"}],"replies":[{"embeddable":true,"href":"https:\/\/www.europesays.com\/si\/wp-json\/wp\/v2\/comments?post=215287"}],"version-history":[{"count":0,"href":"https:\/\/www.europesays.com\/si\/wp-json\/wp\/v2\/posts\/215287\/revisions"}],"wp:featuredmedia":[{"embeddable":true,"href":"https:\/\/www.europesays.com\/si\/wp-json\/wp\/v2\/media\/215288"}],"wp:attachment":[{"href":"https:\/\/www.europesays.com\/si\/wp-json\/wp\/v2\/media?parent=215287"}],"wp:term":[{"taxonomy":"category","embeddable":true,"href":"https:\/\/www.europesays.com\/si\/wp-json\/wp\/v2\/categories?post=215287"},{"taxonomy":"post_tag","embeddable":true,"href":"https:\/\/www.europesays.com\/si\/wp-json\/wp\/v2\/tags?post=215287"}],"curies":[{"name":"wp","href":"https:\/\/api.w.org\/{rel}","templated":true}]}}