{"id":215313,"date":"2026-09-04T09:59:09","date_gmt":"2026-09-04T09:59:09","guid":{"rendered":"https:\/\/www.europesays.com\/si\/215313\/"},"modified":"2026-09-04T09:59:09","modified_gmt":"2026-09-04T09:59:09","slug":"zelezniske-proge-na-jesenicah-bodo-vec-kot-dva-meseca-zaprte","status":"publish","type":"post","link":"https:\/\/www.europesays.com\/si\/215313\/","title":{"rendered":"\u017delezni\u0161ke proge na Jesenicah bodo ve\u010d kot dva meseca zaprte"},"content":{"rendered":"<p class=\"wp-block-paragraph\">Zaradi nadgradnje \u017eelezni\u0161kega vozli\u0161\u010da Jesenice bo od 5. septembra do 12. novembra 2026 popolnoma zaprta regionalna proga med Jesenicami in Vintgarjem.\u00a0<\/p>\n<p class=\"wp-block-paragraph\">Od 25. septembra do 12. novembra bo zaprta tudi glavna proga na odseku Lesce Bled-Jesenice-dr\u017eavna meja. Za potnike bodo organizirani nadomestni avtobusni prevozi.<\/p>\n<p class=\"wp-block-paragraph\">V tem \u010dasu bo potekala druga faza obse\u017ene nadgradnje vozli\u0161\u010da, med drugim gradnja novih tirov in kretnic, elektrifikacija tirov, ureditev signalnovarnostnih naprav ter dela na podhodih, podvozu Podme\u017eakla in postajnem poslopju. Uredili bodo tudi povezavo prek saniranega jeklenega mostu, ki bo omogo\u010dila ponovno vzpostavitev \u017eelezni\u0161ke povezave z Avstrijo.<\/p>\n<p class=\"wp-block-paragraph\">Po koncu zapor bo \u017eelezni\u0161ki promet z Jesenic ponovno vzpostavljen v vseh treh smereh \u2013 proti Ljubljani, Se\u017eani in Avstriji.<\/p>\n","protected":false},"excerpt":{"rendered":"Zaradi nadgradnje \u017eelezni\u0161kega vozli\u0161\u010da Jesenice bo od 5. septembra do 12. novembra 2026 popolnoma zaprta regionalna proga med&hellip;\n","protected":false},"author":2,"featured_media":215314,"comment_status":"","ping_status":"","sticky":false,"template":"","format":"standard","meta":{"footnotes":"","_share_on_mastodon":"0"},"categories":[29],"tags":[360,865,431,204,827,62,37,58,60,38,4525,587],"class_list":["post-215313","post","type-post","status-publish","format-standard","has-post-thumbnail","category-jesenice","tag-avstrija","tag-gradnja","tag-infrastruktura","tag-jesenice","tag-promet","tag-si","tag-slovene","tag-slovenia","tag-slovenija","tag-slovenscina","tag-sz","tag-zeleznica"],"share_on_mastodon":{"url":"https:\/\/pubeurope.com\/@si\/117212188918143610","error":""},"_links":{"self":[{"href":"https:\/\/www.europesays.com\/si\/wp-json\/wp\/v2\/posts\/215313","targetHints":{"allow":["GET"]}}],"collection":[{"href":"https:\/\/www.europesays.com\/si\/wp-json\/wp\/v2\/posts"}],"about":[{"href":"https:\/\/www.europesays.com\/si\/wp-json\/wp\/v2\/types\/post"}],"author":[{"embeddable":true,"href":"https:\/\/www.europesays.com\/si\/wp-json\/wp\/v2\/users\/2"}],"replies":[{"embeddable":true,"href":"https:\/\/www.europesays.com\/si\/wp-json\/wp\/v2\/comments?post=215313"}],"version-history":[{"count":0,"href":"https:\/\/www.europesays.com\/si\/wp-json\/wp\/v2\/posts\/215313\/revisions"}],"wp:featuredmedia":[{"embeddable":true,"href":"https:\/\/www.europesays.com\/si\/wp-json\/wp\/v2\/media\/215314"}],"wp:attachment":[{"href":"https:\/\/www.europesays.com\/si\/wp-json\/wp\/v2\/media?parent=215313"}],"wp:term":[{"taxonomy":"category","embeddable":true,"href":"https:\/\/www.europesays.com\/si\/wp-json\/wp\/v2\/categories?post=215313"},{"taxonomy":"post_tag","embeddable":true,"href":"https:\/\/www.europesays.com\/si\/wp-json\/wp\/v2\/tags?post=215313"}],"curies":[{"name":"wp","href":"https:\/\/api.w.org\/{rel}","templated":true}]}}