{"id":215323,"date":"2026-09-04T10:08:09","date_gmt":"2026-09-04T10:08:09","guid":{"rendered":"https:\/\/www.europesays.com\/si\/215323\/"},"modified":"2026-09-04T10:08:09","modified_gmt":"2026-09-04T10:08:09","slug":"jan-oblak-zasluzi-najvec-na-svetu","status":"publish","type":"post","link":"https:\/\/www.europesays.com\/si\/215323\/","title":{"rendered":"Jan Oblak zaslu\u017ei najve\u010d na svetu!"},"content":{"rendered":"<p>V \u0160paniji se lahko po uvodnih treh krogih la lige s stoodstotnim izkupi\u010dkom pohvalita le dva kluba. To sta branilka naslova Barcelona in njen ve\u010dni rival madridski Real, ki ga \u017ee danes \u010daka zahtevno gostovanje pri Betisu v Sevilli. Blizu vrha je tudi Atletico Madrid. Klub Jana Oblaka je osvojil sedem to\u010dk in zaseda visoko tretje mesto, \u0160kofjelo\u010dan pa se lahko pohvali z nazivom najbolje pla\u010danega vratarja na svetu. Kapetan slovenske reprezentance na leto zaslu\u017ei okrog deset milijonov evrov, z vrha svetovne lestvice vratarskih zaslu\u017ekarjev pa je pahnil izku\u0161enega Nemca Manuela Neuerja.<\/p>\n<p>Slovenski nogomet je lahko \u0161e kako ponosen na Jana Oblaka. Dolgoletni kapetan slovenske reprezentance in prvi vratar madridskega Atletica je v karieri poskrbel za ogromno prese\u017ekov in mejnikov, od pred kratkim pa se lahko pohvali \u0161e z nazivom najbolje pla\u010danega \u010duvaja mre\u017ee na svetu.<\/p>\n<p>Njegova tedenska bruto pla\u010da zna\u0161a 400 tiso\u010d evrov, letna bruto pla\u010da pa slabih 21 milijonov evrov. Je na samem vrhu pla\u010dilne liste Atletica, ko pa se od\u0161tejejo davki, se njegova pla\u010da razpolovi. Na leto tako zaslu\u017ei okrog deset milijonov evrov. Z Atleticom, pri katerem ob odsotnosti Kokeja nosi kapetanski trak, ga pogodba ve\u017ee do 30. junija 2028. Je simbol in ljubljenec navija\u010dev Atletica, pri katerem vztraja vse od leta 2014.<\/p>\n<p><img decoding=\"async\" alt=\"\u0160e v prej\u0161nji sezoni je bil najbolje pla\u010dani vratar na svetu Manuel Neuer. | Foto: Reuters\" class=\"article_content__inline_image js_imageLightbox is-clickable\" data-author=\"Reuters\" data-caption=\"\u0160e v prej\u0161nji sezoni je bil najbolje pla\u010dani vratar na svetu Manuel Neuer.\" data-height=\"1648\" data-href=\"https:\/\/siol.net\/media\/img\/72\/65\/3aeff6dd929f9f7691c0-bayern-munchen-manuel-neuer.jpeg\" data-width=\"2300\" loading=\"lazy\" src=\"\/media\/img\/94\/53\/d1790ac3f61c2f1bbfe2-bayern-munchen-manuel-neuer.jpeg\" title=\"Bayern M\u00fcnchen Manuel Neuer\"\/><\/p>\n<p> \u0160e v prej\u0161nji sezoni je bil najbolje pla\u010dani vratar na svetu Manuel Neuer.<br \/>\n Foto: Reuters <\/p>\n<p>Oblak na lestvici najve\u010djih zaslu\u017ekarjev na svetu med vratarji \u0161e pred kratkim ni bil na vodilnem polo\u017eaju, a se je po tem, ko je Bayern zni\u017eal prejemke 40-letnemu kapetanu Manuelu Neuerju, povzpel na vrh. Tako je razbrati iz podatkov Capology, vodilne spletne podatkovne baze, specializirane za pla\u010de, pogodbe in finan\u010dno poslovanje nogometnih klubov po vsem svetu.<\/p>\n<p>Kar zadeva\u00a0tedensko\u00a0bruto pla\u010do, je na drugem mestu svetovne lestvice Nemec Marc-Andre ter Stegen, ki ga je Barcelona posodila Ajaxu, s 316 tiso\u010d evri\u00a0na teden. Krepko ve\u010dino pla\u010de, kar 90 odstotkov, mu pla\u010dajo Katalonci. Tretji je Italijan Gianluigi Donnarumma (Manchester City) s tedensko bruto pla\u010do v vrednosti 308 tiso\u010d evrov. \u010cetrti je \u017ee omenjeni Nemec Manuel Neuer (Bayern) z okrog 290 tiso\u010d evri, peti pa Belgijec Thibaut Courtois (Real Madrid) s skoraj 287 tiso\u010d evri.<\/p>\n<p>Mourinho \u0161e zadnji\u010d pred \u010dustveno tekmo proti Interju<\/p>\n<p><img decoding=\"async\" alt=\"Kylian Mbappe je v imenitni strelski formi. | Foto: Reuters\" class=\"article_content__inline_image js_imageLightbox is-clickable\" data-author=\"Reuters\" data-caption=\"Kylian Mbappe je v imenitni strelski formi.\" data-height=\"2797\" data-href=\"https:\/\/siol.net\/media\/img\/9a\/4d\/c3a7a6330b6919460b5f-kylian-mbappe-real-madrid.jpeg\" data-width=\"4076\" loading=\"lazy\" src=\"\/media\/img\/8e\/3d\/a37fadb26be1af243509-kylian-mbappe-real-madrid.jpeg\" title=\"Kylian Mbappe, Real Madrid\"\/><\/p>\n<p> Kylian Mbappe je v imenitni strelski formi.<br \/>\n Foto: Reuters <\/p>\n<p>Izku\u0161eni vratar Reala bo v 4. krogu \u0161panskega prvenstva na delu \u017ee danes, ko bo gostoval pri Betisu v Sevilli. Na stadionu Cartuja se obeta dvoboj dveh udele\u017eencev lige prvakov, trener gostov Jose Mourinho pa bo sku\u0161al zadr\u017eati popoln to\u010dkovni izkupi\u010dek po vrnitvi na vro\u010di stol\u010dek belih baletnikov. Morda bo prvi\u010d v tej sezoni od prve minute v belem dresu zaigral mladi afri\u0161ki zvezdnik Yan Diomande, ki ga je Real poleti kupil od Leipziga.<\/p>\n<p>Madrid\u010dane \u010daka naporen teden, saj se bodo \u017ee v torek pomerili z milanskim Interjem, ki ga je Mourinho pred 16 leti spektakularno popeljal do trojne krone. Tako bo zanimivo videti, ali bo Portugalec v Andaluziji spo\u010dil katerega izmed najve\u010djih asov v napadu (Kylian Mbappe, Jude Bellingham in Vinicius Jr.). V torek bo v Evropi dejaven tudi Betis. Odpravlja se v Francijo na gostovanje k Lillu.<\/p>\n<p>Oblak v Bilbau, nato ga \u010daka spektakel na Otoku<\/p>\n<p><img decoding=\"async\" alt=\"Alex Baena je na za\u010detku sezone prvi strelec madridskega Atletica. | Foto: Reuters\" class=\"article_content__inline_image js_imageLightbox is-clickable\" data-author=\"Reuters\" data-caption=\"Alex Baena je na za\u010detku sezone prvi strelec madridskega Atletica.\" data-height=\"1964\" data-href=\"https:\/\/siol.net\/media\/img\/fd\/b6\/4f638f95afde304fcf3a-alex-baena.jpeg\" data-width=\"2971\" loading=\"lazy\" src=\"\/media\/img\/d7\/5f\/effe2440c3bc971455f3-alex-baena.jpeg\" title=\"Alex Baena\"\/><\/p>\n<p> Alex Baena je na za\u010detku sezone prvi strelec madridskega Atletica.<br \/>\n Foto: Reuters <\/p>\n<p>Oblakov Atletico bo ob\u00a0sobotnem spektaklu \u0161panskega prvenstva na zahtevnem delu v Bilbau, kjer bo gostoval pri baskovskem &#8220;soimenjaku&#8221;\u00a0Athleticu. Simeonejeva \u010deta bo v uvodnem dejanju lige prvakov dejavna v sredo, ko bo gostovala na Anfieldu pri Liverpoolu.<\/p>\n<p>Atletico \u017eeli nadaljevati uspe\u0161en vstop v sezono. Zanj nastopa tudi Argentinec Julian Alvarez, \u010deprav to poletje ni skrival \u017eelje, da bi se preselil na Camp Nou k Barceloni. Atletico mu ni uresni\u010dil \u017eelje, tako da je Alvarez ostal na Metropolitanu, kjer mu navija\u010di niso ve\u010d naklonjeni. V tej sezoni je odigral le 24 minut, strelsko pa pri Atleticu najbolj blesti aktualni svetovni prvak Alex Baena. Dosegel je tri zadetke. Ve\u010d od njega sta jih v tej sezoni v la ligi dosegla le Brazilec Raphinha (Barcelona \u2013 5) in Francoz Kylian Mbappe (Real \u2013 4).<\/p>\n<p><img decoding=\"async\" alt=\"Barcelono v nedeljo \u010daka vro\u010de gostovanje na Mestalli. | Foto: Reuters\" class=\"article_content__inline_image js_imageLightbox is-clickable\" data-author=\"Reuters\" data-caption=\"Barcelono v nedeljo \u010daka vro\u010de gostovanje na Mestalli.\" data-height=\"3586\" data-href=\"https:\/\/siol.net\/media\/img\/2c\/42\/2cb61014d3bb52a75bb9-raphinha-barcelona.jpeg\" data-width=\"5179\" loading=\"lazy\" src=\"\/media\/img\/5b\/f7\/c1b1f40d96313b671442-raphinha-barcelona.jpeg\" title=\"Raphinha, Barcelona\"\/><\/p>\n<p> Barcelono v nedeljo \u010daka vro\u010de gostovanje na Mestalli.<br \/>\n Foto: Reuters <\/p>\n<p>V goste se v 4. krogu \u0161panskega prvenstva podaja tudi vodilna Barcelona. Branilce naslova v nedeljo na Mestalli, ki se po\u010dasi poslavlja z nogometnega zemljevida, saj v drugem delu Valencie \u017ee gradijo nov stadion, \u010daka obra\u010dun z netopirji. \u010cetrti krog la lige bo z dvema tekmama sklenjen v ponedeljek.<\/p>\n<p>\u0160pansko prvenstvo, 4. krog:<\/p>\n<p>Petek, 4. september:<\/p>\n<p>Sobota, 5. september:<\/p>\n<p>Nedelja, 6. september:<\/p>\n<p>Ponedeljek, 7. september:<\/p>\n<p>Lestvica<\/p>\n<p>Najbolj\u0161i strelci:<\/p>\n<p>5\u00a0\u2013 Raphinha (Barcelona)<br \/>4\u00a0&#8211;\u00a0Mbappe (Real Madrid)<br \/>3\u00a0\u2013 Aubameyang (Dep. A Coruna), Baena (Atletico Madrid), Camello (Rayo Valecano),\u00a0Fermin (Barcelona),\u00a0Fernandez Jaen (Espanyol), Zabiri (Racing Santander)<br \/>&#8230;<\/p>\n<p>\u00a0<\/p>\n","protected":false},"excerpt":{"rendered":"V \u0160paniji se lahko po uvodnih treh krogih la lige s stoodstotnim izkupi\u010dkom pohvalita le dva kluba. To&hellip;\n","protected":false},"author":2,"featured_media":215324,"comment_status":"","ping_status":"","sticky":false,"template":"","format":"standard","meta":{"footnotes":"","_share_on_mastodon":"0"},"categories":[16],"tags":[6000,900,898,901,25080,897,899,62,37,58,60,38,896,94,93,26531,41],"class_list":["post-215323","post","type-post","status-publish","format-standard","has-post-thumbnail","category-sport","tag-athletic-bilbao","tag-atletico-madrid","tag-barcelona","tag-jan-oblak","tag-jose-mourinho","tag-la-liga","tag-real-madrid","tag-si","tag-slovene","tag-slovenia","tag-slovenija","tag-slovenscina","tag-spansko-prvenstvo","tag-sport","tag-sports","tag-thibaut-courtois","tag-tuja-nogometna-prvenstva"],"share_on_mastodon":{"url":"https:\/\/pubeurope.com\/@si\/117212224641085442","error":""},"_links":{"self":[{"href":"https:\/\/www.europesays.com\/si\/wp-json\/wp\/v2\/posts\/215323","targetHints":{"allow":["GET"]}}],"collection":[{"href":"https:\/\/www.europesays.com\/si\/wp-json\/wp\/v2\/posts"}],"about":[{"href":"https:\/\/www.europesays.com\/si\/wp-json\/wp\/v2\/types\/post"}],"author":[{"embeddable":true,"href":"https:\/\/www.europesays.com\/si\/wp-json\/wp\/v2\/users\/2"}],"replies":[{"embeddable":true,"href":"https:\/\/www.europesays.com\/si\/wp-json\/wp\/v2\/comments?post=215323"}],"version-history":[{"count":0,"href":"https:\/\/www.europesays.com\/si\/wp-json\/wp\/v2\/posts\/215323\/revisions"}],"wp:featuredmedia":[{"embeddable":true,"href":"https:\/\/www.europesays.com\/si\/wp-json\/wp\/v2\/media\/215324"}],"wp:attachment":[{"href":"https:\/\/www.europesays.com\/si\/wp-json\/wp\/v2\/media?parent=215323"}],"wp:term":[{"taxonomy":"category","embeddable":true,"href":"https:\/\/www.europesays.com\/si\/wp-json\/wp\/v2\/categories?post=215323"},{"taxonomy":"post_tag","embeddable":true,"href":"https:\/\/www.europesays.com\/si\/wp-json\/wp\/v2\/tags?post=215323"}],"curies":[{"name":"wp","href":"https:\/\/api.w.org\/{rel}","templated":true}]}}