{"id":215331,"date":"2026-09-04T10:14:15","date_gmt":"2026-09-04T10:14:15","guid":{"rendered":"https:\/\/www.europesays.com\/si\/215331\/"},"modified":"2026-09-04T10:14:15","modified_gmt":"2026-09-04T10:14:15","slug":"dojemanja-dogajanja-v-gazi-temeljijo-na-neresnicah-teorijah-zarot-in-pripovedih","status":"publish","type":"post","link":"https:\/\/www.europesays.com\/si\/215331\/","title":{"rendered":"Dojemanja dogajanja v Gazi, temeljijo na neresnicah, teorijah zarot in pripovedih"},"content":{"rendered":"<p>Nova izraelska veleposlanica v Sloveniji Ruth Cohen Dar ob za\u010detku mandata izpostavlja, da so odnosi med dr\u017eavama ponovno odprti in dialog vzpostavljen, medtem ko je bil odnos s prej\u0161njo vlado po njenem \u00bbzahteven\u00ab in brez komunikacije.<\/p>\n<p>V nadaljevanju preberite:<\/p>\n<p>Nova izraelska veleposlanica je poudarila, da so se odnosi med dr\u017eavama po menjavi vlade znova odprli, medtem ko je bil odnos s prej\u0161njo vlado zahteven.<br \/>\nKritike o izraelskem vplivu na volitve pri nas zavra\u010da in opozarja na \u00bbjasno antisemitski diskurz\u00ab v delu pretekle retorike.<br \/>\nO o\u010ditkih genocida v Gazi pa pravi, da temeljijo na \u00bbneresnicah in propagandi\u00ab, ter vztraja, da Izrael zgolj brani svoje prebivalstvo.<\/p>\n<p>Nova in tudi prva reziden\u010dna izraelska veleposlanica v Sloveniji Ruth Cohen Dar, ki bo z delom v Ljubljani uradno za\u010dela prihodnji teden, je v pogovoru za 24UR komentirala odnos med Izraelom in Slovenijo.\u00a0<\/p>\n<p>Nova veleposlanica se je preselila\u00a0v dr\u017eavo, na \u010delu katere je predsednica dr\u017eave, ki je izraelska dejanja v Gazi jasno in glasno ozna\u010dila za genocid.<\/p>\n<p>Na vpra\u0161anje o odnosu med dr\u017eavama je dejala, da Izrael Slovenijo vidi kot prijateljsko dr\u017eavo, pri \u010demer so se odnosi z aktualno vlado po njenem znova odprli, medtem ko je bil odnos s prej\u0161njo vlado Roberta Goloba\u00a0&#8220;zahteven&#8221;\u00a0in brez dialoga, je povedala.\u00a0<\/p>\n<p>Kritike o izraelskem vplivu v slovenski politiki zavra\u010da ter opozarja, da je bila retorika nekaterih predstavnikov prej\u0161nje vlade po njenem mnenju &#8220;jasno obarvana z antisemitskim diskurzom&#8221;.\u00a0<\/p>\n<p>Neresnice, teorije zarot in prepovedi<\/p>\n<p>Na vpra\u0161anje o ozna\u010devanju izraelskih dejanj v Gazi kot genocid je odgovorila. &#8220;\u0160tevilna dojemanja tega, kar se dogaja v Gazi, temeljijo na neresnicah, teorijah zarot in pripovedih, ki jih u\u010dinkovito \u0161irijo na\u0161i sovra\u017eniki, predvsem Hamas in njegovi podporniki.&#8221;\u00a0Pri tem vztraja, da Izrael deluje izklju\u010dno v za\u0161\u010diti svojega prebivalstva in brani pravico do obstoja, njena naloga pa je, kot pravi, &#8220;posredovati dejstva s terena&#8221;\u00a0ter vzpostavljati dialog o zapletenih razmerah na Bli\u017enjem vzhodu.<\/p>\n<p>Zavrnila je\u00a0razumevanje Izraela kot agresorja in poudarila, da je bil Izrael napaden: &#8220;Napadel nas je Hamas in mi se branimo. Mimogrede, ni nas napadel samo Hamas. Napadla sta nas Hamas in Hezbolah na severu, pridru\u017eili so se jim Hutiji iz Jemna, s katerimi nimamo ni\u010desar, ter Iranci. To je bil del ognjenega obro\u010da, ki ga je Iran zgradil okoli Izraela. Napadeni smo bili&#8221;<\/p>\n<p>Ob tem je opozorila, da je bilo izraelsko civilno prebivalstvo tedne pod raketnimi napadi, zato po njenem polo\u017eaja ni mogo\u010de razumeti kot \u010drno-belega. Na vpra\u0161anje, ali je izraelska vlada storila kak\u0161no napako, je odgovorila, da vsa njena dejanja izhajajo iz cilja za\u0161\u010dite civilistov, ter spomnila na umik Izraela iz Gaze leta 2005 in raketne napade, ki so sledili: &#8220;Te vojne nismo izbrali mi.&#8221;<\/p>\n<p>Kot klju\u010dni cilj Izraela je izpostavila razoro\u017eitev Hamasa in demilitarizacijo Gaze, saj Hamas po njenih besedah &#8220;povsem odkrito govori, da \u017eeli Izrael izbrisati&#8221;. Dokler je Hamas oboro\u017een in nadzoruje Gazo, po njenem ni mogo\u010de govoriti o sobivanju ali obnovi palestinskega \u017eivljenja.<\/p>\n<p>Re\u0161itev dveh dr\u017eav se ji zdi trenutno &#8220;zelo dale\u010d&#8221;, saj je najprej treba prebroditi \u00bbzelo te\u017eke razmere\u00ab in vzpostaviti pogoje za dialog.<\/p>\n<p>Ob odprtju izraelskega veleposlani\u0161tva v Ljubljani napoveduje prihod ministra Gideona Saara in velike poslovne delegacije, s \u010dimer \u017eeli Izrael, kot pravi, pokazati, da je &#8220;odprt za sodelovanje in iskanje vrednosti za obe dru\u017ebi&#8221;.<\/p>\n<p><a href=\"https:\/\/www.zurnal24.si\/slovenija\/mailto:dezurni@styria-media.si\" rel=\"nofollow noopener\" target=\"_blank\">dezurni@styria-media.si<\/a><\/p>\n","protected":false},"excerpt":{"rendered":"Nova izraelska veleposlanica v Sloveniji Ruth Cohen Dar ob za\u010detku mandata izpostavlja, da so odnosi med dr\u017eavama ponovno&hellip;\n","protected":false},"author":2,"featured_media":215332,"comment_status":"","ping_status":"","sticky":false,"template":"","format":"standard","meta":{"footnotes":"","_share_on_mastodon":"0"},"categories":[20],"tags":[4812,32,595,2006,35,31,34,36,37,38,33,7443],"class_list":["post-215331","post","type-post","status-publish","format-standard","has-post-thumbnail","category-novice","tag-gaza","tag-headlines","tag-intervju","tag-izrael","tag-najpomembnejse-novice","tag-news","tag-novice","tag-osrednje-novice","tag-slovene","tag-slovenscina","tag-top-stories","tag-veleposlanica"],"share_on_mastodon":{"url":"https:\/\/pubeurope.com\/@si\/117212248011938719","error":""},"_links":{"self":[{"href":"https:\/\/www.europesays.com\/si\/wp-json\/wp\/v2\/posts\/215331","targetHints":{"allow":["GET"]}}],"collection":[{"href":"https:\/\/www.europesays.com\/si\/wp-json\/wp\/v2\/posts"}],"about":[{"href":"https:\/\/www.europesays.com\/si\/wp-json\/wp\/v2\/types\/post"}],"author":[{"embeddable":true,"href":"https:\/\/www.europesays.com\/si\/wp-json\/wp\/v2\/users\/2"}],"replies":[{"embeddable":true,"href":"https:\/\/www.europesays.com\/si\/wp-json\/wp\/v2\/comments?post=215331"}],"version-history":[{"count":0,"href":"https:\/\/www.europesays.com\/si\/wp-json\/wp\/v2\/posts\/215331\/revisions"}],"wp:featuredmedia":[{"embeddable":true,"href":"https:\/\/www.europesays.com\/si\/wp-json\/wp\/v2\/media\/215332"}],"wp:attachment":[{"href":"https:\/\/www.europesays.com\/si\/wp-json\/wp\/v2\/media?parent=215331"}],"wp:term":[{"taxonomy":"category","embeddable":true,"href":"https:\/\/www.europesays.com\/si\/wp-json\/wp\/v2\/categories?post=215331"},{"taxonomy":"post_tag","embeddable":true,"href":"https:\/\/www.europesays.com\/si\/wp-json\/wp\/v2\/tags?post=215331"}],"curies":[{"name":"wp","href":"https:\/\/api.w.org\/{rel}","templated":true}]}}