{"id":215351,"date":"2026-09-04T10:30:09","date_gmt":"2026-09-04T10:30:09","guid":{"rendered":"https:\/\/www.europesays.com\/si\/215351\/"},"modified":"2026-09-04T10:30:09","modified_gmt":"2026-09-04T10:30:09","slug":"v-novigradu-nasli-mrtvega-slovenca-52","status":"publish","type":"post","link":"https:\/\/www.europesays.com\/si\/215351\/","title":{"rendered":"V Novigradu na\u0161li mrtvega Slovenca (52)"},"content":{"rendered":"<p>V\u010deraj v jutranjih urah so\u00a0v stanovanju na Ulici gradskih vrata v Novigradu na\u0161li mrtvega\u00a052-letnega\u00a0slovenskega dr\u017eavljana, navaja Glas Istre.\u00a0<\/p>\n<p>Vzrok smrti za zdaj \u0161e ni znan<\/p>\n<p>Policisti so na kraju dogodka opravili ogled, pristojni dr\u017eavni to\u017eilec pa je za ugotovitev natan\u010dnega vzroka smrti odredil obdukcijo trupla.\u00a0Drugih podrobnosti policija za zdaj ni sporo\u010dila.<\/p>\n","protected":false},"excerpt":{"rendered":"V\u010deraj v jutranjih urah so\u00a0v stanovanju na Ulici gradskih vrata v Novigradu na\u0161li mrtvega\u00a052-letnega\u00a0slovenskega dr\u017eavljana, navaja Glas Istre.\u00a0&hellip;\n","protected":false},"author":2,"featured_media":215352,"comment_status":"","ping_status":"","sticky":false,"template":"","format":"standard","meta":{"footnotes":"","_share_on_mastodon":"0"},"categories":[8],"tags":[27930,326,37,13912,38,584,64,3660,63],"class_list":["post-215351","post","type-post","status-publish","format-standard","has-post-thumbnail","category-svet","tag-novigrad","tag-policija","tag-slovene","tag-slovenec","tag-slovenscina","tag-smrt","tag-svet","tag-truplo","tag-world"],"share_on_mastodon":{"url":"https:\/\/pubeurope.com\/@si\/117212310693809109","error":""},"_links":{"self":[{"href":"https:\/\/www.europesays.com\/si\/wp-json\/wp\/v2\/posts\/215351","targetHints":{"allow":["GET"]}}],"collection":[{"href":"https:\/\/www.europesays.com\/si\/wp-json\/wp\/v2\/posts"}],"about":[{"href":"https:\/\/www.europesays.com\/si\/wp-json\/wp\/v2\/types\/post"}],"author":[{"embeddable":true,"href":"https:\/\/www.europesays.com\/si\/wp-json\/wp\/v2\/users\/2"}],"replies":[{"embeddable":true,"href":"https:\/\/www.europesays.com\/si\/wp-json\/wp\/v2\/comments?post=215351"}],"version-history":[{"count":0,"href":"https:\/\/www.europesays.com\/si\/wp-json\/wp\/v2\/posts\/215351\/revisions"}],"wp:featuredmedia":[{"embeddable":true,"href":"https:\/\/www.europesays.com\/si\/wp-json\/wp\/v2\/media\/215352"}],"wp:attachment":[{"href":"https:\/\/www.europesays.com\/si\/wp-json\/wp\/v2\/media?parent=215351"}],"wp:term":[{"taxonomy":"category","embeddable":true,"href":"https:\/\/www.europesays.com\/si\/wp-json\/wp\/v2\/categories?post=215351"},{"taxonomy":"post_tag","embeddable":true,"href":"https:\/\/www.europesays.com\/si\/wp-json\/wp\/v2\/tags?post=215351"}],"curies":[{"name":"wp","href":"https:\/\/api.w.org\/{rel}","templated":true}]}}