{"id":215355,"date":"2026-09-04T10:32:12","date_gmt":"2026-09-04T10:32:12","guid":{"rendered":"https:\/\/www.europesays.com\/si\/215355\/"},"modified":"2026-09-04T10:32:12","modified_gmt":"2026-09-04T10:32:12","slug":"vrocini-bo-prihodnji-teden-odklenkalo-slovenijo-caka-mocna-ohladitev-in-do-50-mm-dezja","status":"publish","type":"post","link":"https:\/\/www.europesays.com\/si\/215355\/","title":{"rendered":"Vro\u010dini bo prihodnji teden odklenkalo, Slovenijo \u010daka mo\u010dna ohladitev in do 50 mm de\u017eja"},"content":{"rendered":"<p>Od prihodnje srede se vam bo \u0161e po\u0161teno kolcalo za rekordno vro\u010dim poletjem. \u00bbDosegla nas bo kar relativno izrazita hladna fronta in prinesla ohladitev, hkrati pa tudi te\u017eko pri\u010dakovane padavine,\u00ab je v\u010deraj napovedala meteorologinja Katja Kozjek Mihelec. \u00bbPredvidevamo, da bo padlo tam od 20 pa do 50 mm de\u017eja in da bodo padavine razporejene po vsej dr\u017eavi,\u00ab je dodala in \u0161e, da se bodo temperature v drugi polovici prihodnjega tedna gibale le malo nad 23 stopinj Celzija. Do takrat se \u0161e lahko nau\u017eijemo sonca in dnevnih temperatur do 33 stopinj Celzija.<\/p>\n<p>Leto\u0161nje poletje si bodo najbolj zapomnili kmetje, saj jim je su\u0161a oklestila pridelek. \u00bbO prvih znakih su\u0161e v povr\u0161inskem sloju smo zaradi slabe zimske zaloge govorili \u017ee januarja,\u00ab je pojasnila agrometeorologija Andreja Su\u0161nik. Vse skupaj je poslab\u0161alo \u0161e vro\u010de poletje, ko so se v marsikateri regiji pri\u017egali tudi rde\u010di su\u0161omerni alarmi. \u00bbTo je bila posledica sovpadanja ekstremne vro\u010dine, to se pravi vro\u010dinskih valov, ki je skupaj z neprimerno razporeditvijo padavin povzro\u010dila veliko izhlapevanje iz tal in iz rastlin.\u00ab Po besedah Su\u0161nikove se bo leto\u0161nja su\u0161a po svoji intenziteti uvrstila med izjemne, saj je bila tudi \u00bbnajobse\u017enej\u0161a, najintenzivnej\u0161a, kar se izra\u017ea v gospodarski \u0161kodi v kmetijstvu\u00ab.<\/p>\n<p><img decoding=\"async\" class=\"article__img-tag-visible\" src=\"https:\/\/www.europesays.com\/si\/wp-content\/uploads\/2026\/09\/3716350.width-660.format-webp.webp\" alt=\"Najbolj so obupavali kmetje. FOTO: Leon Vidic\" img_id=\"11787931\" data-img-id=\"11787931\"\/><\/p>\n<p>Najbolj so obupavali kmetje. FOTO: Leon Vidic<\/p>\n<p>2,8 stopinje celzija\u00a0toplej\u0161e je bilo leto\u0161nje poletje.<\/p>\n<p>Leto\u0161nje nizkovodne razmere na povr\u0161inskih vodah lahko po besedah hidrologa Janeza Polajnarja uvrstimo nekam med tri do \u0161tiri najbolj intenzivne v zadnjih 45 letih, su\u0161ne razmere na podzemnih vodah pa na \u0161esto mesto v zadnjih 45 letih. Na nekaterih rekah v Pomurju so dosegli temperaturne rekorde, to je prek 31 stopinj Celzija. \u00bbTudi Blejsko in Bohinjsko jezero sta 30. junija dosegla svoj temperaturni rekord, okrog 28 stopinj Celzija. Prav tako tudi morje istega dneva, 30,2 stopinje Celzija,\u00ab je nanizal Polajnar in poudaril, da na morju kljub temu nismo presegli absolutnega rekorda pri temperaturi vode. To je 31,1 stopinje Celzija iz leta 2010. Za izbolj\u0161anje nizkovodnih razmer v podzemnih vodah bi potrebovali kar precej ve\u010d padavin, kot smo jih bili dele\u017eni pred dnevi. V primeru, da bo leto\u0161nje jesensko de\u017eevje tak\u0161no, kot se spodobi za ta letni \u010das, bi se po napovedih Polajnarja nivoji podzemnih voda na obi\u010dajno raven dvignili nekje do konca tega leta.<\/p>\n<p>Dva izrazito dolga vro\u010dinska valova<\/p>\n<p>In za koliko je bilo leto\u0161nje rekordno vro\u010de poletje toplej\u0161e v primerjavi z dolgoletnim povpre\u010djem med letoma 1991 in 2020? \u00bbZa pribli\u017eno 2,8 stopinje Celzija,\u00ab je odgovoril klimatolog Gregor Verta\u010dnik in dodal, da je bilo s tem nekoliko toplej\u0161e od prej rekordno vro\u010dih poletij 2003 in 2024. \u00bbPoletje sta najbolj zaznamovala dva izrazito dolga vro\u010dinska valova, in sicer je bil prvi konec junija, ko smo 29. junija izmerili tudi nov slovenski rekord za junij. To je bilo pod Nanosom 38,7 stopinje Celzija,\u00ab je spomnil.<\/p>\n<p><img decoding=\"async\" class=\"article__img-tag-visible\" src=\"https:\/\/www.europesays.com\/si\/wp-content\/uploads\/2026\/09\/3716354.width-660.format-webp.webp\" alt=\"\u0160tevilni pridelki so bili uni\u010deni. foto: Dejan Javornik\" img_id=\"11787941\" data-img-id=\"11787941\"\/><\/p>\n<p>\u0160tevilni pridelki so bili uni\u010deni. foto: Dejan Javornik<\/p>\n<p>Po kraj\u0161i ohladitvi je v drugi polovici julija sledil drugi vro\u010dinski val, ki je bil najmo\u010dnej\u0161i v tem poletju in je trajal do sredine avgusta. \u00bbV tem vro\u010dinskem valu je bilo na nekaterih merilnih mestih kar devet ali celo deset dni zapored nad 35 stopinj Celzija, in to je bilo rekordno. Tudi samo trajanje celotnega vro\u010dinskega vala, ki je bilo ponekod 20 ali 21 dni, je bilo rekordno za \u0161tevilne dele Slovenije.\u00ab<\/p>\n<p>\u010cetudi so ponekod po dr\u017eavi izmerili 40 stopinj Celzija \u2013 2. avgusta na postaji Koper Markovec 40,1 stopinje Celzija \u2013, pa v leto\u0161njem poletju temperaturnega rekorda nismo dosegli. \u00bbAbsolutni rekord \u0161e vedno ostaja 40,8 stopinje Celzija, izmerjen je bil pa 8. avgusta 2013 na letali\u0161\u010du Cerklje ob Krki.\u00ab\u00a0<\/p>\n<p>Blejsko in Bohinjsko jezero sta 30. junija dosegla svoj temperaturni rekord.<\/p>\n","protected":false},"excerpt":{"rendered":"Od prihodnje srede se vam bo \u0161e po\u0161teno kolcalo za rekordno vro\u010dim poletjem. \u00bbDosegla nas bo kar relativno&hellip;\n","protected":false},"author":2,"featured_media":215356,"comment_status":"","ping_status":"","sticky":false,"template":"","format":"standard","meta":{"footnotes":"","_share_on_mastodon":"0"},"categories":[20],"tags":[1994,10593,32,52493,35,31,34,10210,36,983,7187,37,60,38,4742,33,374,1995,1105,23232],"class_list":["post-215355","post","type-post","status-publish","format-standard","has-post-thumbnail","category-novice","tag-arso","tag-dez","tag-headlines","tag-katja-kozjek-mihelec","tag-najpomembnejse-novice","tag-news","tag-novice","tag-ohladitev","tag-osrednje-novice","tag-padavine","tag-poletje","tag-slovene","tag-slovenija","tag-slovenscina","tag-temperature","tag-top-stories","tag-vreme","tag-vremenska-napoved","tag-vrocina","tag-vrocinski-val"],"share_on_mastodon":{"url":"https:\/\/pubeurope.com\/@si\/117212318719060371","error":""},"_links":{"self":[{"href":"https:\/\/www.europesays.com\/si\/wp-json\/wp\/v2\/posts\/215355","targetHints":{"allow":["GET"]}}],"collection":[{"href":"https:\/\/www.europesays.com\/si\/wp-json\/wp\/v2\/posts"}],"about":[{"href":"https:\/\/www.europesays.com\/si\/wp-json\/wp\/v2\/types\/post"}],"author":[{"embeddable":true,"href":"https:\/\/www.europesays.com\/si\/wp-json\/wp\/v2\/users\/2"}],"replies":[{"embeddable":true,"href":"https:\/\/www.europesays.com\/si\/wp-json\/wp\/v2\/comments?post=215355"}],"version-history":[{"count":0,"href":"https:\/\/www.europesays.com\/si\/wp-json\/wp\/v2\/posts\/215355\/revisions"}],"wp:featuredmedia":[{"embeddable":true,"href":"https:\/\/www.europesays.com\/si\/wp-json\/wp\/v2\/media\/215356"}],"wp:attachment":[{"href":"https:\/\/www.europesays.com\/si\/wp-json\/wp\/v2\/media?parent=215355"}],"wp:term":[{"taxonomy":"category","embeddable":true,"href":"https:\/\/www.europesays.com\/si\/wp-json\/wp\/v2\/categories?post=215355"},{"taxonomy":"post_tag","embeddable":true,"href":"https:\/\/www.europesays.com\/si\/wp-json\/wp\/v2\/tags?post=215355"}],"curies":[{"name":"wp","href":"https:\/\/api.w.org\/{rel}","templated":true}]}}