{"id":215409,"date":"2026-09-04T11:08:12","date_gmt":"2026-09-04T11:08:12","guid":{"rendered":"https:\/\/www.europesays.com\/si\/215409\/"},"modified":"2026-09-04T11:08:12","modified_gmt":"2026-09-04T11:08:12","slug":"ameriski-raketni-napad-na-porocno-slavje-v-iranu","status":"publish","type":"post","link":"https:\/\/www.europesays.com\/si\/215409\/","title":{"rendered":"Ameri\u0161ki raketni napad na poro\u010dno slavje v Iranu"},"content":{"rendered":"<p>ZDA preiskujejo poro\u010dila o ameri\u0161kem raketnem napadu na poro\u010dno slavje v Iranu, v katerem naj bi umrli \u0161tirje ljudje, je v \u010detrtek sporo\u010dil ameri\u0161ki podpredsednik JD Vance. Kot je dejal na novinarski konferenci v Beli hi\u0161i, iranski dr\u017eavni mediji o konfliktu z ZDA do zdaj niso poro\u010dali zanesljivo, zato je skepti\u010den do novice o napadu na poroki.<\/p>\n<p>Podobno kot \u017ee prej ameri\u0161ka vojska je tudi Vance poudaril, da ZDA v nasprotju z iransko revolucionarno gardo ne napadajo civilistov. &#8220;Tega nikoli ne bomo storili. Tega \u0161e nikoli nismo storili. \u017dal pa se seveda v\u010dasih kaj zgodi,&#8221; je dejal po poro\u010danju tujih tiskovnih agencij.<\/p>\n<p>&#8220;To preiskujemo, ker nam je seveda pomembno,&#8221; je \u0161e povedal. Dodal je, da se ameri\u0161ka vojska v nasprotju z iransko u\u010di na svojih napakah.<\/p>\n<p>ZDA: Kon\u010dali smo \u0161e en val napadov na Iran\u00a0<\/p>\n<p>Ameri\u0161ka vojska je v torek sporo\u010dila, da je kon\u010dala \u0161e en val napadov na Iran, tar\u010da katerih so bili voja\u0161ki objekti iranskih oboro\u017eenih sil.<\/p>\n<p>Humanitarna organizacija Iransko dru\u0161tvo Rde\u010dega polmeseca (IRCS) je zatem navedla, da so v torek \u0161rapneli iz rakete zadeli poro\u010dno slovesnost v hi\u0161i v Siriku na jugu Irana. Pri tem so po njihovih navedbah umrli najmanj \u0161tirje ljudje, 67 jih je bilo ranjenih. Iranski dr\u017eavni mediji so poro\u010dali, da je kmalu zatem v bolni\u0161nici umrl\u00a0\u0161e peti \u010dlovek. Tiskovni predstavnik iranskega zunanjega ministrstva Esmail Bagej\u00a0je napad ozna\u010dil za vojni zlo\u010din.<\/p>\n","protected":false},"excerpt":{"rendered":"ZDA preiskujejo poro\u010dila o ameri\u0161kem raketnem napadu na poro\u010dno slavje v Iranu, v katerem naj bi umrli \u0161tirje&hellip;\n","protected":false},"author":2,"featured_media":215410,"comment_status":"","ping_status":"","sticky":false,"template":"","format":"standard","meta":{"footnotes":"","_share_on_mastodon":"0"},"categories":[20],"tags":[32,333,35,529,31,34,36,3680,6539,37,38,33],"class_list":["post-215409","post","type-post","status-publish","format-standard","has-post-thumbnail","category-novice","tag-headlines","tag-iran","tag-najpomembnejse-novice","tag-napad","tag-news","tag-novice","tag-osrednje-novice","tag-poroka","tag-raketa","tag-slovene","tag-slovenscina","tag-top-stories"],"share_on_mastodon":{"url":"https:\/\/pubeurope.com\/@si\/117212460344615178","error":""},"_links":{"self":[{"href":"https:\/\/www.europesays.com\/si\/wp-json\/wp\/v2\/posts\/215409","targetHints":{"allow":["GET"]}}],"collection":[{"href":"https:\/\/www.europesays.com\/si\/wp-json\/wp\/v2\/posts"}],"about":[{"href":"https:\/\/www.europesays.com\/si\/wp-json\/wp\/v2\/types\/post"}],"author":[{"embeddable":true,"href":"https:\/\/www.europesays.com\/si\/wp-json\/wp\/v2\/users\/2"}],"replies":[{"embeddable":true,"href":"https:\/\/www.europesays.com\/si\/wp-json\/wp\/v2\/comments?post=215409"}],"version-history":[{"count":0,"href":"https:\/\/www.europesays.com\/si\/wp-json\/wp\/v2\/posts\/215409\/revisions"}],"wp:featuredmedia":[{"embeddable":true,"href":"https:\/\/www.europesays.com\/si\/wp-json\/wp\/v2\/media\/215410"}],"wp:attachment":[{"href":"https:\/\/www.europesays.com\/si\/wp-json\/wp\/v2\/media?parent=215409"}],"wp:term":[{"taxonomy":"category","embeddable":true,"href":"https:\/\/www.europesays.com\/si\/wp-json\/wp\/v2\/categories?post=215409"},{"taxonomy":"post_tag","embeddable":true,"href":"https:\/\/www.europesays.com\/si\/wp-json\/wp\/v2\/tags?post=215409"}],"curies":[{"name":"wp","href":"https:\/\/api.w.org\/{rel}","templated":true}]}}