{"id":215435,"date":"2026-09-04T11:26:10","date_gmt":"2026-09-04T11:26:10","guid":{"rendered":"https:\/\/www.europesays.com\/si\/215435\/"},"modified":"2026-09-04T11:26:10","modified_gmt":"2026-09-04T11:26:10","slug":"brezpilotni-letalnik-s-preletom-ogrozal-helikopter-na-heliportu-ukc-ja-ljubljana","status":"publish","type":"post","link":"https:\/\/www.europesays.com\/si\/215435\/","title":{"rendered":"Brezpilotni letalnik s preletom ogro\u017eal helikopter na heliportu UKC-ja Ljubljana"},"content":{"rendered":"<p>\t\t\t\t\t\t\t\t<a href=\"https:\/\/www.europesays.com\/si\/wp-content\/uploads\/2026\/09\/65646779.jpg\" itemprop=\"contentUrl\" data-size=\"1200x800\" data-large=\"https:\/\/www.europesays.com\/si\/wp-content\/uploads\/2026\/09\/65646779.jpg\"><br \/>\n\t\t\t\t\t\t\t\t\t<img decoding=\"async\" src=\"https:\/\/www.europesays.com\/si\/wp-content\/uploads\/2026\/09\/65646779.jpg\" title=\"Heliport Ljubljana. (Slika je simboli\u010dna.) Foto: BoBo\" alt=\"Heliport Ljubljana. (Slika je simboli\u010dna.) Foto: BoBo\"\/><br \/>\n\t\t\t\t\t\t\t\t<\/a><\/p>\n<p>\t\t\t\t\t\t\t\t\tHeliport Ljubljana. (Slika je simboli\u010dna.) Foto: BoBo<\/p>\n<p>\t\t\t\t\t\t\t<a id=\"preferredSourceBanner\" href=\"https:\/\/www.rtvslo.si\/crna-kronika\/brezpilotni-letalnik-s-preletom-ogrozal-helikopter-na-heliportu-ukc-ja-ljubljana\/javascript:void(0)\" target=\"_blank\" class=\"d-none align-items-center justify-content-between rounded my-3\" style=\"padding: 10px 15px;\" rel=\"nofollow noopener\"><br \/>\n\t\t\t\t\t\t<img decoding=\"async\" src=\"https:\/\/img.rtvslo.si\/_static\/novi\/img\/ico-google.svg\" class=\"flex-shrink-0 mr-3\" aria-hidden=\"true\"\/><br \/>\n\t\t\t\t\t\tSpremljajte RTVSLO.si kot prednostni vir na Google<\/p>\n<p>\t\t\t\t\t<\/a><\/p>\n<p>Po podatkih UKC-ja Ljubljana se je incident zgodil v \u010dasu, ko je helikopter zaklju\u010deval intervencijsko nalogo.<\/p>\n<p>&#8220;Podobnih incidentov z letalniki je na obmo\u010dju heliporta nekaj na leto. Gre za ravnanja, ki so \u0161e posebej nevarna v \u010dasu, ko na heliportu te\u010de prilet ali odlet helikopterja med akcijo re\u0161evanja. Vsi nedovoljeni leti v zra\u010dnem prostoru heliporta so tudi kaznivi,&#8221; so pojasnili v UKC-ju Ljubljana.<\/p>\n<p>Dogodek je Slu\u017eba korporativne varnosti UKC-ja Ljubljana prijavila pristojni Agenciji za civilno letalstvo (CAA) in policiji. V UKC-ju Ljubljana \u0161e opozarjajo, da je nevarno in nedovoljeno tudi usmerjanje laserja v posadke helikopterja med poletom.<\/p>\n<p>Na Policijski upravi Ljubljana so za STA pojasnili, da tako v primeru marca kot tudi v zadnjem primeru 23. avgusta &#8220;upravljavca nista bila izsledena&#8221;. Dodali so, da bi v primeru izsleditve storilca policija zbrala vsa potreba obvestila in dokaze, predlog za uvedbo postopka pa bi podali Agenciji za civilno letalstvo. <\/p>\n<p>Oglas<\/p>\n","protected":false},"excerpt":{"rendered":"Heliport Ljubljana. (Slika je simboli\u010dna.) Foto: BoBo Spremljajte RTVSLO.si kot prednostni vir na Google Po podatkih UKC-ja Ljubljana&hellip;\n","protected":false},"author":2,"featured_media":215436,"comment_status":"","ping_status":"","sticky":false,"template":"","format":"standard","meta":{"footnotes":"","_share_on_mastodon":"0"},"categories":[20],"tags":[15495,30091,32,703,46109,52597,35,31,34,36,37,38,33],"class_list":["post-215435","post","type-post","status-publish","format-standard","has-post-thumbnail","category-novice","tag-brezpilotni-letalnik","tag-civilno-letalstvo","tag-headlines","tag-helikopter","tag-heliport","tag-intervencijska-naloga","tag-najpomembnejse-novice","tag-news","tag-novice","tag-osrednje-novice","tag-slovene","tag-slovenscina","tag-top-stories"],"share_on_mastodon":{"url":"https:\/\/pubeurope.com\/@si\/117212531368049303","error":""},"_links":{"self":[{"href":"https:\/\/www.europesays.com\/si\/wp-json\/wp\/v2\/posts\/215435","targetHints":{"allow":["GET"]}}],"collection":[{"href":"https:\/\/www.europesays.com\/si\/wp-json\/wp\/v2\/posts"}],"about":[{"href":"https:\/\/www.europesays.com\/si\/wp-json\/wp\/v2\/types\/post"}],"author":[{"embeddable":true,"href":"https:\/\/www.europesays.com\/si\/wp-json\/wp\/v2\/users\/2"}],"replies":[{"embeddable":true,"href":"https:\/\/www.europesays.com\/si\/wp-json\/wp\/v2\/comments?post=215435"}],"version-history":[{"count":0,"href":"https:\/\/www.europesays.com\/si\/wp-json\/wp\/v2\/posts\/215435\/revisions"}],"wp:featuredmedia":[{"embeddable":true,"href":"https:\/\/www.europesays.com\/si\/wp-json\/wp\/v2\/media\/215436"}],"wp:attachment":[{"href":"https:\/\/www.europesays.com\/si\/wp-json\/wp\/v2\/media?parent=215435"}],"wp:term":[{"taxonomy":"category","embeddable":true,"href":"https:\/\/www.europesays.com\/si\/wp-json\/wp\/v2\/categories?post=215435"},{"taxonomy":"post_tag","embeddable":true,"href":"https:\/\/www.europesays.com\/si\/wp-json\/wp\/v2\/tags?post=215435"}],"curies":[{"name":"wp","href":"https:\/\/api.w.org\/{rel}","templated":true}]}}