{"id":215451,"date":"2026-09-04T11:42:12","date_gmt":"2026-09-04T11:42:12","guid":{"rendered":"https:\/\/www.europesays.com\/si\/215451\/"},"modified":"2026-09-04T11:42:12","modified_gmt":"2026-09-04T11:42:12","slug":"novigrad-v-stanovanju-nasli-truplo-52-letnega-slovenca","status":"publish","type":"post","link":"https:\/\/www.europesays.com\/si\/215451\/","title":{"rendered":"Novigrad: v stanovanju na\u0161li truplo 52-letnega Slovenca"},"content":{"rendered":"<p>    <img decoding=\"async\" data-lb-desktop=\"\/media\/2026\/09\/04\/860560\/Orig-por1-1200.webp\" data-lb-mobile=\"\/media\/2026\/09\/04\/860560\/Orig-por1-600.webp\" class=\"main-gallery-image se_image_lb\" src=\"https:\/\/www.europesays.com\/si\/wp-content\/uploads\/2026\/09\/Wide-por1-1000.webp\" alt=\"V Filipinih pri Pore\u010du so v dru\u017einski hi\u0161i v \u010detrtek odkrili trupla treh oseb. \"\/><\/p>\n<p>Vzrok smrti bo znan po obdukciji. Fotografija je simboli\u010dna: Pixsell<\/p>\n<p>Novigrad: v stanovanju na\u0161li truplo 52-letnega Slovenca<\/p>\n<p>V Novigradu v hrva\u0161ki Istri so v \u010detrtek zjutraj na\u0161li mrtvega 52-letnega slovenskega dr\u017eavljana, je danes sporo\u010dila istrska policija. Vzrok smrti bo pokazala obdukcija.<\/p>\n<p>                        04. 09. 2026, 11.47\n                    <\/p>\n<p> sta, tak\n                    <\/p>\n<p>                        <a href=\"https:\/\/google.com\/preferences\/source?q=dnevnik.si\" class=\"se-author-gps-cta\" target=\"_blank\" rel=\"nofollow noopener\"><br \/>\n                            <img decoding=\"async\" class=\"se-author-gps-cta-badge\" src=\"https:\/\/www.europesays.com\/si\/wp-content\/uploads\/2026\/09\/1788522132_180_dnevnik_gps_badge.png\" alt=\"Google Preferred Sources CTA\"\/><br \/>\n                        <\/a><\/p>\n","protected":false},"excerpt":{"rendered":"Vzrok smrti bo znan po obdukciji. Fotografija je simboli\u010dna: Pixsell Novigrad: v stanovanju na\u0161li truplo 52-letnega Slovenca V&hellip;\n","protected":false},"author":2,"featured_media":215452,"comment_status":"","ping_status":"","sticky":false,"template":"","format":"standard","meta":{"footnotes":"","_share_on_mastodon":"0"},"categories":[8],"tags":[27930,16026,37,38,52599,64,63],"class_list":["post-215451","post","type-post","status-publish","format-standard","has-post-thumbnail","category-svet","tag-novigrad","tag-obdukcija","tag-slovene","tag-slovenscina","tag-smrt-slovenca-na-hrvaskem","tag-svet","tag-world"],"share_on_mastodon":{"url":"https:\/\/pubeurope.com\/@si\/117212594315900039","error":""},"_links":{"self":[{"href":"https:\/\/www.europesays.com\/si\/wp-json\/wp\/v2\/posts\/215451","targetHints":{"allow":["GET"]}}],"collection":[{"href":"https:\/\/www.europesays.com\/si\/wp-json\/wp\/v2\/posts"}],"about":[{"href":"https:\/\/www.europesays.com\/si\/wp-json\/wp\/v2\/types\/post"}],"author":[{"embeddable":true,"href":"https:\/\/www.europesays.com\/si\/wp-json\/wp\/v2\/users\/2"}],"replies":[{"embeddable":true,"href":"https:\/\/www.europesays.com\/si\/wp-json\/wp\/v2\/comments?post=215451"}],"version-history":[{"count":0,"href":"https:\/\/www.europesays.com\/si\/wp-json\/wp\/v2\/posts\/215451\/revisions"}],"wp:featuredmedia":[{"embeddable":true,"href":"https:\/\/www.europesays.com\/si\/wp-json\/wp\/v2\/media\/215452"}],"wp:attachment":[{"href":"https:\/\/www.europesays.com\/si\/wp-json\/wp\/v2\/media?parent=215451"}],"wp:term":[{"taxonomy":"category","embeddable":true,"href":"https:\/\/www.europesays.com\/si\/wp-json\/wp\/v2\/categories?post=215451"},{"taxonomy":"post_tag","embeddable":true,"href":"https:\/\/www.europesays.com\/si\/wp-json\/wp\/v2\/tags?post=215451"}],"curies":[{"name":"wp","href":"https:\/\/api.w.org\/{rel}","templated":true}]}}