{"id":215467,"date":"2026-09-04T11:54:12","date_gmt":"2026-09-04T11:54:12","guid":{"rendered":"https:\/\/www.europesays.com\/si\/215467\/"},"modified":"2026-09-04T11:54:12","modified_gmt":"2026-09-04T11:54:12","slug":"kaj-se-je-dogajalo-nad-heliportom-ukc-ljubljana-incident-je-sprozil-alarm","status":"publish","type":"post","link":"https:\/\/www.europesays.com\/si\/215467\/","title":{"rendered":"Kaj se je dogajalo nad heliportom UKC Ljubljana? Incident je spro\u017eil alarm"},"content":{"rendered":"<p><a href=\"https:\/\/slovenskenovice.delo.si\/tag\/ukc-ljubljana\" target=\"_blank\" rel=\"nofollow noopener\">V zra\u010dno obmo\u010dje heliporta Univerzitetnega klini\u010dnega centra (UKC) Ljubljana<\/a> je med eno od intervencij avgusta dvakrat posegel srednje velik dron. S tem je ogro\u017eal helikopter, ki je zaklju\u010deval intervencijo, in tudi heliport, so sporo\u010dili iz UKC Ljubljana. Podobnih incidentov z droni je po njihovih navedbah na obmo\u010dju heliporta nekaj na leto.<\/p>\n<p>Kaj se je zgodilo na nebu nad UKC?\u00a0<\/p>\n<p>Ve\u010d o incidentu z dronom oz. brezpilotnim zrakoplovom ter o nevarnosti takega po\u010detja bodo na UKC Ljubljana pojasnili v torkovi izjavi za javnost, kjer bodo predstavili tudi ukrepe, ki jih na\u010drtujejo. \u00bbGre za ravnanja, ki so \u0161e posebej nevarna v \u010dasu, ko na heliportu te\u010de prilet ali odlet helikopterja med akcijo re\u0161evanja. Vsi nedovoljeni leti v zra\u010dnem prostoru heliporta so tudi kaznivi,\u00ab so pojasnili v vabilu na torkovo izjavo. Kot so navedli, so dogodek prijavili pristojni Agenciji za civilno letalstvo in policiji. Pojasnila policije STA \u0161e \u010daka. Na UKC Ljubljana so ob tem opozorili \u0161e, da je nevarno in nedovoljeno tudi usmerjanje laserja v posadke helikopterja med letom.<\/p>\n","protected":false},"excerpt":{"rendered":"V zra\u010dno obmo\u010dje heliporta Univerzitetnega klini\u010dnega centra (UKC) Ljubljana je med eno od intervencij avgusta dvakrat posegel srednje&hellip;\n","protected":false},"author":2,"featured_media":215468,"comment_status":"","ping_status":"","sticky":false,"template":"","format":"standard","meta":{"footnotes":"","_share_on_mastodon":"0"},"categories":[21],"tags":[52601,4010,703,46109,813,124,5752,326,1591,62,37,58,60,38,4391,15701,6031],"class_list":["post-215467","post","type-post","status-publish","format-standard","has-post-thumbnail","category-ljubljana","tag-brezpilotni-zrakoplov","tag-dron","tag-helikopter","tag-heliport","tag-incident","tag-ljubljana","tag-nevarnost","tag-policija","tag-resevanje","tag-si","tag-slovene","tag-slovenia","tag-slovenija","tag-slovenscina","tag-ukc-ljubljana","tag-univerzitetni-klinicni-center-ljubljana","tag-zracni-prostor"],"share_on_mastodon":{"url":"https:\/\/pubeurope.com\/@si\/117212640917768067","error":""},"_links":{"self":[{"href":"https:\/\/www.europesays.com\/si\/wp-json\/wp\/v2\/posts\/215467","targetHints":{"allow":["GET"]}}],"collection":[{"href":"https:\/\/www.europesays.com\/si\/wp-json\/wp\/v2\/posts"}],"about":[{"href":"https:\/\/www.europesays.com\/si\/wp-json\/wp\/v2\/types\/post"}],"author":[{"embeddable":true,"href":"https:\/\/www.europesays.com\/si\/wp-json\/wp\/v2\/users\/2"}],"replies":[{"embeddable":true,"href":"https:\/\/www.europesays.com\/si\/wp-json\/wp\/v2\/comments?post=215467"}],"version-history":[{"count":0,"href":"https:\/\/www.europesays.com\/si\/wp-json\/wp\/v2\/posts\/215467\/revisions"}],"wp:featuredmedia":[{"embeddable":true,"href":"https:\/\/www.europesays.com\/si\/wp-json\/wp\/v2\/media\/215468"}],"wp:attachment":[{"href":"https:\/\/www.europesays.com\/si\/wp-json\/wp\/v2\/media?parent=215467"}],"wp:term":[{"taxonomy":"category","embeddable":true,"href":"https:\/\/www.europesays.com\/si\/wp-json\/wp\/v2\/categories?post=215467"},{"taxonomy":"post_tag","embeddable":true,"href":"https:\/\/www.europesays.com\/si\/wp-json\/wp\/v2\/tags?post=215467"}],"curies":[{"name":"wp","href":"https:\/\/api.w.org\/{rel}","templated":true}]}}