{"id":215471,"date":"2026-09-04T12:00:14","date_gmt":"2026-09-04T12:00:14","guid":{"rendered":"https:\/\/www.europesays.com\/si\/215471\/"},"modified":"2026-09-04T12:00:14","modified_gmt":"2026-09-04T12:00:14","slug":"v-srbiji-padle-se-zadnje-maske-svet-sokiran-nad-prizori-iz-beograda-ljudje-slavijo-vojnega-zlocinca","status":"publish","type":"post","link":"https:\/\/www.europesays.com\/si\/215471\/","title":{"rendered":"V Srbiji padle \u0161e zadnje maske: svet \u0161okiran nad prizori iz Beograda, ljudje slavijo vojnega zlo\u010dinca"},"content":{"rendered":"<p>    <img decoding=\"async\" data-lb-desktop=\"\/media\/2026\/09\/04\/860610\/Orig-Serbia_Mladic__4211--25b39-1200.webp\" data-lb-mobile=\"\/media\/2026\/09\/04\/860610\/Orig-Serbia_Mladic__4211--25b39-600.webp\" class=\"main-gallery-image se_image_lb\" src=\"https:\/\/www.europesays.com\/si\/wp-content\/uploads\/2026\/09\/Wide-Serbia_Mladic__4211--25b39-1000.webp\" alt=\"Cars pass under a pedestrian bridge with a banner on it reading: &quot;Eternal glory, General! (former Bosnian Serb wartime general Ratko Mladic)&quot; in Belgrade, Serbia, Thursday, Sept. 3, 2026. (AP Photo\/Darko Vojinovic)\"\/><\/p>\n<p>Na nadvozih nad avtocesto so viseli transparenti z napisi. Foto: AP<\/p>\n<p>V Srbiji padle \u0161e zadnje maske: svet \u0161okiran nad prizori iz Beograda, ljudje slavijo vojnega zlo\u010dinca<\/p>\n<p>Truplo obsojenega vojnega zlo\u010dinca Ratka Mladi\u0107a, ki je 27. avgusta v 85. letu starosti umrl v Haagu, je v \u010detrtek z vladnim letalom Republike Srbije prispelo v Beograd, njegov prevoz v krsti pa se je spremenil v dr\u017eavni in medijski spektakel, v katerem krvnika \u010dastijo kot heroja.<\/p>\n<p>                        04. 09. 2026, 12.45\n                    <\/p>\n<p> rr\n                    <\/p>\n<p>                        <a href=\"https:\/\/google.com\/preferences\/source?q=dnevnik.si\" class=\"se-author-gps-cta\" target=\"_blank\" rel=\"nofollow noopener\"><br \/>\n                            <img decoding=\"async\" class=\"se-author-gps-cta-badge\" src=\"https:\/\/www.europesays.com\/si\/wp-content\/uploads\/2026\/09\/1788523213_274_dnevnik_gps_badge.png\" alt=\"Google Preferred Sources CTA\"\/><br \/>\n                        <\/a><\/p>\n<p>Ratka Mladi\u0107a je mednarodno sodi\u0161\u010de pravnomo\u010dno obsodilo na dosmrtni zapor zaradi genocida v Srebrenici, teroriziranja prebivalcev Sarajeva in najhuj\u0161ih vojnih zlo\u010dinov v BiH, v Srbiji pa se je njegov prevoz v krsti spremenil v dr\u017eavni in medijski spektakel, v katerem \u00a0krvnika \u010dastijo kot heroja.<\/p>\n<p>    <a class=\"se-card__wrap se-card--link\" href=\"https:\/\/www.dnevnik.si\/objektiv\/izguba-dela-zaradi-povelicevanja-mladica-2824230\/\" data-upscore-url=\"\" rel=\"nofollow noopener\" target=\"_blank\"><\/p>\n<p>        <img decoding=\"async\" class=\"se-image se-image--card\" src=\"https:\/\/www.europesays.com\/si\/wp-content\/uploads\/2026\/09\/Wide-PXL_211124_124412787-400.webp\" alt=\"20, November, 2024, Belgrade - The annual party of the magazine celebreties Hello!, Gloria and Story was held at the Hyatt Regency Hotel. Lidija Vukicevic. Photo: Antonio Ahel\/ATAImages20, novembar, 2024, Beograd - Godisnja zabava celebreties magazina Hello!, Gloria i Story odrzana je u hotelu Hyatt Regency. Photo: Antonio Ahel\/ATAImages Photo: Antonio Ahel\/ATAImages\/PIXSELL \/ Foto: Antonio Ahel\/ataimages\/pixsell\"\/><\/p>\n<p>Ljudje v objektivu<\/p>\n<p>Nogometa\u0161 in igralka ob delo zaradi poveli\u010devanja Mladi\u0107a<\/p>\n<p>    <\/a><\/p>\n<p>Kot poro\u010da Jutarnji, je bil let iz Haaga\u00a0po podatkih servisa Flightradar24 najbolj spremljan let na svetu, v dr\u017eavnem letalu pa se je ob sinu in vnukinji pokojnega zlo\u010dinca peljal\u00a0tudi srbski minister za pravosodje Nenad Vuji\u0107. Krsto\u00a0so na beograjskem letali\u0161\u010du Nikole\u00a0Tesle\u00a0prevzeli pripadniki Vojske Srbije in jo z odredbo pravosodnega ministra prepeljali na Vojnomedicinsko akademijo (VMA) zaradi obdukcije.<\/p>\n<p>Transparenti nad avtocesto<\/p>\n<p>Ob trasi, po kateri se je vila kolona vozil s policijskim spremstvom, je bilo opaziti ogromno ljudi. Na nadvozih nad avtocesto so viseli transparenti z napisi, kot sta &#8220;Vje\u010dna slava generale!&#8221; (Ve\u010dna slava, general) in &#8220;Dobro do\u0161ao ku\u0107i generale&#8221; (Dobrodo\u0161el doma, general), posnetki na dru\u017ebenih omre\u017ejih pa prikazujejo posameznike, kako ob cesti ob pri\u017eganih baklah pozdravljajo mimohod krste. Mimohodu s krsto \u00a0so salutirali tudi policisti.<\/p>\n<p lang=\"en\" dir=\"ltr\">A plane owned by the government of the Republic of Serbia today brought the body of war criminal Ratko Mladi\u0107 to Serbia.<\/p>\n<p>Mladi\u0107 is expected to be buried with full state and military honors. The Mladi\u0107 family will make the final decision on the exact time and place of burial.\u2026 <a href=\"https:\/\/t.co\/YcIPq7MMXk\" rel=\"nofollow\">pic.twitter.com\/YcIPq7MMXk<\/a><\/p>\n<p>\u2014 Daily Croatia \ud83c\udded\ud83c\uddf7 (@DailyCroatia) <a href=\"https:\/\/x.com\/DailyCroatia\/status\/2095559981235843349?ref_src=twsrc%5Etfw\" rel=\"nofollow\">September 3, 2026<\/a> <\/p>\n<p>Sprejem bo dosegel vrhunec s komemoracijo v soboto, 5. septembra, v Domu vojske v Beogradu, pokop na Top\u010diderskem pokopali\u0161\u010du pa bo v ponedeljek, 7. septembra. Predsednik Srbije Aleksandar Vu\u010di\u0107 je \u017ee napovedal, da varnostne slu\u017ebe pri\u010dakujejo udele\u017ebo ve\u010d deset tiso\u010d ljudi, in zagotovil vso dr\u017eavno podporo.<\/p>\n<p>    <a class=\"se-card__wrap se-card--link\" href=\"https:\/\/www.dnevnik.si\/novice\/svet\/letalo-s-posmrtnimi-ostanki-ratka-mladica-prispelo-v-srbijo-2825582\/\" data-upscore-url=\"\" rel=\"nofollow noopener\" target=\"_blank\"><\/p>\n<p>        <img decoding=\"async\" class=\"se-image se-image--card\" src=\"https:\/\/www.europesays.com\/si\/wp-content\/uploads\/2026\/09\/Wide-2026-09-03T171320Z_904976598_RC2TBNAT8006_RTRMADP_5_PEOPLE-RATKOMLADIC-400.webp\" alt=\"The aircraft carrying the body of Bosnian Serb Ratko Mladic, former general convicted of Bosnia genocide, lands from The Hague, in Belgrade, Serbia, September 3, 2026. REUTERS\/Zorana Jevtic\"\/><\/p>\n<p>vojni zlo\u010dinec<\/p>\n<p>Letalo s posmrtnimi ostanki Ratka Mladi\u0107a prispelo v Srbijo<\/p>\n<p>    <\/a><\/p>\n<p>Na dogodke se je odzval komisar Sveta Evrope za \u010dlovekove pravice Michael O&#8217;Flaherty ter izrazil globoko zgro\u017eenost nad dogajanjem v Srbiji in Republiki Srbski. O&#8217;Flaherty je poudaril, da poveli\u010devanje obsojenega vojnega zlo\u010dinca predstavlja \u017ealitev za \u017ertve, in pozval oblasti k takoj\u0161nji zaustavitvi tovrstnih ravnanj.<\/p>\n<p lang=\"en\" dir=\"ltr\">\ud83c\uddf7\ud83c\uddf8 The body of war criminal Ratko Mladic was received and transported with Serbia\u2019s highest state honors.<\/p>\n<p>Serbian soldiers and police officers saluted the former Serb general, who was convicted of genocide in Bosnia, as his body was transported.<\/p>\n<p>In Belgrade, citizens gathered\u2026 <a href=\"https:\/\/t.co\/pFjyKgkjLB\" rel=\"nofollow\">pic.twitter.com\/pFjyKgkjLB<\/a><\/p>\n<p>\u2014 kos_data (@kos_data) <a href=\"https:\/\/x.com\/kos_data\/status\/2095579651489828928?ref_src=twsrc%5Etfw\" rel=\"nofollow\">September 3, 2026<\/a> <\/p>\n<p>Medijski zasuk<\/p>\n<p>Posebno\u00a0groteskna je preobrazba beograjskih medijev. Medtem ko so se mediji sprva odzvali relativno zadr\u017eano, je vrnitev trupla popolnoma snela maske. Naslovnice dana\u0161njih \u010dasopisov v Srbiji odkrito slavijo arhitekta genocida: Informer kri\u010di z naslovnico \u00bb\u0110eneral kona\u010dno u Srbiji!\u00ab (General kon\u010dno v Srbiji) in obto\u017euje Haag sistemati\u010dnega mu\u010denja. Srbski Telegraf objavlja fotografije krste, ogrnjene v srbsko zastavo, z naslovom \u00bbSrbija do\u010dekala svog generala\u00ab\u00a0(Srbija do\u010dakala svojega generala). Tudi Kurir, Alo! ter celo tradicionalno umirjena Politika in Ve\u010dernje novosti dogodku namenjajo osrednji prostor in\u00a0 pi\u0161ejo o &#8220;skrunjenju ha\u0161kega sodi\u0161\u010da nad pokojnikom&#8221;.<\/p>\n<p lang=\"en\" dir=\"ltr\">Belgrade, Serbia <br \/>Police and citizens along the entire route salute the final tribute to Commander General Ratko Mladic <a href=\"https:\/\/t.co\/vNUjlC8JoR\" rel=\"nofollow\">pic.twitter.com\/vNUjlC8JoR<\/a><\/p>\n<p>\u2014 \ud835\udd4a\ud835\udd61\ud835\udd63\ud835\udd5a\ud835\udd5f\ud835\udd65\ud835\udd56\ud835\udd63 \ud835\udd7b\ud835\udd63\ud835\udd56\ud835\udd64\ud835\udd64 (@SprinterPress) <a href=\"https:\/\/x.com\/SprinterPress\/status\/2095602259757498457?ref_src=twsrc%5Etfw\" rel=\"nofollow\">September 3, 2026<\/a> <\/p>\n<p>Dejstvo, da se \u010dloveku, ki nosi odgovornost za najhuj\u0161e zlo\u010dine v Evropi po drugi svetovni vojni, organizira vladno letalo in se ga voja\u0161ko po\u010dasti, predstavlja nov tragi\u010den dokaz, da se dru\u017eba v Srbiji zavestno odpira soo\u010denju z lastno preteklostjo ter krvnika spreminja v narodnega mu\u010denika.<\/p>\n<p>        <script async src=\"https:\/\/platform.twitter.com\/widgets.js\" charset=\"utf-8\"><\/script><\/p>\n","protected":false},"excerpt":{"rendered":"Na nadvozih nad avtocesto so viseli transparenti z napisi. Foto: AP V Srbiji padle \u0161e zadnje maske: svet&hellip;\n","protected":false},"author":2,"featured_media":215472,"comment_status":"","ping_status":"","sticky":false,"template":"","format":"standard","meta":{"footnotes":"","_share_on_mastodon":"0"},"categories":[8],"tags":[8745,10034,3583,23484,27947,52602,19584,37,38,780,10998,64,5805,63],"class_list":["post-215471","post","type-post","status-publish","format-standard","has-post-thumbnail","category-svet","tag-clovekove-pravice","tag-genocid","tag-haag","tag-komemoracija","tag-medijski-spektakel","tag-povelicevanje-zlocincev","tag-ratko-mladic","tag-slovene","tag-slovenscina","tag-srbija","tag-srebrenica","tag-svet","tag-vojni-zlocini","tag-world"],"share_on_mastodon":{"url":"https:\/\/pubeurope.com\/@si\/117212665154864303","error":""},"_links":{"self":[{"href":"https:\/\/www.europesays.com\/si\/wp-json\/wp\/v2\/posts\/215471","targetHints":{"allow":["GET"]}}],"collection":[{"href":"https:\/\/www.europesays.com\/si\/wp-json\/wp\/v2\/posts"}],"about":[{"href":"https:\/\/www.europesays.com\/si\/wp-json\/wp\/v2\/types\/post"}],"author":[{"embeddable":true,"href":"https:\/\/www.europesays.com\/si\/wp-json\/wp\/v2\/users\/2"}],"replies":[{"embeddable":true,"href":"https:\/\/www.europesays.com\/si\/wp-json\/wp\/v2\/comments?post=215471"}],"version-history":[{"count":0,"href":"https:\/\/www.europesays.com\/si\/wp-json\/wp\/v2\/posts\/215471\/revisions"}],"wp:featuredmedia":[{"embeddable":true,"href":"https:\/\/www.europesays.com\/si\/wp-json\/wp\/v2\/media\/215472"}],"wp:attachment":[{"href":"https:\/\/www.europesays.com\/si\/wp-json\/wp\/v2\/media?parent=215471"}],"wp:term":[{"taxonomy":"category","embeddable":true,"href":"https:\/\/www.europesays.com\/si\/wp-json\/wp\/v2\/categories?post=215471"},{"taxonomy":"post_tag","embeddable":true,"href":"https:\/\/www.europesays.com\/si\/wp-json\/wp\/v2\/tags?post=215471"}],"curies":[{"name":"wp","href":"https:\/\/api.w.org\/{rel}","templated":true}]}}