{"id":215507,"date":"2026-09-04T12:30:12","date_gmt":"2026-09-04T12:30:12","guid":{"rendered":"https:\/\/www.europesays.com\/si\/215507\/"},"modified":"2026-09-04T12:30:12","modified_gmt":"2026-09-04T12:30:12","slug":"dron-je-avgusta-dvakrat-ogrozal-helikopter-ukc-med-intervencijo","status":"publish","type":"post","link":"https:\/\/www.europesays.com\/si\/215507\/","title":{"rendered":"Dron je avgusta dvakrat ogro\u017eal helikopter UKC med intervencijo"},"content":{"rendered":"<p>V zra\u010dno <a href=\"https:\/\/www.delo.si\/novice\/slovenija\/ministrstvo-od-bolnisnic-pricakuje-takojsnje-obvescanje-ob-okvari-heliportov\" target=\"_blank\" rel=\"nofollow noopener\">obmo\u010dje heliporta<\/a> Univerzitetnega klini\u010dnega centra (UKC) Ljubljana je med eno od intervencij avgusta dvakrat posegel srednje velik dron.<\/p>\n<p>S tem je ogro\u017eal helikopter, ki je zaklju\u010deval intervencijo, in tudi heliport, so sporo\u010dili iz UKC Ljubljana. Podobnih <a href=\"https:\/\/www.delo.si\/novice\/slovenija\/nevarna-igra-lahko-starse-spravi-v-zapor\" target=\"_blank\" rel=\"nofollow noopener\">incidentov<\/a> z droni je po njihovih navedbah na obmo\u010dju heliporta nekaj na leto.<\/p>\n<p>Ve\u010d o incidentu z dronom oz. brezpilotnim zrakoplovom ter o nevarnosti takega po\u010detja bodo na UKC Ljubljana pojasnili v torkovi izjavi za javnost, kjer bodo predstavili tudi ukrepe, ki jih na\u010drtujejo.<\/p>\n<p>\u00bbGre za ravnanja, ki so \u0161e posebej nevarna, medtem ko na heliportu te\u010de prilet ali odlet helikopterja med akcijo re\u0161evanja. Vsi nedovoljeni leti v zra\u010dnem prostoru heliporta so tudi kaznivi,\u00ab\u00a0so pojasnili v vabilu na torkovo izjavo.<\/p>\n<p>Kot so navedli, so dogodek prijavili pristojni Agenciji za civilno letalstvo in policiji. Pojasnila policije STA \u0161e \u010daka. Na UKC Ljubljana so ob tem opozorili \u0161e, da je nevarno in nedovoljeno tudi usmerjanje laserja v posadke helikopterja med letom.<\/p>\n<p>Na Policijski upravi Ljubljana so za STA pojasnili, da tako v primeru marca kot tudi v zadnjem primeru 23. avgusta \u00bbupravljavca nista bila izsledena\u00ab. Dodali so, da bi v primeru izsleditve storilca policija zbrala vsa potreba obvestila in dokaze, predlog za uvedbo postopka pa bi podali Agenciji za civilno letalstvo.<\/p>\n","protected":false},"excerpt":{"rendered":"V zra\u010dno obmo\u010dje heliporta Univerzitetnega klini\u010dnega centra (UKC) Ljubljana je med eno od intervencij avgusta dvakrat posegel srednje&hellip;\n","protected":false},"author":2,"featured_media":215508,"comment_status":"","ping_status":"","sticky":false,"template":"","format":"standard","meta":{"footnotes":"","_share_on_mastodon":"0"},"categories":[21],"tags":[52603,21382,3144,703,46109,124,1591,62,37,58,60,38,4391,15701,3047],"class_list":["post-215507","post","type-post","status-publish","format-standard","has-post-thumbnail","category-ljubljana","tag-agencija-za-civilno-letalstvo","tag-brezpilotni-zrakoplovi","tag-droni","tag-helikopter","tag-heliport","tag-ljubljana","tag-resevanje","tag-si","tag-slovene","tag-slovenia","tag-slovenija","tag-slovenscina","tag-ukc-ljubljana","tag-univerzitetni-klinicni-center-ljubljana","tag-zdravstvo"],"share_on_mastodon":{"url":"https:\/\/pubeurope.com\/@si\/117212782495209786","error":""},"_links":{"self":[{"href":"https:\/\/www.europesays.com\/si\/wp-json\/wp\/v2\/posts\/215507","targetHints":{"allow":["GET"]}}],"collection":[{"href":"https:\/\/www.europesays.com\/si\/wp-json\/wp\/v2\/posts"}],"about":[{"href":"https:\/\/www.europesays.com\/si\/wp-json\/wp\/v2\/types\/post"}],"author":[{"embeddable":true,"href":"https:\/\/www.europesays.com\/si\/wp-json\/wp\/v2\/users\/2"}],"replies":[{"embeddable":true,"href":"https:\/\/www.europesays.com\/si\/wp-json\/wp\/v2\/comments?post=215507"}],"version-history":[{"count":0,"href":"https:\/\/www.europesays.com\/si\/wp-json\/wp\/v2\/posts\/215507\/revisions"}],"wp:featuredmedia":[{"embeddable":true,"href":"https:\/\/www.europesays.com\/si\/wp-json\/wp\/v2\/media\/215508"}],"wp:attachment":[{"href":"https:\/\/www.europesays.com\/si\/wp-json\/wp\/v2\/media?parent=215507"}],"wp:term":[{"taxonomy":"category","embeddable":true,"href":"https:\/\/www.europesays.com\/si\/wp-json\/wp\/v2\/categories?post=215507"},{"taxonomy":"post_tag","embeddable":true,"href":"https:\/\/www.europesays.com\/si\/wp-json\/wp\/v2\/tags?post=215507"}],"curies":[{"name":"wp","href":"https:\/\/api.w.org\/{rel}","templated":true}]}}